{"id":967,"date":"2020-10-02T07:21:09","date_gmt":"2020-10-02T05:21:09","guid":{"rendered":"http:\/\/europa2velos.com\/?p=967"},"modified":"2020-10-02T07:24:50","modified_gmt":"2020-10-02T05:24:50","slug":"doslo-aux-lofoten","status":"publish","type":"post","link":"https:\/\/europa2velos.com\/index.php\/2020\/10\/02\/doslo-aux-lofoten\/","title":{"rendered":"D&#8217;Oslo aux Lofoten"},"content":{"rendered":"\n<figure class=\"wp-block-embed-youtube wp-block-embed is-type-video is-provider-youtube wp-embed-aspect-16-9 wp-has-aspect-ratio\"><div class=\"wp-block-embed__wrapper\">\n<iframe title=\"D&#039;Oslo aux Lofoten\" width=\"1104\" height=\"621\" src=\"https:\/\/www.youtube.com\/embed\/pX8RuAhgHwE?feature=oembed\" frameborder=\"0\" allow=\"accelerometer; autoplay; clipboard-write; encrypted-media; gyroscope; picture-in-picture\" allowfullscreen><\/iframe>\n<\/div><\/figure>\n\n\n\n<p>Les jours passent \u00e0 Oslo, en attendant que la fracture de Justin se r\u00e9pare \u2013 ce qui ne l\u2019emp\u00eache pas de risquer des exploits sportifs inattendus. Apr\u00e8s la coloc, nuit en cabane dans les bois, puis accueil sympathique de Louis et Pieter, qui pour finir nous laissent les cl\u00e9s de leur maison parce qu\u2019ils partent en week-end\u2026<\/p>\n\n\n\n<p>1&nbsp;200 kilom\u00e8tres de voyage en train jusqu\u2019\u00e0 Bod\u00f8, ensuite ferry jusqu\u2019\u00e0 Moskenes, le port du sud des \u00eeles Lofoten. Un nouveau climat nous attend, \u00e0 68\u00b0 de latitude Nord, donc un peu au-del\u00e0 du cercle polaire arctique \u2013 et la pluie va nous poursuivre partout. C\u2019est tout pr\u00e8s d\u2019ici qu\u2019on trouve le \u00ab&nbsp;Maelstrom&nbsp;\u00bb, fort courant craint par les marins\u2026 Mais nous pr\u00e9f\u00e9rons escalader les montagnes aux alentours.<\/p>\n","protected":false},"excerpt":{"rendered":"<p>24 ao\u00fbt \u2013 7 septembre 2020 : A la nage, dans les bois ou sous la pluie : toujours pr\u00eats !<\/p>\n","protected":false},"author":1,"featured_media":970,"comment_status":"open","ping_status":"open","sticky":false,"template":"","format":"standard","meta":[],"categories":[6],"tags":[],"yoast_head":"<!-- This site is optimized with the Yoast SEO plugin v14.0.4 - https:\/\/yoast.com\/wordpress\/plugins\/seo\/ -->\n<title>D&#039;Oslo aux Lofoten - Europa2velos<\/title>\n<meta name=\"description\" content=\"Oslo puis les \u00efles Lofoten, suite du tour d&#039;Europe \u00e0 v\u00e9lo de deux ados sur le th\u00e8me de la transition \u00e9cologique et de la citoyennet\u00e9 europ\u00e9enne.\" \/>\n<meta name=\"robots\" content=\"index, follow\" \/>\n<meta name=\"googlebot\" content=\"index, follow, max-snippet:-1, max-image-preview:large, max-video-preview:-1\" \/>\n<meta name=\"bingbot\" content=\"index, follow, max-snippet:-1, max-image-preview:large, max-video-preview:-1\" \/>\n<link rel=\"canonical\" href=\"http:\/\/europa2velos.com\/index.php\/2020\/10\/02\/doslo-aux-lofoten\/\" \/>\n<meta property=\"og:locale\" content=\"fr_FR\" \/>\n<meta property=\"og:type\" content=\"article\" \/>\n<meta property=\"og:title\" content=\"D&#039;Oslo aux Lofoten - Europa2velos\" \/>\n<meta property=\"og:description\" content=\"Oslo puis les \u00efles Lofoten, suite du tour d&#039;Europe \u00e0 v\u00e9lo de deux ados sur le th\u00e8me de la transition \u00e9cologique et de la citoyennet\u00e9 europ\u00e9enne.\" \/>\n<meta property=\"og:url\" content=\"http:\/\/europa2velos.com\/index.php\/2020\/10\/02\/doslo-aux-lofoten\/\" \/>\n<meta property=\"og:site_name\" content=\"Europa2velos\" \/>\n<meta property=\"article:published_time\" content=\"2020-10-02T05:21:09+00:00\" \/>\n<meta property=\"article:modified_time\" content=\"2020-10-02T05:24:50+00:00\" \/>\n<meta property=\"og:image\" content=\"http:\/\/europa2velos.com\/wp-content\/uploads\/2020\/10\/doslo-aux-lofoten.jpg\" \/>\n\t<meta property=\"og:image:width\" content=\"1280\" \/>\n\t<meta property=\"og:image:height\" content=\"720\" \/>\n<meta name=\"twitter:card\" content=\"summary_large_image\" \/>\n<script type=\"application\/ld+json\" class=\"yoast-schema-graph\">{\"@context\":\"https:\/\/schema.org\",\"@graph\":[{\"@type\":\"WebSite\",\"@id\":\"https:\/\/europa2velos.com\/#website\",\"url\":\"https:\/\/europa2velos.com\/\",\"name\":\"Europa2velos\",\"description\":\"Le tour d&#039;Europe \\u00e0 v\\u00e9lo de deux ados\",\"potentialAction\":[{\"@type\":\"SearchAction\",\"target\":\"https:\/\/europa2velos.com\/?s={search_term_string}\",\"query-input\":\"required name=search_term_string\"}],\"inLanguage\":\"fr-FR\"},{\"@type\":\"ImageObject\",\"@id\":\"http:\/\/europa2velos.com\/index.php\/2020\/10\/02\/doslo-aux-lofoten\/#primaryimage\",\"inLanguage\":\"fr-FR\",\"url\":\"https:\/\/europa2velos.com\/wp-content\/uploads\/2020\/10\/doslo-aux-lofoten.jpg\",\"width\":1280,\"height\":720},{\"@type\":\"WebPage\",\"@id\":\"http:\/\/europa2velos.com\/index.php\/2020\/10\/02\/doslo-aux-lofoten\/#webpage\",\"url\":\"http:\/\/europa2velos.com\/index.php\/2020\/10\/02\/doslo-aux-lofoten\/\",\"name\":\"D'Oslo aux Lofoten - Europa2velos\",\"isPartOf\":{\"@id\":\"https:\/\/europa2velos.com\/#website\"},\"primaryImageOfPage\":{\"@id\":\"http:\/\/europa2velos.com\/index.php\/2020\/10\/02\/doslo-aux-lofoten\/#primaryimage\"},\"datePublished\":\"2020-10-02T05:21:09+00:00\",\"dateModified\":\"2020-10-02T05:24:50+00:00\",\"author\":{\"@id\":\"https:\/\/europa2velos.com\/#\/schema\/person\/d5f282be03e5aec06ad6591da1af0324\"},\"description\":\"Oslo puis les \\u00efles Lofoten, suite du tour d'Europe \\u00e0 v\\u00e9lo de deux ados sur le th\\u00e8me de la transition \\u00e9cologique et de la citoyennet\\u00e9 europ\\u00e9enne.\",\"inLanguage\":\"fr-FR\",\"potentialAction\":[{\"@type\":\"ReadAction\",\"target\":[\"http:\/\/europa2velos.com\/index.php\/2020\/10\/02\/doslo-aux-lofoten\/\"]}]},{\"@type\":[\"Person\"],\"@id\":\"https:\/\/europa2velos.com\/#\/schema\/person\/d5f282be03e5aec06ad6591da1af0324\",\"name\":\"Europa2v\\u00e9los\",\"image\":{\"@type\":\"ImageObject\",\"@id\":\"https:\/\/europa2velos.com\/#personlogo\",\"inLanguage\":\"fr-FR\",\"url\":\"https:\/\/secure.gravatar.com\/avatar\/7e55f9fc671b5244d75c5978bf0e7c51?s=96&d=mm&r=g\",\"caption\":\"Europa2v\\u00e9los\"}}]}<\/script>\n<!-- \/ Yoast SEO plugin. -->","_links":{"self":[{"href":"https:\/\/europa2velos.com\/index.php\/wp-json\/wp\/v2\/posts\/967"}],"collection":[{"href":"https:\/\/europa2velos.com\/index.php\/wp-json\/wp\/v2\/posts"}],"about":[{"href":"https:\/\/europa2velos.com\/index.php\/wp-json\/wp\/v2\/types\/post"}],"author":[{"embeddable":true,"href":"https:\/\/europa2velos.com\/index.php\/wp-json\/wp\/v2\/users\/1"}],"replies":[{"embeddable":true,"href":"https:\/\/europa2velos.com\/index.php\/wp-json\/wp\/v2\/comments?post=967"}],"version-history":[{"count":3,"href":"https:\/\/europa2velos.com\/index.php\/wp-json\/wp\/v2\/posts\/967\/revisions"}],"predecessor-version":[{"id":972,"href":"https:\/\/europa2velos.com\/index.php\/wp-json\/wp\/v2\/posts\/967\/revisions\/972"}],"wp:featuredmedia":[{"embeddable":true,"href":"https:\/\/europa2velos.com\/index.php\/wp-json\/wp\/v2\/media\/970"}],"wp:attachment":[{"href":"https:\/\/europa2velos.com\/index.php\/wp-json\/wp\/v2\/media?parent=967"}],"wp:term":[{"taxonomy":"category","embeddable":true,"href":"https:\/\/europa2velos.com\/index.php\/wp-json\/wp\/v2\/categories?post=967"},{"taxonomy":"post_tag","embeddable":true,"href":"https:\/\/europa2velos.com\/index.php\/wp-json\/wp\/v2\/tags?post=967"}],"curies":[{"name":"wp","href":"https:\/\/api.w.org\/{rel}","templated":true}]}}