{"id":869,"date":"2020-09-16T19:16:06","date_gmt":"2020-09-16T17:16:06","guid":{"rendered":"http:\/\/europa2velos.com\/?p=869"},"modified":"2020-12-16T08:15:57","modified_gmt":"2020-12-16T07:15:57","slug":"parcours-semaine-8-2","status":"publish","type":"post","link":"https:\/\/europa2velos.com\/index.php\/2020\/09\/16\/parcours-semaine-8-2\/","title":{"rendered":"Parcours : semaine 8"},"content":{"rendered":"\n<figure class=\"wp-block-image size-large\"><img loading=\"lazy\" width=\"1024\" height=\"640\" src=\"http:\/\/europa2velos.com\/wp-content\/uploads\/2020\/09\/2020-09-09-a\u0300-15-A-1024x640.png\" alt=\"\" class=\"wp-image-870\" srcset=\"https:\/\/europa2velos.com\/wp-content\/uploads\/2020\/09\/2020-09-09-a\u0300-15-A-1024x640.png 1024w, https:\/\/europa2velos.com\/wp-content\/uploads\/2020\/09\/2020-09-09-a\u0300-15-A-300x188.png 300w, https:\/\/europa2velos.com\/wp-content\/uploads\/2020\/09\/2020-09-09-a\u0300-15-A-768x480.png 768w, https:\/\/europa2velos.com\/wp-content\/uploads\/2020\/09\/2020-09-09-a\u0300-15-A-1536x960.png 1536w, https:\/\/europa2velos.com\/wp-content\/uploads\/2020\/09\/2020-09-09-a\u0300-15-A-2048x1280.png 2048w\" sizes=\"(max-width: 1024px) 100vw, 1024px\" \/><\/figure>\n\n\n\n<p>Du mercredi 9 au mardi 15 septembre : Les Iles Lofoten (Norv\u00e8ge), 160 km de Reine au nord de Austvagoya. Au total, 1 310 km \u00e0 v\u00e9lo depuis le d\u00e9part.<\/p>\n\n\n\n<p><em><strong>Cartes quotidiennes, photos et journal de voyage de la semaine :<\/strong><\/em><\/p>\n\n\n\n<figure class=\"wp-block-image size-large\"><img loading=\"lazy\" width=\"1024\" height=\"640\" src=\"http:\/\/europa2velos.com\/wp-content\/uploads\/2020\/09\/2020-09-09-A-1024x640.png\" alt=\"\" class=\"wp-image-871\" srcset=\"https:\/\/europa2velos.com\/wp-content\/uploads\/2020\/09\/2020-09-09-A-1024x640.png 1024w, https:\/\/europa2velos.com\/wp-content\/uploads\/2020\/09\/2020-09-09-A-300x188.png 300w, https:\/\/europa2velos.com\/wp-content\/uploads\/2020\/09\/2020-09-09-A-768x480.png 768w, https:\/\/europa2velos.com\/wp-content\/uploads\/2020\/09\/2020-09-09-A-1536x960.png 1536w, https:\/\/europa2velos.com\/wp-content\/uploads\/2020\/09\/2020-09-09-A-2048x1280.png 2048w\" sizes=\"(max-width: 1024px) 100vw, 1024px\" \/><\/figure>\n\n\n\n<p>Mercredi 9 septembre : marches jusqu&#8217;\u00e0 la c\u00f4t\u00e9 Nord-Ouest, apr\u00e8s la travers\u00e9e en ferry  du fjord tr\u00e8s d\u00e9coup\u00e9 qui se d\u00e9ploie en trois bras depuis Reine&#8230;<\/p>\n\n\n\n<figure class=\"wp-block-image size-large\"><img loading=\"lazy\" width=\"1024\" height=\"768\" src=\"http:\/\/europa2velos.com\/wp-content\/uploads\/2020\/09\/2020-09-09_135648-1024x768.jpg\" alt=\"\" class=\"wp-image-872\" srcset=\"https:\/\/europa2velos.com\/wp-content\/uploads\/2020\/09\/2020-09-09_135648-1024x768.jpg 1024w, https:\/\/europa2velos.com\/wp-content\/uploads\/2020\/09\/2020-09-09_135648-300x225.jpg 300w, https:\/\/europa2velos.com\/wp-content\/uploads\/2020\/09\/2020-09-09_135648-768x576.jpg 768w, https:\/\/europa2velos.com\/wp-content\/uploads\/2020\/09\/2020-09-09_135648-1536x1152.jpg 1536w, https:\/\/europa2velos.com\/wp-content\/uploads\/2020\/09\/2020-09-09_135648-2048x1536.jpg 2048w\" sizes=\"(max-width: 1024px) 100vw, 1024px\" \/><\/figure>\n\n\n\n<figure class=\"wp-block-image size-large\"><img loading=\"lazy\" width=\"1024\" height=\"768\" src=\"http:\/\/europa2velos.com\/wp-content\/uploads\/2020\/09\/2020-09-09-1024x768.jpeg\" alt=\"\" class=\"wp-image-873\" srcset=\"https:\/\/europa2velos.com\/wp-content\/uploads\/2020\/09\/2020-09-09-1024x768.jpeg 1024w, https:\/\/europa2velos.com\/wp-content\/uploads\/2020\/09\/2020-09-09-300x225.jpeg 300w, https:\/\/europa2velos.com\/wp-content\/uploads\/2020\/09\/2020-09-09-768x576.jpeg 768w, https:\/\/europa2velos.com\/wp-content\/uploads\/2020\/09\/2020-09-09-1536x1152.jpeg 1536w, https:\/\/europa2velos.com\/wp-content\/uploads\/2020\/09\/2020-09-09-2048x1536.jpeg 2048w\" sizes=\"(max-width: 1024px) 100vw, 1024px\" \/><\/figure>\n\n\n\n<figure class=\"wp-block-image size-large\"><img loading=\"lazy\" width=\"1024\" height=\"768\" src=\"http:\/\/europa2velos.com\/wp-content\/uploads\/2020\/09\/2020-09-09-2-1024x768.jpeg\" alt=\"\" class=\"wp-image-874\" srcset=\"https:\/\/europa2velos.com\/wp-content\/uploads\/2020\/09\/2020-09-09-2-1024x768.jpeg 1024w, https:\/\/europa2velos.com\/wp-content\/uploads\/2020\/09\/2020-09-09-2-300x225.jpeg 300w, https:\/\/europa2velos.com\/wp-content\/uploads\/2020\/09\/2020-09-09-2-768x576.jpeg 768w, https:\/\/europa2velos.com\/wp-content\/uploads\/2020\/09\/2020-09-09-2-1536x1152.jpeg 1536w, https:\/\/europa2velos.com\/wp-content\/uploads\/2020\/09\/2020-09-09-2-2048x1536.jpeg 2048w\" sizes=\"(max-width: 1024px) 100vw, 1024px\" \/><\/figure>\n\n\n\n<figure class=\"wp-block-image size-large\"><img loading=\"lazy\" width=\"1024\" height=\"640\" src=\"http:\/\/europa2velos.com\/wp-content\/uploads\/2020\/09\/2020-09-10-A-1024x640.png\" alt=\"\" class=\"wp-image-875\" srcset=\"https:\/\/europa2velos.com\/wp-content\/uploads\/2020\/09\/2020-09-10-A-1024x640.png 1024w, https:\/\/europa2velos.com\/wp-content\/uploads\/2020\/09\/2020-09-10-A-300x188.png 300w, https:\/\/europa2velos.com\/wp-content\/uploads\/2020\/09\/2020-09-10-A-768x480.png 768w, https:\/\/europa2velos.com\/wp-content\/uploads\/2020\/09\/2020-09-10-A-1536x960.png 1536w, https:\/\/europa2velos.com\/wp-content\/uploads\/2020\/09\/2020-09-10-A-2048x1280.png 2048w\" sizes=\"(max-width: 1024px) 100vw, 1024px\" \/><\/figure>\n\n\n\n<p>Jeudi 10 septembre : sans son pl\u00e2tre, Justin peut reprendre le v\u00e9lo pour que nous allions de Reine vers le Nord-Est (Flakstadoya), toujours sous la pluie le plus souvent&#8230;<\/p>\n\n\n\n<figure class=\"wp-block-image size-large\"><img loading=\"lazy\" width=\"1024\" height=\"768\" src=\"http:\/\/europa2velos.com\/wp-content\/uploads\/2020\/09\/2020-09-10_145658-1024x768.jpg\" alt=\"\" class=\"wp-image-876\" srcset=\"https:\/\/europa2velos.com\/wp-content\/uploads\/2020\/09\/2020-09-10_145658-1024x768.jpg 1024w, https:\/\/europa2velos.com\/wp-content\/uploads\/2020\/09\/2020-09-10_145658-300x225.jpg 300w, https:\/\/europa2velos.com\/wp-content\/uploads\/2020\/09\/2020-09-10_145658-768x576.jpg 768w, https:\/\/europa2velos.com\/wp-content\/uploads\/2020\/09\/2020-09-10_145658-1536x1152.jpg 1536w, https:\/\/europa2velos.com\/wp-content\/uploads\/2020\/09\/2020-09-10_145658-2048x1536.jpg 2048w\" sizes=\"(max-width: 1024px) 100vw, 1024px\" \/><\/figure>\n\n\n\n<figure class=\"wp-block-image size-large\"><img loading=\"lazy\" width=\"1024\" height=\"640\" src=\"http:\/\/europa2velos.com\/wp-content\/uploads\/2020\/09\/2020-09-11-A-1024x640.png\" alt=\"\" class=\"wp-image-877\" srcset=\"https:\/\/europa2velos.com\/wp-content\/uploads\/2020\/09\/2020-09-11-A-1024x640.png 1024w, https:\/\/europa2velos.com\/wp-content\/uploads\/2020\/09\/2020-09-11-A-300x188.png 300w, https:\/\/europa2velos.com\/wp-content\/uploads\/2020\/09\/2020-09-11-A-768x480.png 768w, https:\/\/europa2velos.com\/wp-content\/uploads\/2020\/09\/2020-09-11-A-1536x960.png 1536w, https:\/\/europa2velos.com\/wp-content\/uploads\/2020\/09\/2020-09-11-A-2048x1280.png 2048w\" sizes=\"(max-width: 1024px) 100vw, 1024px\" \/><\/figure>\n\n\n\n<p>Vendredi 11 septembre : du nord de Flakstadoya  \u00e0 Bostad (Vestvagoy)<\/p>\n\n\n\n<figure class=\"wp-block-image size-large\"><img loading=\"lazy\" width=\"1024\" height=\"768\" src=\"http:\/\/europa2velos.com\/wp-content\/uploads\/2020\/09\/2020-09-11-matin-2-1024x768.jpeg\" alt=\"\" class=\"wp-image-879\" srcset=\"https:\/\/europa2velos.com\/wp-content\/uploads\/2020\/09\/2020-09-11-matin-2-1024x768.jpeg 1024w, https:\/\/europa2velos.com\/wp-content\/uploads\/2020\/09\/2020-09-11-matin-2-300x225.jpeg 300w, https:\/\/europa2velos.com\/wp-content\/uploads\/2020\/09\/2020-09-11-matin-2-768x576.jpeg 768w, https:\/\/europa2velos.com\/wp-content\/uploads\/2020\/09\/2020-09-11-matin-2-1536x1152.jpeg 1536w, https:\/\/europa2velos.com\/wp-content\/uploads\/2020\/09\/2020-09-11-matin-2-2048x1536.jpeg 2048w\" sizes=\"(max-width: 1024px) 100vw, 1024px\" \/><\/figure>\n\n\n\n<figure class=\"wp-block-image size-large\"><img loading=\"lazy\" width=\"1024\" height=\"640\" src=\"http:\/\/europa2velos.com\/wp-content\/uploads\/2020\/09\/2020-09-12-A-1024x640.png\" alt=\"\" class=\"wp-image-880\" srcset=\"https:\/\/europa2velos.com\/wp-content\/uploads\/2020\/09\/2020-09-12-A-1024x640.png 1024w, https:\/\/europa2velos.com\/wp-content\/uploads\/2020\/09\/2020-09-12-A-300x188.png 300w, https:\/\/europa2velos.com\/wp-content\/uploads\/2020\/09\/2020-09-12-A-768x480.png 768w, https:\/\/europa2velos.com\/wp-content\/uploads\/2020\/09\/2020-09-12-A-1536x960.png 1536w, https:\/\/europa2velos.com\/wp-content\/uploads\/2020\/09\/2020-09-12-A-2048x1280.png 2048w\" sizes=\"(max-width: 1024px) 100vw, 1024px\" \/><\/figure>\n\n\n\n<p>Samedi 12 septembre : plein Est vers Kleppstad&#8230; \u00e9claircies bienvenues !<\/p>\n\n\n\n<figure class=\"wp-block-image size-large\"><img loading=\"lazy\" width=\"1024\" height=\"768\" src=\"http:\/\/europa2velos.com\/wp-content\/uploads\/2020\/09\/2020-09-12-1-1024x768.jpeg\" alt=\"\" class=\"wp-image-881\" srcset=\"https:\/\/europa2velos.com\/wp-content\/uploads\/2020\/09\/2020-09-12-1-1024x768.jpeg 1024w, https:\/\/europa2velos.com\/wp-content\/uploads\/2020\/09\/2020-09-12-1-300x225.jpeg 300w, https:\/\/europa2velos.com\/wp-content\/uploads\/2020\/09\/2020-09-12-1-768x576.jpeg 768w, https:\/\/europa2velos.com\/wp-content\/uploads\/2020\/09\/2020-09-12-1-1536x1152.jpeg 1536w, https:\/\/europa2velos.com\/wp-content\/uploads\/2020\/09\/2020-09-12-1-2048x1536.jpeg 2048w\" sizes=\"(max-width: 1024px) 100vw, 1024px\" \/><\/figure>\n\n\n\n<figure class=\"wp-block-image size-large\"><img loading=\"lazy\" width=\"1024\" height=\"768\" src=\"http:\/\/europa2velos.com\/wp-content\/uploads\/2020\/09\/2020-09-12_151348-1024x768.jpg\" alt=\"\" class=\"wp-image-882\" srcset=\"https:\/\/europa2velos.com\/wp-content\/uploads\/2020\/09\/2020-09-12_151348-1024x768.jpg 1024w, https:\/\/europa2velos.com\/wp-content\/uploads\/2020\/09\/2020-09-12_151348-300x225.jpg 300w, https:\/\/europa2velos.com\/wp-content\/uploads\/2020\/09\/2020-09-12_151348-768x576.jpg 768w, https:\/\/europa2velos.com\/wp-content\/uploads\/2020\/09\/2020-09-12_151348-1536x1152.jpg 1536w, https:\/\/europa2velos.com\/wp-content\/uploads\/2020\/09\/2020-09-12_151348-2048x1536.jpg 2048w\" sizes=\"(max-width: 1024px) 100vw, 1024px\" \/><\/figure>\n\n\n\n<figure class=\"wp-block-image size-large\"><img loading=\"lazy\" width=\"1024\" height=\"640\" src=\"http:\/\/europa2velos.com\/wp-content\/uploads\/2020\/09\/2020-09-13-A-1024x640.png\" alt=\"\" class=\"wp-image-883\" srcset=\"https:\/\/europa2velos.com\/wp-content\/uploads\/2020\/09\/2020-09-13-A-1024x640.png 1024w, https:\/\/europa2velos.com\/wp-content\/uploads\/2020\/09\/2020-09-13-A-300x188.png 300w, https:\/\/europa2velos.com\/wp-content\/uploads\/2020\/09\/2020-09-13-A-768x480.png 768w, https:\/\/europa2velos.com\/wp-content\/uploads\/2020\/09\/2020-09-13-A-1536x960.png 1536w, https:\/\/europa2velos.com\/wp-content\/uploads\/2020\/09\/2020-09-13-A-2048x1280.png 2048w\" sizes=\"(max-width: 1024px) 100vw, 1024px\" \/><\/figure>\n\n\n\n<p>Dimanche 13 septembre : toujours vers l&#8217;Est, pour aller poser notre tente au pied des montagnes, pas tr\u00e8s loin de Svolvaer. Des effets de lumi\u00e8re incroyables.<\/p>\n\n\n\n<figure class=\"wp-block-image size-large\"><img loading=\"lazy\" width=\"1024\" height=\"750\" src=\"http:\/\/europa2velos.com\/wp-content\/uploads\/2020\/09\/2020-09-13-1-1024x750.jpeg\" alt=\"\" class=\"wp-image-884\" srcset=\"https:\/\/europa2velos.com\/wp-content\/uploads\/2020\/09\/2020-09-13-1-1024x750.jpeg 1024w, https:\/\/europa2velos.com\/wp-content\/uploads\/2020\/09\/2020-09-13-1-300x220.jpeg 300w, https:\/\/europa2velos.com\/wp-content\/uploads\/2020\/09\/2020-09-13-1-768x562.jpeg 768w, https:\/\/europa2velos.com\/wp-content\/uploads\/2020\/09\/2020-09-13-1.jpeg 1080w\" sizes=\"(max-width: 1024px) 100vw, 1024px\" \/><\/figure>\n\n\n\n<figure class=\"wp-block-image size-large\"><img loading=\"lazy\" width=\"1024\" height=\"768\" src=\"http:\/\/europa2velos.com\/wp-content\/uploads\/2020\/09\/2020-09-13_110654-1024x768.jpg\" alt=\"\" class=\"wp-image-885\" srcset=\"https:\/\/europa2velos.com\/wp-content\/uploads\/2020\/09\/2020-09-13_110654-1024x768.jpg 1024w, https:\/\/europa2velos.com\/wp-content\/uploads\/2020\/09\/2020-09-13_110654-300x225.jpg 300w, https:\/\/europa2velos.com\/wp-content\/uploads\/2020\/09\/2020-09-13_110654-768x576.jpg 768w, https:\/\/europa2velos.com\/wp-content\/uploads\/2020\/09\/2020-09-13_110654-1536x1152.jpg 1536w, https:\/\/europa2velos.com\/wp-content\/uploads\/2020\/09\/2020-09-13_110654-2048x1536.jpg 2048w\" sizes=\"(max-width: 1024px) 100vw, 1024px\" \/><\/figure>\n\n\n\n<figure class=\"wp-block-image size-large\"><img loading=\"lazy\" width=\"1024\" height=\"640\" src=\"http:\/\/europa2velos.com\/wp-content\/uploads\/2020\/09\/2020-09-14-A-1024x640.png\" alt=\"\" class=\"wp-image-886\" srcset=\"https:\/\/europa2velos.com\/wp-content\/uploads\/2020\/09\/2020-09-14-A-1024x640.png 1024w, https:\/\/europa2velos.com\/wp-content\/uploads\/2020\/09\/2020-09-14-A-300x188.png 300w, https:\/\/europa2velos.com\/wp-content\/uploads\/2020\/09\/2020-09-14-A-768x480.png 768w, https:\/\/europa2velos.com\/wp-content\/uploads\/2020\/09\/2020-09-14-A-1536x960.png 1536w, https:\/\/europa2velos.com\/wp-content\/uploads\/2020\/09\/2020-09-14-A-2048x1280.png 2048w\" sizes=\"(max-width: 1024px) 100vw, 1024px\" \/><\/figure>\n\n\n\n<p>Lundi 14 septembre : Circuit \u00e0 l&#8217;ouest puis au nord de Svolvaer.<\/p>\n\n\n\n<figure class=\"wp-block-image size-large\"><img loading=\"lazy\" width=\"1024\" height=\"768\" src=\"http:\/\/europa2velos.com\/wp-content\/uploads\/2020\/09\/2020-09-14_162657-1024x768.jpg\" alt=\"\" class=\"wp-image-887\" srcset=\"https:\/\/europa2velos.com\/wp-content\/uploads\/2020\/09\/2020-09-14_162657-1024x768.jpg 1024w, https:\/\/europa2velos.com\/wp-content\/uploads\/2020\/09\/2020-09-14_162657-300x225.jpg 300w, https:\/\/europa2velos.com\/wp-content\/uploads\/2020\/09\/2020-09-14_162657-768x576.jpg 768w, https:\/\/europa2velos.com\/wp-content\/uploads\/2020\/09\/2020-09-14_162657-1536x1152.jpg 1536w, https:\/\/europa2velos.com\/wp-content\/uploads\/2020\/09\/2020-09-14_162657-2048x1536.jpg 2048w\" sizes=\"(max-width: 1024px) 100vw, 1024px\" \/><\/figure>\n\n\n\n<figure class=\"wp-block-image size-large\"><img loading=\"lazy\" width=\"1024\" height=\"640\" src=\"http:\/\/europa2velos.com\/wp-content\/uploads\/2020\/09\/2020-09-15-A-1024x640.png\" alt=\"\" class=\"wp-image-888\" srcset=\"https:\/\/europa2velos.com\/wp-content\/uploads\/2020\/09\/2020-09-15-A-1024x640.png 1024w, https:\/\/europa2velos.com\/wp-content\/uploads\/2020\/09\/2020-09-15-A-300x188.png 300w, https:\/\/europa2velos.com\/wp-content\/uploads\/2020\/09\/2020-09-15-A-768x480.png 768w, https:\/\/europa2velos.com\/wp-content\/uploads\/2020\/09\/2020-09-15-A-1536x960.png 1536w, https:\/\/europa2velos.com\/wp-content\/uploads\/2020\/09\/2020-09-15-A-2048x1280.png 2048w\" sizes=\"(max-width: 1024px) 100vw, 1024px\" \/><\/figure>\n\n\n\n<p>Mardi 15 septembre :  apr\u00e8s un gros coup de vent et une petite d\u00e9chirure \u00e0 la tente qui nous a pas mal retard\u00e9, p nous continuons vers le Nord.<\/p>\n\n\n\n<figure class=\"wp-block-image size-large\"><img loading=\"lazy\" width=\"1024\" height=\"576\" src=\"http:\/\/europa2velos.com\/wp-content\/uploads\/2020\/09\/2020-09-15-1024x576.jpg\" alt=\"\" class=\"wp-image-891\" srcset=\"https:\/\/europa2velos.com\/wp-content\/uploads\/2020\/09\/2020-09-15-1024x576.jpg 1024w, https:\/\/europa2velos.com\/wp-content\/uploads\/2020\/09\/2020-09-15-300x169.jpg 300w, https:\/\/europa2velos.com\/wp-content\/uploads\/2020\/09\/2020-09-15-768x432.jpg 768w, https:\/\/europa2velos.com\/wp-content\/uploads\/2020\/09\/2020-09-15-1536x864.jpg 1536w, https:\/\/europa2velos.com\/wp-content\/uploads\/2020\/09\/2020-09-15-1104x621.jpg 1104w, https:\/\/europa2velos.com\/wp-content\/uploads\/2020\/09\/2020-09-15-366x205.jpg 366w, https:\/\/europa2velos.com\/wp-content\/uploads\/2020\/09\/2020-09-15-534x300.jpg 534w, https:\/\/europa2velos.com\/wp-content\/uploads\/2020\/09\/2020-09-15-165x92.jpg 165w, https:\/\/europa2velos.com\/wp-content\/uploads\/2020\/09\/2020-09-15-249x140.jpg 249w, https:\/\/europa2velos.com\/wp-content\/uploads\/2020\/09\/2020-09-15-232x130.jpg 232w, https:\/\/europa2velos.com\/wp-content\/uploads\/2020\/09\/2020-09-15-344x193.jpg 344w, https:\/\/europa2velos.com\/wp-content\/uploads\/2020\/09\/2020-09-15.jpg 1920w\" sizes=\"(max-width: 1024px) 100vw, 1024px\" \/><\/figure>\n","protected":false},"excerpt":{"rendered":"<p>du 9 au 15 septembre : Iles Lofoten, 160 km de Reine au nord de Austvagoya<\/p>\n","protected":false},"author":1,"featured_media":889,"comment_status":"open","ping_status":"open","sticky":false,"template":"","format":"standard","meta":[],"categories":[7],"tags":[],"yoast_head":"<!-- This site is optimized with the Yoast SEO plugin v14.0.4 - https:\/\/yoast.com\/wordpress\/plugins\/seo\/ -->\n<title>Parcours : semaine 8 - Europa2velos<\/title>\n<meta name=\"description\" content=\"Parcours de la 8\u00e8me semaine du tour d&#039;Europe \u00e0 v\u00e9lo de deux ados sur le th\u00e8me de la transition \u00e9cologique et de la citoyennet\u00e9 europ\u00e9enne : Lofoten.\" \/>\n<meta name=\"robots\" content=\"index, follow\" \/>\n<meta name=\"googlebot\" content=\"index, follow, max-snippet:-1, max-image-preview:large, max-video-preview:-1\" \/>\n<meta name=\"bingbot\" content=\"index, follow, max-snippet:-1, max-image-preview:large, max-video-preview:-1\" \/>\n<link rel=\"canonical\" href=\"http:\/\/europa2velos.com\/index.php\/2020\/09\/16\/parcours-semaine-8-2\/\" \/>\n<meta property=\"og:locale\" content=\"fr_FR\" \/>\n<meta property=\"og:type\" content=\"article\" \/>\n<meta property=\"og:title\" content=\"Parcours : semaine 8 - Europa2velos\" \/>\n<meta property=\"og:description\" content=\"Parcours de la 8\u00e8me semaine du tour d&#039;Europe \u00e0 v\u00e9lo de deux ados sur le th\u00e8me de la transition \u00e9cologique et de la citoyennet\u00e9 europ\u00e9enne : Lofoten.\" \/>\n<meta property=\"og:url\" content=\"http:\/\/europa2velos.com\/index.php\/2020\/09\/16\/parcours-semaine-8-2\/\" \/>\n<meta property=\"og:site_name\" content=\"Europa2velos\" \/>\n<meta property=\"article:published_time\" content=\"2020-09-16T17:16:06+00:00\" \/>\n<meta property=\"article:modified_time\" content=\"2020-12-16T07:15:57+00:00\" \/>\n<meta property=\"og:image\" content=\"http:\/\/europa2velos.com\/wp-content\/uploads\/2020\/09\/2020-09-09-a\u0300-15-A-1.png\" \/>\n\t<meta property=\"og:image:width\" content=\"3360\" \/>\n\t<meta property=\"og:image:height\" content=\"2100\" \/>\n<meta name=\"twitter:card\" content=\"summary_large_image\" \/>\n<script type=\"application\/ld+json\" class=\"yoast-schema-graph\">{\"@context\":\"https:\/\/schema.org\",\"@graph\":[{\"@type\":\"WebSite\",\"@id\":\"https:\/\/europa2velos.com\/#website\",\"url\":\"https:\/\/europa2velos.com\/\",\"name\":\"Europa2velos\",\"description\":\"Le tour d&#039;Europe \\u00e0 v\\u00e9lo de deux ados\",\"potentialAction\":[{\"@type\":\"SearchAction\",\"target\":\"https:\/\/europa2velos.com\/?s={search_term_string}\",\"query-input\":\"required name=search_term_string\"}],\"inLanguage\":\"fr-FR\"},{\"@type\":\"ImageObject\",\"@id\":\"http:\/\/europa2velos.com\/index.php\/2020\/09\/16\/parcours-semaine-8-2\/#primaryimage\",\"inLanguage\":\"fr-FR\",\"url\":\"https:\/\/europa2velos.com\/wp-content\/uploads\/2020\/09\/2020-09-09-a\\u0300-15-A-1.png\",\"width\":3360,\"height\":2100},{\"@type\":\"WebPage\",\"@id\":\"http:\/\/europa2velos.com\/index.php\/2020\/09\/16\/parcours-semaine-8-2\/#webpage\",\"url\":\"http:\/\/europa2velos.com\/index.php\/2020\/09\/16\/parcours-semaine-8-2\/\",\"name\":\"Parcours : semaine 8 - Europa2velos\",\"isPartOf\":{\"@id\":\"https:\/\/europa2velos.com\/#website\"},\"primaryImageOfPage\":{\"@id\":\"http:\/\/europa2velos.com\/index.php\/2020\/09\/16\/parcours-semaine-8-2\/#primaryimage\"},\"datePublished\":\"2020-09-16T17:16:06+00:00\",\"dateModified\":\"2020-12-16T07:15:57+00:00\",\"author\":{\"@id\":\"https:\/\/europa2velos.com\/#\/schema\/person\/d5f282be03e5aec06ad6591da1af0324\"},\"description\":\"Parcours de la 8\\u00e8me semaine du tour d'Europe \\u00e0 v\\u00e9lo de deux ados sur le th\\u00e8me de la transition \\u00e9cologique et de la citoyennet\\u00e9 europ\\u00e9enne : Lofoten.\",\"inLanguage\":\"fr-FR\",\"potentialAction\":[{\"@type\":\"ReadAction\",\"target\":[\"http:\/\/europa2velos.com\/index.php\/2020\/09\/16\/parcours-semaine-8-2\/\"]}]},{\"@type\":[\"Person\"],\"@id\":\"https:\/\/europa2velos.com\/#\/schema\/person\/d5f282be03e5aec06ad6591da1af0324\",\"name\":\"Europa2v\\u00e9los\",\"image\":{\"@type\":\"ImageObject\",\"@id\":\"https:\/\/europa2velos.com\/#personlogo\",\"inLanguage\":\"fr-FR\",\"url\":\"https:\/\/secure.gravatar.com\/avatar\/7e55f9fc671b5244d75c5978bf0e7c51?s=96&d=mm&r=g\",\"caption\":\"Europa2v\\u00e9los\"}}]}<\/script>\n<!-- \/ Yoast SEO plugin. -->","_links":{"self":[{"href":"https:\/\/europa2velos.com\/index.php\/wp-json\/wp\/v2\/posts\/869"}],"collection":[{"href":"https:\/\/europa2velos.com\/index.php\/wp-json\/wp\/v2\/posts"}],"about":[{"href":"https:\/\/europa2velos.com\/index.php\/wp-json\/wp\/v2\/types\/post"}],"author":[{"embeddable":true,"href":"https:\/\/europa2velos.com\/index.php\/wp-json\/wp\/v2\/users\/1"}],"replies":[{"embeddable":true,"href":"https:\/\/europa2velos.com\/index.php\/wp-json\/wp\/v2\/comments?post=869"}],"version-history":[{"count":5,"href":"https:\/\/europa2velos.com\/index.php\/wp-json\/wp\/v2\/posts\/869\/revisions"}],"predecessor-version":[{"id":1647,"href":"https:\/\/europa2velos.com\/index.php\/wp-json\/wp\/v2\/posts\/869\/revisions\/1647"}],"wp:featuredmedia":[{"embeddable":true,"href":"https:\/\/europa2velos.com\/index.php\/wp-json\/wp\/v2\/media\/889"}],"wp:attachment":[{"href":"https:\/\/europa2velos.com\/index.php\/wp-json\/wp\/v2\/media?parent=869"}],"wp:term":[{"taxonomy":"category","embeddable":true,"href":"https:\/\/europa2velos.com\/index.php\/wp-json\/wp\/v2\/categories?post=869"},{"taxonomy":"post_tag","embeddable":true,"href":"https:\/\/europa2velos.com\/index.php\/wp-json\/wp\/v2\/tags?post=869"}],"curies":[{"name":"wp","href":"https:\/\/api.w.org\/{rel}","templated":true}]}}