{"id":3654,"date":"2021-06-21T08:32:45","date_gmt":"2021-06-21T06:32:45","guid":{"rendered":"http:\/\/europa2velos.com\/?p=3654"},"modified":"2021-06-21T14:24:42","modified_gmt":"2021-06-21T12:24:42","slug":"parcours-semaine-48-le-retour","status":"publish","type":"post","link":"https:\/\/europa2velos.com\/index.php\/2021\/06\/21\/parcours-semaine-48-le-retour\/","title":{"rendered":"Parcours : semaine 48, le retour"},"content":{"rendered":"\n<figure class=\"wp-block-image size-large\"><img loading=\"lazy\" width=\"1024\" height=\"640\" src=\"http:\/\/europa2velos.com\/wp-content\/uploads\/2021\/06\/1-2021-06-16-a\u0300-19-A-1024x640.png\" alt=\"\" class=\"wp-image-3656\" srcset=\"https:\/\/europa2velos.com\/wp-content\/uploads\/2021\/06\/1-2021-06-16-a\u0300-19-A-1024x640.png 1024w, https:\/\/europa2velos.com\/wp-content\/uploads\/2021\/06\/1-2021-06-16-a\u0300-19-A-300x188.png 300w, https:\/\/europa2velos.com\/wp-content\/uploads\/2021\/06\/1-2021-06-16-a\u0300-19-A-768x480.png 768w, https:\/\/europa2velos.com\/wp-content\/uploads\/2021\/06\/1-2021-06-16-a\u0300-19-A-1536x960.png 1536w, https:\/\/europa2velos.com\/wp-content\/uploads\/2021\/06\/1-2021-06-16-a\u0300-19-A-2048x1280.png 2048w\" sizes=\"(max-width: 1024px) 100vw, 1024px\" \/><\/figure>\n\n\n\n<p>Du mercredi 16 au samedi 19 juin : de Montpellier \u00e0 Najac, les derniers kilom\u00e8tres et l\u2019arriv\u00e9e.<\/p>\n\n\n\n<p>Retour \u00e0 Najac \u2013 et La Bastide l\u2019\u00c9v\u00eaque \u2013 apr\u00e8s 333 jours de voyage, 12 000 km de v\u00e9lo et 25 pays travers\u00e9s.<\/p>\n\n\n\n<p><strong><em>Cartes, photos et journal de voyage&nbsp;:<\/em><\/strong><strong><em><\/em><\/strong><\/p>\n\n\n\n<p>Vendredi 18 juin&nbsp;: apr\u00e8s une halte le jeudi soir chez Nathalie, une coll\u00e8gue de la maman de Justin, qui nous accueille au dernier moment (merci Nathalie&nbsp;!) \u00e0 cause de l\u2019orage et d\u2019une pluie qui nous aurait rappel\u00e9 les Lofoten, nous allons jusqu\u2019\u00e0 Rieupeyroux, o\u00f9 Justin retrouve sa grand-m\u00e8re et son grand-p\u00e8re paternels. Anne-So, la maman d\u2019Elio nous rejoint pour serrer Elio dans ses bras et Yoanis, son petit-fr\u00e8re, est l\u00e0 aussi&nbsp;: avec Cl\u00e9ment et Damien, \u00e7a fait cinq gar\u00e7ons pleins d\u2019app\u00e9tit pour un d\u00eener sous le tilleul, aussi bon et g\u00e9n\u00e9reux que convivial.<\/p>\n\n\n\n<figure class=\"wp-block-image size-large\"><img loading=\"lazy\" width=\"1024\" height=\"576\" src=\"http:\/\/europa2velos.com\/wp-content\/uploads\/2021\/06\/Capture-de\u0301cran-2021-06-20-a\u0300-06.54.15-1024x576.jpg\" alt=\"\" class=\"wp-image-3657\" srcset=\"https:\/\/europa2velos.com\/wp-content\/uploads\/2021\/06\/Capture-de\u0301cran-2021-06-20-a\u0300-06.54.15-1024x576.jpg 1024w, https:\/\/europa2velos.com\/wp-content\/uploads\/2021\/06\/Capture-de\u0301cran-2021-06-20-a\u0300-06.54.15-300x169.jpg 300w, https:\/\/europa2velos.com\/wp-content\/uploads\/2021\/06\/Capture-de\u0301cran-2021-06-20-a\u0300-06.54.15-768x432.jpg 768w, https:\/\/europa2velos.com\/wp-content\/uploads\/2021\/06\/Capture-de\u0301cran-2021-06-20-a\u0300-06.54.15-1536x864.jpg 1536w, https:\/\/europa2velos.com\/wp-content\/uploads\/2021\/06\/Capture-de\u0301cran-2021-06-20-a\u0300-06.54.15-2048x1152.jpg 2048w, https:\/\/europa2velos.com\/wp-content\/uploads\/2021\/06\/Capture-de\u0301cran-2021-06-20-a\u0300-06.54.15-1104x621.jpg 1104w, https:\/\/europa2velos.com\/wp-content\/uploads\/2021\/06\/Capture-de\u0301cran-2021-06-20-a\u0300-06.54.15-366x205.jpg 366w, https:\/\/europa2velos.com\/wp-content\/uploads\/2021\/06\/Capture-de\u0301cran-2021-06-20-a\u0300-06.54.15-534x300.jpg 534w, https:\/\/europa2velos.com\/wp-content\/uploads\/2021\/06\/Capture-de\u0301cran-2021-06-20-a\u0300-06.54.15-165x92.jpg 165w, https:\/\/europa2velos.com\/wp-content\/uploads\/2021\/06\/Capture-de\u0301cran-2021-06-20-a\u0300-06.54.15-249x140.jpg 249w, https:\/\/europa2velos.com\/wp-content\/uploads\/2021\/06\/Capture-de\u0301cran-2021-06-20-a\u0300-06.54.15-232x130.jpg 232w, https:\/\/europa2velos.com\/wp-content\/uploads\/2021\/06\/Capture-de\u0301cran-2021-06-20-a\u0300-06.54.15-344x193.jpg 344w\" sizes=\"(max-width: 1024px) 100vw, 1024px\" \/><figcaption>Retrouver&#8230;<\/figcaption><\/figure>\n\n\n\n<figure class=\"wp-block-image size-large\"><img loading=\"lazy\" width=\"1024\" height=\"576\" src=\"http:\/\/europa2velos.com\/wp-content\/uploads\/2021\/06\/Capture-de\u0301cran-2021-06-20-a\u0300-06.55.28-1024x576.jpg\" alt=\"\" class=\"wp-image-3658\" srcset=\"https:\/\/europa2velos.com\/wp-content\/uploads\/2021\/06\/Capture-de\u0301cran-2021-06-20-a\u0300-06.55.28-1024x576.jpg 1024w, https:\/\/europa2velos.com\/wp-content\/uploads\/2021\/06\/Capture-de\u0301cran-2021-06-20-a\u0300-06.55.28-300x169.jpg 300w, https:\/\/europa2velos.com\/wp-content\/uploads\/2021\/06\/Capture-de\u0301cran-2021-06-20-a\u0300-06.55.28-768x432.jpg 768w, https:\/\/europa2velos.com\/wp-content\/uploads\/2021\/06\/Capture-de\u0301cran-2021-06-20-a\u0300-06.55.28-1536x864.jpg 1536w, https:\/\/europa2velos.com\/wp-content\/uploads\/2021\/06\/Capture-de\u0301cran-2021-06-20-a\u0300-06.55.28-2048x1152.jpg 2048w, https:\/\/europa2velos.com\/wp-content\/uploads\/2021\/06\/Capture-de\u0301cran-2021-06-20-a\u0300-06.55.28-1104x621.jpg 1104w, https:\/\/europa2velos.com\/wp-content\/uploads\/2021\/06\/Capture-de\u0301cran-2021-06-20-a\u0300-06.55.28-366x205.jpg 366w, https:\/\/europa2velos.com\/wp-content\/uploads\/2021\/06\/Capture-de\u0301cran-2021-06-20-a\u0300-06.55.28-534x300.jpg 534w, https:\/\/europa2velos.com\/wp-content\/uploads\/2021\/06\/Capture-de\u0301cran-2021-06-20-a\u0300-06.55.28-165x92.jpg 165w, https:\/\/europa2velos.com\/wp-content\/uploads\/2021\/06\/Capture-de\u0301cran-2021-06-20-a\u0300-06.55.28-249x140.jpg 249w, https:\/\/europa2velos.com\/wp-content\/uploads\/2021\/06\/Capture-de\u0301cran-2021-06-20-a\u0300-06.55.28-232x130.jpg 232w, https:\/\/europa2velos.com\/wp-content\/uploads\/2021\/06\/Capture-de\u0301cran-2021-06-20-a\u0300-06.55.28-344x193.jpg 344w\" sizes=\"(max-width: 1024px) 100vw, 1024px\" \/><figcaption>&#8230;l&#8217;Aveyron<\/figcaption><\/figure>\n\n\n\n<figure class=\"wp-block-image size-large\"><img loading=\"lazy\" width=\"1024\" height=\"576\" src=\"http:\/\/europa2velos.com\/wp-content\/uploads\/2021\/06\/Capture-de\u0301cran-2021-06-20-a\u0300-06.56.30-1024x576.jpg\" alt=\"\" class=\"wp-image-3659\" srcset=\"https:\/\/europa2velos.com\/wp-content\/uploads\/2021\/06\/Capture-de\u0301cran-2021-06-20-a\u0300-06.56.30-1024x576.jpg 1024w, https:\/\/europa2velos.com\/wp-content\/uploads\/2021\/06\/Capture-de\u0301cran-2021-06-20-a\u0300-06.56.30-300x169.jpg 300w, https:\/\/europa2velos.com\/wp-content\/uploads\/2021\/06\/Capture-de\u0301cran-2021-06-20-a\u0300-06.56.30-768x432.jpg 768w, https:\/\/europa2velos.com\/wp-content\/uploads\/2021\/06\/Capture-de\u0301cran-2021-06-20-a\u0300-06.56.30-1536x864.jpg 1536w, https:\/\/europa2velos.com\/wp-content\/uploads\/2021\/06\/Capture-de\u0301cran-2021-06-20-a\u0300-06.56.30-2048x1152.jpg 2048w, https:\/\/europa2velos.com\/wp-content\/uploads\/2021\/06\/Capture-de\u0301cran-2021-06-20-a\u0300-06.56.30-1104x621.jpg 1104w, https:\/\/europa2velos.com\/wp-content\/uploads\/2021\/06\/Capture-de\u0301cran-2021-06-20-a\u0300-06.56.30-366x205.jpg 366w, https:\/\/europa2velos.com\/wp-content\/uploads\/2021\/06\/Capture-de\u0301cran-2021-06-20-a\u0300-06.56.30-534x300.jpg 534w, https:\/\/europa2velos.com\/wp-content\/uploads\/2021\/06\/Capture-de\u0301cran-2021-06-20-a\u0300-06.56.30-165x92.jpg 165w, https:\/\/europa2velos.com\/wp-content\/uploads\/2021\/06\/Capture-de\u0301cran-2021-06-20-a\u0300-06.56.30-249x140.jpg 249w, https:\/\/europa2velos.com\/wp-content\/uploads\/2021\/06\/Capture-de\u0301cran-2021-06-20-a\u0300-06.56.30-232x130.jpg 232w, https:\/\/europa2velos.com\/wp-content\/uploads\/2021\/06\/Capture-de\u0301cran-2021-06-20-a\u0300-06.56.30-344x193.jpg 344w\" sizes=\"(max-width: 1024px) 100vw, 1024px\" \/><figcaption>On arrive chez Mamyvette !<\/figcaption><\/figure>\n\n\n\n<figure class=\"wp-block-image size-large\"><img loading=\"lazy\" width=\"1024\" height=\"576\" src=\"http:\/\/europa2velos.com\/wp-content\/uploads\/2021\/06\/Capture-de\u0301cran-2021-06-21-a\u0300-01.58.25-1024x576.jpg\" alt=\"\" class=\"wp-image-3660\" srcset=\"https:\/\/europa2velos.com\/wp-content\/uploads\/2021\/06\/Capture-de\u0301cran-2021-06-21-a\u0300-01.58.25-1024x576.jpg 1024w, https:\/\/europa2velos.com\/wp-content\/uploads\/2021\/06\/Capture-de\u0301cran-2021-06-21-a\u0300-01.58.25-300x169.jpg 300w, https:\/\/europa2velos.com\/wp-content\/uploads\/2021\/06\/Capture-de\u0301cran-2021-06-21-a\u0300-01.58.25-768x432.jpg 768w, https:\/\/europa2velos.com\/wp-content\/uploads\/2021\/06\/Capture-de\u0301cran-2021-06-21-a\u0300-01.58.25-1536x864.jpg 1536w, https:\/\/europa2velos.com\/wp-content\/uploads\/2021\/06\/Capture-de\u0301cran-2021-06-21-a\u0300-01.58.25-2048x1152.jpg 2048w, https:\/\/europa2velos.com\/wp-content\/uploads\/2021\/06\/Capture-de\u0301cran-2021-06-21-a\u0300-01.58.25-1104x621.jpg 1104w, https:\/\/europa2velos.com\/wp-content\/uploads\/2021\/06\/Capture-de\u0301cran-2021-06-21-a\u0300-01.58.25-366x205.jpg 366w, https:\/\/europa2velos.com\/wp-content\/uploads\/2021\/06\/Capture-de\u0301cran-2021-06-21-a\u0300-01.58.25-534x300.jpg 534w, https:\/\/europa2velos.com\/wp-content\/uploads\/2021\/06\/Capture-de\u0301cran-2021-06-21-a\u0300-01.58.25-165x92.jpg 165w, https:\/\/europa2velos.com\/wp-content\/uploads\/2021\/06\/Capture-de\u0301cran-2021-06-21-a\u0300-01.58.25-249x140.jpg 249w, https:\/\/europa2velos.com\/wp-content\/uploads\/2021\/06\/Capture-de\u0301cran-2021-06-21-a\u0300-01.58.25-232x130.jpg 232w, https:\/\/europa2velos.com\/wp-content\/uploads\/2021\/06\/Capture-de\u0301cran-2021-06-21-a\u0300-01.58.25-344x193.jpg 344w\" sizes=\"(max-width: 1024px) 100vw, 1024px\" \/><\/figure>\n\n\n\n<figure class=\"wp-block-image size-large\"><img loading=\"lazy\" width=\"1024\" height=\"576\" src=\"http:\/\/europa2velos.com\/wp-content\/uploads\/2021\/06\/Capture-de\u0301cran-2021-06-21-a\u0300-01.59.57-1024x576.jpg\" alt=\"\" class=\"wp-image-3661\" srcset=\"https:\/\/europa2velos.com\/wp-content\/uploads\/2021\/06\/Capture-de\u0301cran-2021-06-21-a\u0300-01.59.57-1024x576.jpg 1024w, https:\/\/europa2velos.com\/wp-content\/uploads\/2021\/06\/Capture-de\u0301cran-2021-06-21-a\u0300-01.59.57-300x169.jpg 300w, https:\/\/europa2velos.com\/wp-content\/uploads\/2021\/06\/Capture-de\u0301cran-2021-06-21-a\u0300-01.59.57-768x432.jpg 768w, https:\/\/europa2velos.com\/wp-content\/uploads\/2021\/06\/Capture-de\u0301cran-2021-06-21-a\u0300-01.59.57-1536x864.jpg 1536w, https:\/\/europa2velos.com\/wp-content\/uploads\/2021\/06\/Capture-de\u0301cran-2021-06-21-a\u0300-01.59.57-2048x1152.jpg 2048w, https:\/\/europa2velos.com\/wp-content\/uploads\/2021\/06\/Capture-de\u0301cran-2021-06-21-a\u0300-01.59.57-1104x621.jpg 1104w, https:\/\/europa2velos.com\/wp-content\/uploads\/2021\/06\/Capture-de\u0301cran-2021-06-21-a\u0300-01.59.57-366x205.jpg 366w, https:\/\/europa2velos.com\/wp-content\/uploads\/2021\/06\/Capture-de\u0301cran-2021-06-21-a\u0300-01.59.57-534x300.jpg 534w, https:\/\/europa2velos.com\/wp-content\/uploads\/2021\/06\/Capture-de\u0301cran-2021-06-21-a\u0300-01.59.57-165x92.jpg 165w, https:\/\/europa2velos.com\/wp-content\/uploads\/2021\/06\/Capture-de\u0301cran-2021-06-21-a\u0300-01.59.57-249x140.jpg 249w, https:\/\/europa2velos.com\/wp-content\/uploads\/2021\/06\/Capture-de\u0301cran-2021-06-21-a\u0300-01.59.57-232x130.jpg 232w, https:\/\/europa2velos.com\/wp-content\/uploads\/2021\/06\/Capture-de\u0301cran-2021-06-21-a\u0300-01.59.57-344x193.jpg 344w\" sizes=\"(max-width: 1024px) 100vw, 1024px\" \/><\/figure>\n\n\n\n<figure class=\"wp-block-image size-large\"><img loading=\"lazy\" width=\"1024\" height=\"576\" src=\"http:\/\/europa2velos.com\/wp-content\/uploads\/2021\/06\/Capture-de\u0301cran-2021-06-21-a\u0300-01.59.58-1024x576.jpg\" alt=\"\" class=\"wp-image-3662\" srcset=\"https:\/\/europa2velos.com\/wp-content\/uploads\/2021\/06\/Capture-de\u0301cran-2021-06-21-a\u0300-01.59.58-1024x576.jpg 1024w, https:\/\/europa2velos.com\/wp-content\/uploads\/2021\/06\/Capture-de\u0301cran-2021-06-21-a\u0300-01.59.58-300x169.jpg 300w, https:\/\/europa2velos.com\/wp-content\/uploads\/2021\/06\/Capture-de\u0301cran-2021-06-21-a\u0300-01.59.58-768x432.jpg 768w, https:\/\/europa2velos.com\/wp-content\/uploads\/2021\/06\/Capture-de\u0301cran-2021-06-21-a\u0300-01.59.58-1536x864.jpg 1536w, https:\/\/europa2velos.com\/wp-content\/uploads\/2021\/06\/Capture-de\u0301cran-2021-06-21-a\u0300-01.59.58-2048x1152.jpg 2048w, https:\/\/europa2velos.com\/wp-content\/uploads\/2021\/06\/Capture-de\u0301cran-2021-06-21-a\u0300-01.59.58-1104x621.jpg 1104w, https:\/\/europa2velos.com\/wp-content\/uploads\/2021\/06\/Capture-de\u0301cran-2021-06-21-a\u0300-01.59.58-366x205.jpg 366w, https:\/\/europa2velos.com\/wp-content\/uploads\/2021\/06\/Capture-de\u0301cran-2021-06-21-a\u0300-01.59.58-534x300.jpg 534w, https:\/\/europa2velos.com\/wp-content\/uploads\/2021\/06\/Capture-de\u0301cran-2021-06-21-a\u0300-01.59.58-165x92.jpg 165w, https:\/\/europa2velos.com\/wp-content\/uploads\/2021\/06\/Capture-de\u0301cran-2021-06-21-a\u0300-01.59.58-249x140.jpg 249w, https:\/\/europa2velos.com\/wp-content\/uploads\/2021\/06\/Capture-de\u0301cran-2021-06-21-a\u0300-01.59.58-232x130.jpg 232w, https:\/\/europa2velos.com\/wp-content\/uploads\/2021\/06\/Capture-de\u0301cran-2021-06-21-a\u0300-01.59.58-344x193.jpg 344w\" sizes=\"(max-width: 1024px) 100vw, 1024px\" \/><\/figure>\n\n\n\n<figure class=\"wp-block-image size-large\"><img loading=\"lazy\" width=\"1024\" height=\"576\" src=\"http:\/\/europa2velos.com\/wp-content\/uploads\/2021\/06\/Capture-de\u0301cran-2021-06-21-a\u0300-02.01.08-1024x576.jpg\" alt=\"\" class=\"wp-image-3663\" srcset=\"https:\/\/europa2velos.com\/wp-content\/uploads\/2021\/06\/Capture-de\u0301cran-2021-06-21-a\u0300-02.01.08-1024x576.jpg 1024w, https:\/\/europa2velos.com\/wp-content\/uploads\/2021\/06\/Capture-de\u0301cran-2021-06-21-a\u0300-02.01.08-300x169.jpg 300w, https:\/\/europa2velos.com\/wp-content\/uploads\/2021\/06\/Capture-de\u0301cran-2021-06-21-a\u0300-02.01.08-768x432.jpg 768w, https:\/\/europa2velos.com\/wp-content\/uploads\/2021\/06\/Capture-de\u0301cran-2021-06-21-a\u0300-02.01.08-1536x864.jpg 1536w, https:\/\/europa2velos.com\/wp-content\/uploads\/2021\/06\/Capture-de\u0301cran-2021-06-21-a\u0300-02.01.08-2048x1152.jpg 2048w, https:\/\/europa2velos.com\/wp-content\/uploads\/2021\/06\/Capture-de\u0301cran-2021-06-21-a\u0300-02.01.08-1104x621.jpg 1104w, https:\/\/europa2velos.com\/wp-content\/uploads\/2021\/06\/Capture-de\u0301cran-2021-06-21-a\u0300-02.01.08-366x205.jpg 366w, https:\/\/europa2velos.com\/wp-content\/uploads\/2021\/06\/Capture-de\u0301cran-2021-06-21-a\u0300-02.01.08-534x300.jpg 534w, https:\/\/europa2velos.com\/wp-content\/uploads\/2021\/06\/Capture-de\u0301cran-2021-06-21-a\u0300-02.01.08-165x92.jpg 165w, https:\/\/europa2velos.com\/wp-content\/uploads\/2021\/06\/Capture-de\u0301cran-2021-06-21-a\u0300-02.01.08-249x140.jpg 249w, https:\/\/europa2velos.com\/wp-content\/uploads\/2021\/06\/Capture-de\u0301cran-2021-06-21-a\u0300-02.01.08-232x130.jpg 232w, https:\/\/europa2velos.com\/wp-content\/uploads\/2021\/06\/Capture-de\u0301cran-2021-06-21-a\u0300-02.01.08-344x193.jpg 344w\" sizes=\"(max-width: 1024px) 100vw, 1024px\" \/><\/figure>\n\n\n\n<figure class=\"wp-block-image size-large\"><img loading=\"lazy\" width=\"1024\" height=\"576\" src=\"http:\/\/europa2velos.com\/wp-content\/uploads\/2021\/06\/Capture-de\u0301cran-2021-06-21-a\u0300-02.01.09-1024x576.jpg\" alt=\"\" class=\"wp-image-3664\" srcset=\"https:\/\/europa2velos.com\/wp-content\/uploads\/2021\/06\/Capture-de\u0301cran-2021-06-21-a\u0300-02.01.09-1024x576.jpg 1024w, https:\/\/europa2velos.com\/wp-content\/uploads\/2021\/06\/Capture-de\u0301cran-2021-06-21-a\u0300-02.01.09-300x169.jpg 300w, https:\/\/europa2velos.com\/wp-content\/uploads\/2021\/06\/Capture-de\u0301cran-2021-06-21-a\u0300-02.01.09-768x432.jpg 768w, https:\/\/europa2velos.com\/wp-content\/uploads\/2021\/06\/Capture-de\u0301cran-2021-06-21-a\u0300-02.01.09-1536x864.jpg 1536w, https:\/\/europa2velos.com\/wp-content\/uploads\/2021\/06\/Capture-de\u0301cran-2021-06-21-a\u0300-02.01.09-2048x1152.jpg 2048w, https:\/\/europa2velos.com\/wp-content\/uploads\/2021\/06\/Capture-de\u0301cran-2021-06-21-a\u0300-02.01.09-1104x621.jpg 1104w, https:\/\/europa2velos.com\/wp-content\/uploads\/2021\/06\/Capture-de\u0301cran-2021-06-21-a\u0300-02.01.09-366x205.jpg 366w, https:\/\/europa2velos.com\/wp-content\/uploads\/2021\/06\/Capture-de\u0301cran-2021-06-21-a\u0300-02.01.09-534x300.jpg 534w, https:\/\/europa2velos.com\/wp-content\/uploads\/2021\/06\/Capture-de\u0301cran-2021-06-21-a\u0300-02.01.09-165x92.jpg 165w, https:\/\/europa2velos.com\/wp-content\/uploads\/2021\/06\/Capture-de\u0301cran-2021-06-21-a\u0300-02.01.09-249x140.jpg 249w, https:\/\/europa2velos.com\/wp-content\/uploads\/2021\/06\/Capture-de\u0301cran-2021-06-21-a\u0300-02.01.09-232x130.jpg 232w, https:\/\/europa2velos.com\/wp-content\/uploads\/2021\/06\/Capture-de\u0301cran-2021-06-21-a\u0300-02.01.09-344x193.jpg 344w\" sizes=\"(max-width: 1024px) 100vw, 1024px\" \/><\/figure>\n\n\n\n<figure class=\"wp-block-image size-large\"><img loading=\"lazy\" width=\"1024\" height=\"671\" src=\"http:\/\/europa2velos.com\/wp-content\/uploads\/2021\/06\/Capture-de\u0301cran-2021-06-21-a\u0300-02.01.10-1024x671.jpg\" alt=\"\" class=\"wp-image-3665\" srcset=\"https:\/\/europa2velos.com\/wp-content\/uploads\/2021\/06\/Capture-de\u0301cran-2021-06-21-a\u0300-02.01.10-1024x671.jpg 1024w, https:\/\/europa2velos.com\/wp-content\/uploads\/2021\/06\/Capture-de\u0301cran-2021-06-21-a\u0300-02.01.10-300x197.jpg 300w, https:\/\/europa2velos.com\/wp-content\/uploads\/2021\/06\/Capture-de\u0301cran-2021-06-21-a\u0300-02.01.10-768x504.jpg 768w, https:\/\/europa2velos.com\/wp-content\/uploads\/2021\/06\/Capture-de\u0301cran-2021-06-21-a\u0300-02.01.10-1536x1007.jpg 1536w, https:\/\/europa2velos.com\/wp-content\/uploads\/2021\/06\/Capture-de\u0301cran-2021-06-21-a\u0300-02.01.10-2048x1343.jpg 2048w, https:\/\/europa2velos.com\/wp-content\/uploads\/2021\/06\/Capture-de\u0301cran-2021-06-21-a\u0300-02.01.10-76x50.jpg 76w, https:\/\/europa2velos.com\/wp-content\/uploads\/2021\/06\/Capture-de\u0301cran-2021-06-21-a\u0300-02.01.10-123x82.jpg 123w, https:\/\/europa2velos.com\/wp-content\/uploads\/2021\/06\/Capture-de\u0301cran-2021-06-21-a\u0300-02.01.10-83x55.jpg 83w, https:\/\/europa2velos.com\/wp-content\/uploads\/2021\/06\/Capture-de\u0301cran-2021-06-21-a\u0300-02.01.10-125x83.jpg 125w\" sizes=\"(max-width: 1024px) 100vw, 1024px\" \/><\/figure>\n\n\n\n<p>Samedi 19 juin, 333<sup>\u00e8me<\/sup> jour depuis le d\u00e9part, c\u2019est l\u2019arriv\u00e9e. Rendez-vous d\u2019abord avec les familles et quelques amis cyclistes pour faire ensemble les 20 derniers kilom\u00e8tres. Des retrouvailles plus qu\u2019\u00e9mues, mais surtout joyeuses. Un bout de route et c\u2019est \u00e0 Najac qu\u2019on retrouve tous ceux qui sont venus pour nous accueillir\u2026<\/p>\n\n\n\n<figure class=\"wp-block-image size-large\"><img loading=\"lazy\" width=\"1024\" height=\"576\" src=\"http:\/\/europa2velos.com\/wp-content\/uploads\/2021\/06\/Capture-de\u0301cran-2021-06-21-a\u0300-02.01.15-1024x576.jpg\" alt=\"\" class=\"wp-image-3666\" srcset=\"https:\/\/europa2velos.com\/wp-content\/uploads\/2021\/06\/Capture-de\u0301cran-2021-06-21-a\u0300-02.01.15-1024x576.jpg 1024w, https:\/\/europa2velos.com\/wp-content\/uploads\/2021\/06\/Capture-de\u0301cran-2021-06-21-a\u0300-02.01.15-300x169.jpg 300w, https:\/\/europa2velos.com\/wp-content\/uploads\/2021\/06\/Capture-de\u0301cran-2021-06-21-a\u0300-02.01.15-768x432.jpg 768w, https:\/\/europa2velos.com\/wp-content\/uploads\/2021\/06\/Capture-de\u0301cran-2021-06-21-a\u0300-02.01.15-1536x864.jpg 1536w, https:\/\/europa2velos.com\/wp-content\/uploads\/2021\/06\/Capture-de\u0301cran-2021-06-21-a\u0300-02.01.15-2048x1152.jpg 2048w, https:\/\/europa2velos.com\/wp-content\/uploads\/2021\/06\/Capture-de\u0301cran-2021-06-21-a\u0300-02.01.15-1104x621.jpg 1104w, https:\/\/europa2velos.com\/wp-content\/uploads\/2021\/06\/Capture-de\u0301cran-2021-06-21-a\u0300-02.01.15-366x205.jpg 366w, https:\/\/europa2velos.com\/wp-content\/uploads\/2021\/06\/Capture-de\u0301cran-2021-06-21-a\u0300-02.01.15-534x300.jpg 534w, https:\/\/europa2velos.com\/wp-content\/uploads\/2021\/06\/Capture-de\u0301cran-2021-06-21-a\u0300-02.01.15-165x92.jpg 165w, https:\/\/europa2velos.com\/wp-content\/uploads\/2021\/06\/Capture-de\u0301cran-2021-06-21-a\u0300-02.01.15-249x140.jpg 249w, https:\/\/europa2velos.com\/wp-content\/uploads\/2021\/06\/Capture-de\u0301cran-2021-06-21-a\u0300-02.01.15-232x130.jpg 232w, https:\/\/europa2velos.com\/wp-content\/uploads\/2021\/06\/Capture-de\u0301cran-2021-06-21-a\u0300-02.01.15-344x193.jpg 344w\" sizes=\"(max-width: 1024px) 100vw, 1024px\" \/><figcaption>Lison<\/figcaption><\/figure>\n\n\n\n<figure class=\"wp-block-image size-large\"><img loading=\"lazy\" width=\"1024\" height=\"576\" src=\"http:\/\/europa2velos.com\/wp-content\/uploads\/2021\/06\/Capture-de\u0301cran-2021-06-21-a\u0300-02.01.41-1024x576.jpg\" alt=\"\" class=\"wp-image-3667\" srcset=\"https:\/\/europa2velos.com\/wp-content\/uploads\/2021\/06\/Capture-de\u0301cran-2021-06-21-a\u0300-02.01.41-1024x576.jpg 1024w, https:\/\/europa2velos.com\/wp-content\/uploads\/2021\/06\/Capture-de\u0301cran-2021-06-21-a\u0300-02.01.41-300x169.jpg 300w, https:\/\/europa2velos.com\/wp-content\/uploads\/2021\/06\/Capture-de\u0301cran-2021-06-21-a\u0300-02.01.41-768x432.jpg 768w, https:\/\/europa2velos.com\/wp-content\/uploads\/2021\/06\/Capture-de\u0301cran-2021-06-21-a\u0300-02.01.41-1536x864.jpg 1536w, https:\/\/europa2velos.com\/wp-content\/uploads\/2021\/06\/Capture-de\u0301cran-2021-06-21-a\u0300-02.01.41-2048x1152.jpg 2048w, https:\/\/europa2velos.com\/wp-content\/uploads\/2021\/06\/Capture-de\u0301cran-2021-06-21-a\u0300-02.01.41-1104x621.jpg 1104w, https:\/\/europa2velos.com\/wp-content\/uploads\/2021\/06\/Capture-de\u0301cran-2021-06-21-a\u0300-02.01.41-366x205.jpg 366w, https:\/\/europa2velos.com\/wp-content\/uploads\/2021\/06\/Capture-de\u0301cran-2021-06-21-a\u0300-02.01.41-534x300.jpg 534w, https:\/\/europa2velos.com\/wp-content\/uploads\/2021\/06\/Capture-de\u0301cran-2021-06-21-a\u0300-02.01.41-165x92.jpg 165w, https:\/\/europa2velos.com\/wp-content\/uploads\/2021\/06\/Capture-de\u0301cran-2021-06-21-a\u0300-02.01.41-249x140.jpg 249w, https:\/\/europa2velos.com\/wp-content\/uploads\/2021\/06\/Capture-de\u0301cran-2021-06-21-a\u0300-02.01.41-232x130.jpg 232w, https:\/\/europa2velos.com\/wp-content\/uploads\/2021\/06\/Capture-de\u0301cran-2021-06-21-a\u0300-02.01.41-344x193.jpg 344w\" sizes=\"(max-width: 1024px) 100vw, 1024px\" \/><figcaption>Maman<\/figcaption><\/figure>\n\n\n\n<figure class=\"wp-block-image size-large\"><img loading=\"lazy\" width=\"1024\" height=\"576\" src=\"http:\/\/europa2velos.com\/wp-content\/uploads\/2021\/06\/Capture-de\u0301cran-2021-06-21-a\u0300-02.02.27-1024x576.jpg\" alt=\"\" class=\"wp-image-3668\" srcset=\"https:\/\/europa2velos.com\/wp-content\/uploads\/2021\/06\/Capture-de\u0301cran-2021-06-21-a\u0300-02.02.27-1024x576.jpg 1024w, https:\/\/europa2velos.com\/wp-content\/uploads\/2021\/06\/Capture-de\u0301cran-2021-06-21-a\u0300-02.02.27-300x169.jpg 300w, https:\/\/europa2velos.com\/wp-content\/uploads\/2021\/06\/Capture-de\u0301cran-2021-06-21-a\u0300-02.02.27-768x432.jpg 768w, https:\/\/europa2velos.com\/wp-content\/uploads\/2021\/06\/Capture-de\u0301cran-2021-06-21-a\u0300-02.02.27-1536x864.jpg 1536w, https:\/\/europa2velos.com\/wp-content\/uploads\/2021\/06\/Capture-de\u0301cran-2021-06-21-a\u0300-02.02.27-2048x1152.jpg 2048w, https:\/\/europa2velos.com\/wp-content\/uploads\/2021\/06\/Capture-de\u0301cran-2021-06-21-a\u0300-02.02.27-1104x621.jpg 1104w, https:\/\/europa2velos.com\/wp-content\/uploads\/2021\/06\/Capture-de\u0301cran-2021-06-21-a\u0300-02.02.27-366x205.jpg 366w, https:\/\/europa2velos.com\/wp-content\/uploads\/2021\/06\/Capture-de\u0301cran-2021-06-21-a\u0300-02.02.27-534x300.jpg 534w, https:\/\/europa2velos.com\/wp-content\/uploads\/2021\/06\/Capture-de\u0301cran-2021-06-21-a\u0300-02.02.27-165x92.jpg 165w, https:\/\/europa2velos.com\/wp-content\/uploads\/2021\/06\/Capture-de\u0301cran-2021-06-21-a\u0300-02.02.27-249x140.jpg 249w, https:\/\/europa2velos.com\/wp-content\/uploads\/2021\/06\/Capture-de\u0301cran-2021-06-21-a\u0300-02.02.27-232x130.jpg 232w, https:\/\/europa2velos.com\/wp-content\/uploads\/2021\/06\/Capture-de\u0301cran-2021-06-21-a\u0300-02.02.27-344x193.jpg 344w\" sizes=\"(max-width: 1024px) 100vw, 1024px\" \/><figcaption>Papa<\/figcaption><\/figure>\n\n\n\n<figure class=\"wp-block-image size-large is-resized\"><img loading=\"lazy\" src=\"http:\/\/europa2velos.com\/wp-content\/uploads\/2021\/06\/Capture-de\u0301cran-2021-06-21-a\u0300-02.04.21-1024x576.jpg\" alt=\"\" class=\"wp-image-3669\" width=\"798\" height=\"448\" srcset=\"https:\/\/europa2velos.com\/wp-content\/uploads\/2021\/06\/Capture-de\u0301cran-2021-06-21-a\u0300-02.04.21-1024x576.jpg 1024w, https:\/\/europa2velos.com\/wp-content\/uploads\/2021\/06\/Capture-de\u0301cran-2021-06-21-a\u0300-02.04.21-300x169.jpg 300w, https:\/\/europa2velos.com\/wp-content\/uploads\/2021\/06\/Capture-de\u0301cran-2021-06-21-a\u0300-02.04.21-768x432.jpg 768w, https:\/\/europa2velos.com\/wp-content\/uploads\/2021\/06\/Capture-de\u0301cran-2021-06-21-a\u0300-02.04.21-1536x864.jpg 1536w, https:\/\/europa2velos.com\/wp-content\/uploads\/2021\/06\/Capture-de\u0301cran-2021-06-21-a\u0300-02.04.21-2048x1152.jpg 2048w, https:\/\/europa2velos.com\/wp-content\/uploads\/2021\/06\/Capture-de\u0301cran-2021-06-21-a\u0300-02.04.21-1104x621.jpg 1104w, https:\/\/europa2velos.com\/wp-content\/uploads\/2021\/06\/Capture-de\u0301cran-2021-06-21-a\u0300-02.04.21-366x205.jpg 366w, https:\/\/europa2velos.com\/wp-content\/uploads\/2021\/06\/Capture-de\u0301cran-2021-06-21-a\u0300-02.04.21-534x300.jpg 534w, https:\/\/europa2velos.com\/wp-content\/uploads\/2021\/06\/Capture-de\u0301cran-2021-06-21-a\u0300-02.04.21-165x92.jpg 165w, https:\/\/europa2velos.com\/wp-content\/uploads\/2021\/06\/Capture-de\u0301cran-2021-06-21-a\u0300-02.04.21-249x140.jpg 249w, https:\/\/europa2velos.com\/wp-content\/uploads\/2021\/06\/Capture-de\u0301cran-2021-06-21-a\u0300-02.04.21-232x130.jpg 232w, https:\/\/europa2velos.com\/wp-content\/uploads\/2021\/06\/Capture-de\u0301cran-2021-06-21-a\u0300-02.04.21-344x193.jpg 344w\" sizes=\"(max-width: 798px) 100vw, 798px\" \/><figcaption>Marius<\/figcaption><\/figure>\n\n\n\n<figure class=\"wp-block-image size-large\"><img loading=\"lazy\" width=\"1024\" height=\"576\" src=\"http:\/\/europa2velos.com\/wp-content\/uploads\/2021\/06\/Capture-de\u0301cran-2021-06-21-a\u0300-02.06.27-1024x576.jpg\" alt=\"\" class=\"wp-image-3670\" srcset=\"https:\/\/europa2velos.com\/wp-content\/uploads\/2021\/06\/Capture-de\u0301cran-2021-06-21-a\u0300-02.06.27-1024x576.jpg 1024w, https:\/\/europa2velos.com\/wp-content\/uploads\/2021\/06\/Capture-de\u0301cran-2021-06-21-a\u0300-02.06.27-300x169.jpg 300w, https:\/\/europa2velos.com\/wp-content\/uploads\/2021\/06\/Capture-de\u0301cran-2021-06-21-a\u0300-02.06.27-768x432.jpg 768w, https:\/\/europa2velos.com\/wp-content\/uploads\/2021\/06\/Capture-de\u0301cran-2021-06-21-a\u0300-02.06.27-1536x864.jpg 1536w, https:\/\/europa2velos.com\/wp-content\/uploads\/2021\/06\/Capture-de\u0301cran-2021-06-21-a\u0300-02.06.27-2048x1152.jpg 2048w, https:\/\/europa2velos.com\/wp-content\/uploads\/2021\/06\/Capture-de\u0301cran-2021-06-21-a\u0300-02.06.27-1104x621.jpg 1104w, https:\/\/europa2velos.com\/wp-content\/uploads\/2021\/06\/Capture-de\u0301cran-2021-06-21-a\u0300-02.06.27-366x205.jpg 366w, https:\/\/europa2velos.com\/wp-content\/uploads\/2021\/06\/Capture-de\u0301cran-2021-06-21-a\u0300-02.06.27-534x300.jpg 534w, https:\/\/europa2velos.com\/wp-content\/uploads\/2021\/06\/Capture-de\u0301cran-2021-06-21-a\u0300-02.06.27-165x92.jpg 165w, https:\/\/europa2velos.com\/wp-content\/uploads\/2021\/06\/Capture-de\u0301cran-2021-06-21-a\u0300-02.06.27-249x140.jpg 249w, https:\/\/europa2velos.com\/wp-content\/uploads\/2021\/06\/Capture-de\u0301cran-2021-06-21-a\u0300-02.06.27-232x130.jpg 232w, https:\/\/europa2velos.com\/wp-content\/uploads\/2021\/06\/Capture-de\u0301cran-2021-06-21-a\u0300-02.06.27-344x193.jpg 344w\" sizes=\"(max-width: 1024px) 100vw, 1024px\" \/><figcaption>Ma\u00eflis<\/figcaption><\/figure>\n\n\n\n<figure class=\"wp-block-image size-large\"><img loading=\"lazy\" width=\"1024\" height=\"576\" src=\"http:\/\/europa2velos.com\/wp-content\/uploads\/2021\/06\/Capture-de\u0301cran-2021-06-21-a\u0300-02.07.33-1024x576.jpg\" alt=\"\" class=\"wp-image-3671\" srcset=\"https:\/\/europa2velos.com\/wp-content\/uploads\/2021\/06\/Capture-de\u0301cran-2021-06-21-a\u0300-02.07.33-1024x576.jpg 1024w, https:\/\/europa2velos.com\/wp-content\/uploads\/2021\/06\/Capture-de\u0301cran-2021-06-21-a\u0300-02.07.33-300x169.jpg 300w, https:\/\/europa2velos.com\/wp-content\/uploads\/2021\/06\/Capture-de\u0301cran-2021-06-21-a\u0300-02.07.33-768x432.jpg 768w, https:\/\/europa2velos.com\/wp-content\/uploads\/2021\/06\/Capture-de\u0301cran-2021-06-21-a\u0300-02.07.33-1536x864.jpg 1536w, https:\/\/europa2velos.com\/wp-content\/uploads\/2021\/06\/Capture-de\u0301cran-2021-06-21-a\u0300-02.07.33-2048x1152.jpg 2048w, https:\/\/europa2velos.com\/wp-content\/uploads\/2021\/06\/Capture-de\u0301cran-2021-06-21-a\u0300-02.07.33-1104x621.jpg 1104w, https:\/\/europa2velos.com\/wp-content\/uploads\/2021\/06\/Capture-de\u0301cran-2021-06-21-a\u0300-02.07.33-366x205.jpg 366w, https:\/\/europa2velos.com\/wp-content\/uploads\/2021\/06\/Capture-de\u0301cran-2021-06-21-a\u0300-02.07.33-534x300.jpg 534w, https:\/\/europa2velos.com\/wp-content\/uploads\/2021\/06\/Capture-de\u0301cran-2021-06-21-a\u0300-02.07.33-165x92.jpg 165w, https:\/\/europa2velos.com\/wp-content\/uploads\/2021\/06\/Capture-de\u0301cran-2021-06-21-a\u0300-02.07.33-249x140.jpg 249w, https:\/\/europa2velos.com\/wp-content\/uploads\/2021\/06\/Capture-de\u0301cran-2021-06-21-a\u0300-02.07.33-232x130.jpg 232w, https:\/\/europa2velos.com\/wp-content\/uploads\/2021\/06\/Capture-de\u0301cran-2021-06-21-a\u0300-02.07.33-344x193.jpg 344w\" sizes=\"(max-width: 1024px) 100vw, 1024px\" \/><figcaption>C\u00e9lia<\/figcaption><\/figure>\n\n\n\n<figure class=\"wp-block-image size-large\"><img loading=\"lazy\" width=\"1024\" height=\"576\" src=\"http:\/\/europa2velos.com\/wp-content\/uploads\/2021\/06\/Capture-de\u0301cran-2021-06-21-a\u0300-02.09.01-1024x576.jpg\" alt=\"\" class=\"wp-image-3672\" srcset=\"https:\/\/europa2velos.com\/wp-content\/uploads\/2021\/06\/Capture-de\u0301cran-2021-06-21-a\u0300-02.09.01-1024x576.jpg 1024w, https:\/\/europa2velos.com\/wp-content\/uploads\/2021\/06\/Capture-de\u0301cran-2021-06-21-a\u0300-02.09.01-300x169.jpg 300w, https:\/\/europa2velos.com\/wp-content\/uploads\/2021\/06\/Capture-de\u0301cran-2021-06-21-a\u0300-02.09.01-768x432.jpg 768w, https:\/\/europa2velos.com\/wp-content\/uploads\/2021\/06\/Capture-de\u0301cran-2021-06-21-a\u0300-02.09.01-1536x864.jpg 1536w, https:\/\/europa2velos.com\/wp-content\/uploads\/2021\/06\/Capture-de\u0301cran-2021-06-21-a\u0300-02.09.01-2048x1152.jpg 2048w, https:\/\/europa2velos.com\/wp-content\/uploads\/2021\/06\/Capture-de\u0301cran-2021-06-21-a\u0300-02.09.01-1104x621.jpg 1104w, https:\/\/europa2velos.com\/wp-content\/uploads\/2021\/06\/Capture-de\u0301cran-2021-06-21-a\u0300-02.09.01-366x205.jpg 366w, https:\/\/europa2velos.com\/wp-content\/uploads\/2021\/06\/Capture-de\u0301cran-2021-06-21-a\u0300-02.09.01-534x300.jpg 534w, https:\/\/europa2velos.com\/wp-content\/uploads\/2021\/06\/Capture-de\u0301cran-2021-06-21-a\u0300-02.09.01-165x92.jpg 165w, https:\/\/europa2velos.com\/wp-content\/uploads\/2021\/06\/Capture-de\u0301cran-2021-06-21-a\u0300-02.09.01-249x140.jpg 249w, https:\/\/europa2velos.com\/wp-content\/uploads\/2021\/06\/Capture-de\u0301cran-2021-06-21-a\u0300-02.09.01-232x130.jpg 232w, https:\/\/europa2velos.com\/wp-content\/uploads\/2021\/06\/Capture-de\u0301cran-2021-06-21-a\u0300-02.09.01-344x193.jpg 344w\" sizes=\"(max-width: 1024px) 100vw, 1024px\" \/><\/figure>\n\n\n\n<figure class=\"wp-block-image size-large\"><img loading=\"lazy\" width=\"1024\" height=\"576\" src=\"http:\/\/europa2velos.com\/wp-content\/uploads\/2021\/06\/Capture-de\u0301cran-2021-06-21-a\u0300-02.10.09Capture-de\u0301cran-2021-06-21-a\u0300-02.10.09-1024x576.jpg\" alt=\"\" class=\"wp-image-3673\" srcset=\"https:\/\/europa2velos.com\/wp-content\/uploads\/2021\/06\/Capture-de\u0301cran-2021-06-21-a\u0300-02.10.09Capture-de\u0301cran-2021-06-21-a\u0300-02.10.09-1024x576.jpg 1024w, https:\/\/europa2velos.com\/wp-content\/uploads\/2021\/06\/Capture-de\u0301cran-2021-06-21-a\u0300-02.10.09Capture-de\u0301cran-2021-06-21-a\u0300-02.10.09-300x169.jpg 300w, https:\/\/europa2velos.com\/wp-content\/uploads\/2021\/06\/Capture-de\u0301cran-2021-06-21-a\u0300-02.10.09Capture-de\u0301cran-2021-06-21-a\u0300-02.10.09-768x432.jpg 768w, https:\/\/europa2velos.com\/wp-content\/uploads\/2021\/06\/Capture-de\u0301cran-2021-06-21-a\u0300-02.10.09Capture-de\u0301cran-2021-06-21-a\u0300-02.10.09-1536x864.jpg 1536w, https:\/\/europa2velos.com\/wp-content\/uploads\/2021\/06\/Capture-de\u0301cran-2021-06-21-a\u0300-02.10.09Capture-de\u0301cran-2021-06-21-a\u0300-02.10.09-2048x1152.jpg 2048w, https:\/\/europa2velos.com\/wp-content\/uploads\/2021\/06\/Capture-de\u0301cran-2021-06-21-a\u0300-02.10.09Capture-de\u0301cran-2021-06-21-a\u0300-02.10.09-1104x621.jpg 1104w, https:\/\/europa2velos.com\/wp-content\/uploads\/2021\/06\/Capture-de\u0301cran-2021-06-21-a\u0300-02.10.09Capture-de\u0301cran-2021-06-21-a\u0300-02.10.09-366x205.jpg 366w, https:\/\/europa2velos.com\/wp-content\/uploads\/2021\/06\/Capture-de\u0301cran-2021-06-21-a\u0300-02.10.09Capture-de\u0301cran-2021-06-21-a\u0300-02.10.09-534x300.jpg 534w, https:\/\/europa2velos.com\/wp-content\/uploads\/2021\/06\/Capture-de\u0301cran-2021-06-21-a\u0300-02.10.09Capture-de\u0301cran-2021-06-21-a\u0300-02.10.09-165x92.jpg 165w, https:\/\/europa2velos.com\/wp-content\/uploads\/2021\/06\/Capture-de\u0301cran-2021-06-21-a\u0300-02.10.09Capture-de\u0301cran-2021-06-21-a\u0300-02.10.09-249x140.jpg 249w, https:\/\/europa2velos.com\/wp-content\/uploads\/2021\/06\/Capture-de\u0301cran-2021-06-21-a\u0300-02.10.09Capture-de\u0301cran-2021-06-21-a\u0300-02.10.09-232x130.jpg 232w, https:\/\/europa2velos.com\/wp-content\/uploads\/2021\/06\/Capture-de\u0301cran-2021-06-21-a\u0300-02.10.09Capture-de\u0301cran-2021-06-21-a\u0300-02.10.09-344x193.jpg 344w\" sizes=\"(max-width: 1024px) 100vw, 1024px\" \/><\/figure>\n\n\n\n<figure class=\"wp-block-image size-large\"><img loading=\"lazy\" width=\"1024\" height=\"576\" src=\"http:\/\/europa2velos.com\/wp-content\/uploads\/2021\/06\/Capture-de\u0301cran-2021-06-21-a\u0300-02.10.57-1024x576.jpg\" alt=\"\" class=\"wp-image-3674\" srcset=\"https:\/\/europa2velos.com\/wp-content\/uploads\/2021\/06\/Capture-de\u0301cran-2021-06-21-a\u0300-02.10.57-1024x576.jpg 1024w, https:\/\/europa2velos.com\/wp-content\/uploads\/2021\/06\/Capture-de\u0301cran-2021-06-21-a\u0300-02.10.57-300x169.jpg 300w, https:\/\/europa2velos.com\/wp-content\/uploads\/2021\/06\/Capture-de\u0301cran-2021-06-21-a\u0300-02.10.57-768x432.jpg 768w, https:\/\/europa2velos.com\/wp-content\/uploads\/2021\/06\/Capture-de\u0301cran-2021-06-21-a\u0300-02.10.57-1536x864.jpg 1536w, https:\/\/europa2velos.com\/wp-content\/uploads\/2021\/06\/Capture-de\u0301cran-2021-06-21-a\u0300-02.10.57-2048x1152.jpg 2048w, https:\/\/europa2velos.com\/wp-content\/uploads\/2021\/06\/Capture-de\u0301cran-2021-06-21-a\u0300-02.10.57-1104x621.jpg 1104w, https:\/\/europa2velos.com\/wp-content\/uploads\/2021\/06\/Capture-de\u0301cran-2021-06-21-a\u0300-02.10.57-366x205.jpg 366w, https:\/\/europa2velos.com\/wp-content\/uploads\/2021\/06\/Capture-de\u0301cran-2021-06-21-a\u0300-02.10.57-534x300.jpg 534w, https:\/\/europa2velos.com\/wp-content\/uploads\/2021\/06\/Capture-de\u0301cran-2021-06-21-a\u0300-02.10.57-165x92.jpg 165w, https:\/\/europa2velos.com\/wp-content\/uploads\/2021\/06\/Capture-de\u0301cran-2021-06-21-a\u0300-02.10.57-249x140.jpg 249w, https:\/\/europa2velos.com\/wp-content\/uploads\/2021\/06\/Capture-de\u0301cran-2021-06-21-a\u0300-02.10.57-232x130.jpg 232w, https:\/\/europa2velos.com\/wp-content\/uploads\/2021\/06\/Capture-de\u0301cran-2021-06-21-a\u0300-02.10.57-344x193.jpg 344w\" sizes=\"(max-width: 1024px) 100vw, 1024px\" \/><\/figure>\n\n\n\n<figure class=\"wp-block-image size-large\"><img loading=\"lazy\" width=\"1024\" height=\"576\" src=\"http:\/\/europa2velos.com\/wp-content\/uploads\/2021\/06\/Capture-de\u0301cran-2021-06-21-a\u0300-02.13.27-1024x576.jpg\" alt=\"\" class=\"wp-image-3675\" srcset=\"https:\/\/europa2velos.com\/wp-content\/uploads\/2021\/06\/Capture-de\u0301cran-2021-06-21-a\u0300-02.13.27-1024x576.jpg 1024w, https:\/\/europa2velos.com\/wp-content\/uploads\/2021\/06\/Capture-de\u0301cran-2021-06-21-a\u0300-02.13.27-300x169.jpg 300w, https:\/\/europa2velos.com\/wp-content\/uploads\/2021\/06\/Capture-de\u0301cran-2021-06-21-a\u0300-02.13.27-768x432.jpg 768w, https:\/\/europa2velos.com\/wp-content\/uploads\/2021\/06\/Capture-de\u0301cran-2021-06-21-a\u0300-02.13.27-1536x864.jpg 1536w, https:\/\/europa2velos.com\/wp-content\/uploads\/2021\/06\/Capture-de\u0301cran-2021-06-21-a\u0300-02.13.27-2048x1152.jpg 2048w, https:\/\/europa2velos.com\/wp-content\/uploads\/2021\/06\/Capture-de\u0301cran-2021-06-21-a\u0300-02.13.27-1104x621.jpg 1104w, https:\/\/europa2velos.com\/wp-content\/uploads\/2021\/06\/Capture-de\u0301cran-2021-06-21-a\u0300-02.13.27-366x205.jpg 366w, https:\/\/europa2velos.com\/wp-content\/uploads\/2021\/06\/Capture-de\u0301cran-2021-06-21-a\u0300-02.13.27-534x300.jpg 534w, https:\/\/europa2velos.com\/wp-content\/uploads\/2021\/06\/Capture-de\u0301cran-2021-06-21-a\u0300-02.13.27-165x92.jpg 165w, https:\/\/europa2velos.com\/wp-content\/uploads\/2021\/06\/Capture-de\u0301cran-2021-06-21-a\u0300-02.13.27-249x140.jpg 249w, https:\/\/europa2velos.com\/wp-content\/uploads\/2021\/06\/Capture-de\u0301cran-2021-06-21-a\u0300-02.13.27-232x130.jpg 232w, https:\/\/europa2velos.com\/wp-content\/uploads\/2021\/06\/Capture-de\u0301cran-2021-06-21-a\u0300-02.13.27-344x193.jpg 344w\" sizes=\"(max-width: 1024px) 100vw, 1024px\" \/><figcaption>Les cousins (1)<\/figcaption><\/figure>\n\n\n\n<figure class=\"wp-block-image size-large\"><img loading=\"lazy\" width=\"1024\" height=\"576\" src=\"http:\/\/europa2velos.com\/wp-content\/uploads\/2021\/06\/Capture-de\u0301cran-2021-06-21-a\u0300-02.14.37-1024x576.jpg\" alt=\"\" class=\"wp-image-3678\" srcset=\"https:\/\/europa2velos.com\/wp-content\/uploads\/2021\/06\/Capture-de\u0301cran-2021-06-21-a\u0300-02.14.37-1024x576.jpg 1024w, https:\/\/europa2velos.com\/wp-content\/uploads\/2021\/06\/Capture-de\u0301cran-2021-06-21-a\u0300-02.14.37-300x169.jpg 300w, https:\/\/europa2velos.com\/wp-content\/uploads\/2021\/06\/Capture-de\u0301cran-2021-06-21-a\u0300-02.14.37-768x432.jpg 768w, https:\/\/europa2velos.com\/wp-content\/uploads\/2021\/06\/Capture-de\u0301cran-2021-06-21-a\u0300-02.14.37-1536x864.jpg 1536w, https:\/\/europa2velos.com\/wp-content\/uploads\/2021\/06\/Capture-de\u0301cran-2021-06-21-a\u0300-02.14.37-2048x1152.jpg 2048w, https:\/\/europa2velos.com\/wp-content\/uploads\/2021\/06\/Capture-de\u0301cran-2021-06-21-a\u0300-02.14.37-1104x621.jpg 1104w, https:\/\/europa2velos.com\/wp-content\/uploads\/2021\/06\/Capture-de\u0301cran-2021-06-21-a\u0300-02.14.37-366x205.jpg 366w, https:\/\/europa2velos.com\/wp-content\/uploads\/2021\/06\/Capture-de\u0301cran-2021-06-21-a\u0300-02.14.37-534x300.jpg 534w, https:\/\/europa2velos.com\/wp-content\/uploads\/2021\/06\/Capture-de\u0301cran-2021-06-21-a\u0300-02.14.37-165x92.jpg 165w, https:\/\/europa2velos.com\/wp-content\/uploads\/2021\/06\/Capture-de\u0301cran-2021-06-21-a\u0300-02.14.37-249x140.jpg 249w, https:\/\/europa2velos.com\/wp-content\/uploads\/2021\/06\/Capture-de\u0301cran-2021-06-21-a\u0300-02.14.37-232x130.jpg 232w, https:\/\/europa2velos.com\/wp-content\/uploads\/2021\/06\/Capture-de\u0301cran-2021-06-21-a\u0300-02.14.37-344x193.jpg 344w\" sizes=\"(max-width: 1024px) 100vw, 1024px\" \/><figcaption>Les cousins (2)<\/figcaption><\/figure>\n\n\n\n<figure class=\"wp-block-image size-large\"><img loading=\"lazy\" width=\"1024\" height=\"576\" src=\"http:\/\/europa2velos.com\/wp-content\/uploads\/2021\/06\/Capture-de\u0301cran-2021-06-21-a\u0300-02.15.31-1024x576.jpg\" alt=\"\" class=\"wp-image-3676\" srcset=\"https:\/\/europa2velos.com\/wp-content\/uploads\/2021\/06\/Capture-de\u0301cran-2021-06-21-a\u0300-02.15.31-1024x576.jpg 1024w, https:\/\/europa2velos.com\/wp-content\/uploads\/2021\/06\/Capture-de\u0301cran-2021-06-21-a\u0300-02.15.31-300x169.jpg 300w, https:\/\/europa2velos.com\/wp-content\/uploads\/2021\/06\/Capture-de\u0301cran-2021-06-21-a\u0300-02.15.31-768x432.jpg 768w, https:\/\/europa2velos.com\/wp-content\/uploads\/2021\/06\/Capture-de\u0301cran-2021-06-21-a\u0300-02.15.31-1536x864.jpg 1536w, https:\/\/europa2velos.com\/wp-content\/uploads\/2021\/06\/Capture-de\u0301cran-2021-06-21-a\u0300-02.15.31-2048x1152.jpg 2048w, https:\/\/europa2velos.com\/wp-content\/uploads\/2021\/06\/Capture-de\u0301cran-2021-06-21-a\u0300-02.15.31-1104x621.jpg 1104w, https:\/\/europa2velos.com\/wp-content\/uploads\/2021\/06\/Capture-de\u0301cran-2021-06-21-a\u0300-02.15.31-366x205.jpg 366w, https:\/\/europa2velos.com\/wp-content\/uploads\/2021\/06\/Capture-de\u0301cran-2021-06-21-a\u0300-02.15.31-534x300.jpg 534w, https:\/\/europa2velos.com\/wp-content\/uploads\/2021\/06\/Capture-de\u0301cran-2021-06-21-a\u0300-02.15.31-165x92.jpg 165w, https:\/\/europa2velos.com\/wp-content\/uploads\/2021\/06\/Capture-de\u0301cran-2021-06-21-a\u0300-02.15.31-249x140.jpg 249w, https:\/\/europa2velos.com\/wp-content\/uploads\/2021\/06\/Capture-de\u0301cran-2021-06-21-a\u0300-02.15.31-232x130.jpg 232w, https:\/\/europa2velos.com\/wp-content\/uploads\/2021\/06\/Capture-de\u0301cran-2021-06-21-a\u0300-02.15.31-344x193.jpg 344w\" sizes=\"(max-width: 1024px) 100vw, 1024px\" \/><figcaption>Papa<\/figcaption><\/figure>\n\n\n\n<figure class=\"wp-block-image size-large\"><img loading=\"lazy\" width=\"1024\" height=\"576\" src=\"http:\/\/europa2velos.com\/wp-content\/uploads\/2021\/06\/Capture-de\u0301cran-2021-06-21-a\u0300-02.16.31-1024x576.jpg\" alt=\"\" class=\"wp-image-3677\" srcset=\"https:\/\/europa2velos.com\/wp-content\/uploads\/2021\/06\/Capture-de\u0301cran-2021-06-21-a\u0300-02.16.31-1024x576.jpg 1024w, https:\/\/europa2velos.com\/wp-content\/uploads\/2021\/06\/Capture-de\u0301cran-2021-06-21-a\u0300-02.16.31-300x169.jpg 300w, https:\/\/europa2velos.com\/wp-content\/uploads\/2021\/06\/Capture-de\u0301cran-2021-06-21-a\u0300-02.16.31-768x432.jpg 768w, https:\/\/europa2velos.com\/wp-content\/uploads\/2021\/06\/Capture-de\u0301cran-2021-06-21-a\u0300-02.16.31-1536x864.jpg 1536w, https:\/\/europa2velos.com\/wp-content\/uploads\/2021\/06\/Capture-de\u0301cran-2021-06-21-a\u0300-02.16.31-2048x1152.jpg 2048w, https:\/\/europa2velos.com\/wp-content\/uploads\/2021\/06\/Capture-de\u0301cran-2021-06-21-a\u0300-02.16.31-1104x621.jpg 1104w, https:\/\/europa2velos.com\/wp-content\/uploads\/2021\/06\/Capture-de\u0301cran-2021-06-21-a\u0300-02.16.31-366x205.jpg 366w, https:\/\/europa2velos.com\/wp-content\/uploads\/2021\/06\/Capture-de\u0301cran-2021-06-21-a\u0300-02.16.31-534x300.jpg 534w, https:\/\/europa2velos.com\/wp-content\/uploads\/2021\/06\/Capture-de\u0301cran-2021-06-21-a\u0300-02.16.31-165x92.jpg 165w, https:\/\/europa2velos.com\/wp-content\/uploads\/2021\/06\/Capture-de\u0301cran-2021-06-21-a\u0300-02.16.31-249x140.jpg 249w, https:\/\/europa2velos.com\/wp-content\/uploads\/2021\/06\/Capture-de\u0301cran-2021-06-21-a\u0300-02.16.31-232x130.jpg 232w, https:\/\/europa2velos.com\/wp-content\/uploads\/2021\/06\/Capture-de\u0301cran-2021-06-21-a\u0300-02.16.31-344x193.jpg 344w\" sizes=\"(max-width: 1024px) 100vw, 1024px\" \/><\/figure>\n\n\n\n<figure class=\"wp-block-image size-large\"><img loading=\"lazy\" width=\"1024\" height=\"576\" src=\"http:\/\/europa2velos.com\/wp-content\/uploads\/2021\/06\/Capture-de\u0301cran-2021-06-21-a\u0300-02.17.32-1024x576.jpg\" alt=\"\" class=\"wp-image-3679\" srcset=\"https:\/\/europa2velos.com\/wp-content\/uploads\/2021\/06\/Capture-de\u0301cran-2021-06-21-a\u0300-02.17.32-1024x576.jpg 1024w, https:\/\/europa2velos.com\/wp-content\/uploads\/2021\/06\/Capture-de\u0301cran-2021-06-21-a\u0300-02.17.32-300x169.jpg 300w, https:\/\/europa2velos.com\/wp-content\/uploads\/2021\/06\/Capture-de\u0301cran-2021-06-21-a\u0300-02.17.32-768x432.jpg 768w, https:\/\/europa2velos.com\/wp-content\/uploads\/2021\/06\/Capture-de\u0301cran-2021-06-21-a\u0300-02.17.32-1536x864.jpg 1536w, https:\/\/europa2velos.com\/wp-content\/uploads\/2021\/06\/Capture-de\u0301cran-2021-06-21-a\u0300-02.17.32-2048x1152.jpg 2048w, https:\/\/europa2velos.com\/wp-content\/uploads\/2021\/06\/Capture-de\u0301cran-2021-06-21-a\u0300-02.17.32-1104x621.jpg 1104w, https:\/\/europa2velos.com\/wp-content\/uploads\/2021\/06\/Capture-de\u0301cran-2021-06-21-a\u0300-02.17.32-366x205.jpg 366w, https:\/\/europa2velos.com\/wp-content\/uploads\/2021\/06\/Capture-de\u0301cran-2021-06-21-a\u0300-02.17.32-534x300.jpg 534w, https:\/\/europa2velos.com\/wp-content\/uploads\/2021\/06\/Capture-de\u0301cran-2021-06-21-a\u0300-02.17.32-165x92.jpg 165w, https:\/\/europa2velos.com\/wp-content\/uploads\/2021\/06\/Capture-de\u0301cran-2021-06-21-a\u0300-02.17.32-249x140.jpg 249w, https:\/\/europa2velos.com\/wp-content\/uploads\/2021\/06\/Capture-de\u0301cran-2021-06-21-a\u0300-02.17.32-232x130.jpg 232w, https:\/\/europa2velos.com\/wp-content\/uploads\/2021\/06\/Capture-de\u0301cran-2021-06-21-a\u0300-02.17.32-344x193.jpg 344w\" sizes=\"(max-width: 1024px) 100vw, 1024px\" \/><\/figure>\n\n\n\n<figure class=\"wp-block-image size-large\"><img loading=\"lazy\" width=\"1024\" height=\"576\" src=\"http:\/\/europa2velos.com\/wp-content\/uploads\/2021\/06\/Capture-de\u0301cran-2021-06-21-a\u0300-02.19.34-1024x576.jpg\" alt=\"\" class=\"wp-image-3680\" srcset=\"https:\/\/europa2velos.com\/wp-content\/uploads\/2021\/06\/Capture-de\u0301cran-2021-06-21-a\u0300-02.19.34-1024x576.jpg 1024w, https:\/\/europa2velos.com\/wp-content\/uploads\/2021\/06\/Capture-de\u0301cran-2021-06-21-a\u0300-02.19.34-300x169.jpg 300w, https:\/\/europa2velos.com\/wp-content\/uploads\/2021\/06\/Capture-de\u0301cran-2021-06-21-a\u0300-02.19.34-768x432.jpg 768w, https:\/\/europa2velos.com\/wp-content\/uploads\/2021\/06\/Capture-de\u0301cran-2021-06-21-a\u0300-02.19.34-1536x864.jpg 1536w, https:\/\/europa2velos.com\/wp-content\/uploads\/2021\/06\/Capture-de\u0301cran-2021-06-21-a\u0300-02.19.34-2048x1152.jpg 2048w, https:\/\/europa2velos.com\/wp-content\/uploads\/2021\/06\/Capture-de\u0301cran-2021-06-21-a\u0300-02.19.34-1104x621.jpg 1104w, https:\/\/europa2velos.com\/wp-content\/uploads\/2021\/06\/Capture-de\u0301cran-2021-06-21-a\u0300-02.19.34-366x205.jpg 366w, https:\/\/europa2velos.com\/wp-content\/uploads\/2021\/06\/Capture-de\u0301cran-2021-06-21-a\u0300-02.19.34-534x300.jpg 534w, https:\/\/europa2velos.com\/wp-content\/uploads\/2021\/06\/Capture-de\u0301cran-2021-06-21-a\u0300-02.19.34-165x92.jpg 165w, https:\/\/europa2velos.com\/wp-content\/uploads\/2021\/06\/Capture-de\u0301cran-2021-06-21-a\u0300-02.19.34-249x140.jpg 249w, https:\/\/europa2velos.com\/wp-content\/uploads\/2021\/06\/Capture-de\u0301cran-2021-06-21-a\u0300-02.19.34-232x130.jpg 232w, https:\/\/europa2velos.com\/wp-content\/uploads\/2021\/06\/Capture-de\u0301cran-2021-06-21-a\u0300-02.19.34-344x193.jpg 344w\" sizes=\"(max-width: 1024px) 100vw, 1024px\" \/><figcaption>Yoanis<\/figcaption><\/figure>\n\n\n\n<figure class=\"wp-block-image size-large\"><img loading=\"lazy\" width=\"1024\" height=\"576\" src=\"http:\/\/europa2velos.com\/wp-content\/uploads\/2021\/06\/Capture-de\u0301cran-2021-06-21-a\u0300-02.20.36-1024x576.jpg\" alt=\"\" class=\"wp-image-3681\" srcset=\"https:\/\/europa2velos.com\/wp-content\/uploads\/2021\/06\/Capture-de\u0301cran-2021-06-21-a\u0300-02.20.36-1024x576.jpg 1024w, https:\/\/europa2velos.com\/wp-content\/uploads\/2021\/06\/Capture-de\u0301cran-2021-06-21-a\u0300-02.20.36-300x169.jpg 300w, https:\/\/europa2velos.com\/wp-content\/uploads\/2021\/06\/Capture-de\u0301cran-2021-06-21-a\u0300-02.20.36-768x432.jpg 768w, https:\/\/europa2velos.com\/wp-content\/uploads\/2021\/06\/Capture-de\u0301cran-2021-06-21-a\u0300-02.20.36-1536x864.jpg 1536w, https:\/\/europa2velos.com\/wp-content\/uploads\/2021\/06\/Capture-de\u0301cran-2021-06-21-a\u0300-02.20.36-2048x1152.jpg 2048w, https:\/\/europa2velos.com\/wp-content\/uploads\/2021\/06\/Capture-de\u0301cran-2021-06-21-a\u0300-02.20.36-1104x621.jpg 1104w, https:\/\/europa2velos.com\/wp-content\/uploads\/2021\/06\/Capture-de\u0301cran-2021-06-21-a\u0300-02.20.36-366x205.jpg 366w, https:\/\/europa2velos.com\/wp-content\/uploads\/2021\/06\/Capture-de\u0301cran-2021-06-21-a\u0300-02.20.36-534x300.jpg 534w, https:\/\/europa2velos.com\/wp-content\/uploads\/2021\/06\/Capture-de\u0301cran-2021-06-21-a\u0300-02.20.36-165x92.jpg 165w, https:\/\/europa2velos.com\/wp-content\/uploads\/2021\/06\/Capture-de\u0301cran-2021-06-21-a\u0300-02.20.36-249x140.jpg 249w, https:\/\/europa2velos.com\/wp-content\/uploads\/2021\/06\/Capture-de\u0301cran-2021-06-21-a\u0300-02.20.36-232x130.jpg 232w, https:\/\/europa2velos.com\/wp-content\/uploads\/2021\/06\/Capture-de\u0301cran-2021-06-21-a\u0300-02.20.36-344x193.jpg 344w\" sizes=\"(max-width: 1024px) 100vw, 1024px\" \/><figcaption>Maman<\/figcaption><\/figure>\n\n\n\n<figure class=\"wp-block-image size-large\"><img loading=\"lazy\" width=\"1024\" height=\"576\" src=\"http:\/\/europa2velos.com\/wp-content\/uploads\/2021\/06\/Capture-de\u0301cran-2021-06-21-a\u0300-02.22.03-1024x576.jpg\" alt=\"\" class=\"wp-image-3682\" srcset=\"https:\/\/europa2velos.com\/wp-content\/uploads\/2021\/06\/Capture-de\u0301cran-2021-06-21-a\u0300-02.22.03-1024x576.jpg 1024w, https:\/\/europa2velos.com\/wp-content\/uploads\/2021\/06\/Capture-de\u0301cran-2021-06-21-a\u0300-02.22.03-300x169.jpg 300w, https:\/\/europa2velos.com\/wp-content\/uploads\/2021\/06\/Capture-de\u0301cran-2021-06-21-a\u0300-02.22.03-768x432.jpg 768w, https:\/\/europa2velos.com\/wp-content\/uploads\/2021\/06\/Capture-de\u0301cran-2021-06-21-a\u0300-02.22.03-1536x864.jpg 1536w, https:\/\/europa2velos.com\/wp-content\/uploads\/2021\/06\/Capture-de\u0301cran-2021-06-21-a\u0300-02.22.03-2048x1152.jpg 2048w, https:\/\/europa2velos.com\/wp-content\/uploads\/2021\/06\/Capture-de\u0301cran-2021-06-21-a\u0300-02.22.03-1104x621.jpg 1104w, https:\/\/europa2velos.com\/wp-content\/uploads\/2021\/06\/Capture-de\u0301cran-2021-06-21-a\u0300-02.22.03-366x205.jpg 366w, https:\/\/europa2velos.com\/wp-content\/uploads\/2021\/06\/Capture-de\u0301cran-2021-06-21-a\u0300-02.22.03-534x300.jpg 534w, https:\/\/europa2velos.com\/wp-content\/uploads\/2021\/06\/Capture-de\u0301cran-2021-06-21-a\u0300-02.22.03-165x92.jpg 165w, https:\/\/europa2velos.com\/wp-content\/uploads\/2021\/06\/Capture-de\u0301cran-2021-06-21-a\u0300-02.22.03-249x140.jpg 249w, https:\/\/europa2velos.com\/wp-content\/uploads\/2021\/06\/Capture-de\u0301cran-2021-06-21-a\u0300-02.22.03-232x130.jpg 232w, https:\/\/europa2velos.com\/wp-content\/uploads\/2021\/06\/Capture-de\u0301cran-2021-06-21-a\u0300-02.22.03-344x193.jpg 344w\" sizes=\"(max-width: 1024px) 100vw, 1024px\" \/><\/figure>\n\n\n\n<figure class=\"wp-block-image size-large\"><img loading=\"lazy\" width=\"1024\" height=\"576\" src=\"http:\/\/europa2velos.com\/wp-content\/uploads\/2021\/06\/Capture-de\u0301cran-2021-06-21-a\u0300-02.30.39-2-1024x576.jpg\" alt=\"\" class=\"wp-image-3684\" srcset=\"https:\/\/europa2velos.com\/wp-content\/uploads\/2021\/06\/Capture-de\u0301cran-2021-06-21-a\u0300-02.30.39-2-1024x576.jpg 1024w, https:\/\/europa2velos.com\/wp-content\/uploads\/2021\/06\/Capture-de\u0301cran-2021-06-21-a\u0300-02.30.39-2-300x169.jpg 300w, https:\/\/europa2velos.com\/wp-content\/uploads\/2021\/06\/Capture-de\u0301cran-2021-06-21-a\u0300-02.30.39-2-768x432.jpg 768w, https:\/\/europa2velos.com\/wp-content\/uploads\/2021\/06\/Capture-de\u0301cran-2021-06-21-a\u0300-02.30.39-2-1536x864.jpg 1536w, https:\/\/europa2velos.com\/wp-content\/uploads\/2021\/06\/Capture-de\u0301cran-2021-06-21-a\u0300-02.30.39-2-2048x1152.jpg 2048w, https:\/\/europa2velos.com\/wp-content\/uploads\/2021\/06\/Capture-de\u0301cran-2021-06-21-a\u0300-02.30.39-2-1104x621.jpg 1104w, https:\/\/europa2velos.com\/wp-content\/uploads\/2021\/06\/Capture-de\u0301cran-2021-06-21-a\u0300-02.30.39-2-366x205.jpg 366w, https:\/\/europa2velos.com\/wp-content\/uploads\/2021\/06\/Capture-de\u0301cran-2021-06-21-a\u0300-02.30.39-2-534x300.jpg 534w, https:\/\/europa2velos.com\/wp-content\/uploads\/2021\/06\/Capture-de\u0301cran-2021-06-21-a\u0300-02.30.39-2-165x92.jpg 165w, https:\/\/europa2velos.com\/wp-content\/uploads\/2021\/06\/Capture-de\u0301cran-2021-06-21-a\u0300-02.30.39-2-249x140.jpg 249w, https:\/\/europa2velos.com\/wp-content\/uploads\/2021\/06\/Capture-de\u0301cran-2021-06-21-a\u0300-02.30.39-2-232x130.jpg 232w, https:\/\/europa2velos.com\/wp-content\/uploads\/2021\/06\/Capture-de\u0301cran-2021-06-21-a\u0300-02.30.39-2-344x193.jpg 344w\" sizes=\"(max-width: 1024px) 100vw, 1024px\" \/><\/figure>\n\n\n\n<figure class=\"wp-block-image size-large\"><img loading=\"lazy\" width=\"1024\" height=\"576\" src=\"http:\/\/europa2velos.com\/wp-content\/uploads\/2021\/06\/Capture-de\u0301cran-2021-06-21-a\u0300-02.33.07-2-1024x576.jpg\" alt=\"\" class=\"wp-image-3685\" srcset=\"https:\/\/europa2velos.com\/wp-content\/uploads\/2021\/06\/Capture-de\u0301cran-2021-06-21-a\u0300-02.33.07-2-1024x576.jpg 1024w, https:\/\/europa2velos.com\/wp-content\/uploads\/2021\/06\/Capture-de\u0301cran-2021-06-21-a\u0300-02.33.07-2-300x169.jpg 300w, https:\/\/europa2velos.com\/wp-content\/uploads\/2021\/06\/Capture-de\u0301cran-2021-06-21-a\u0300-02.33.07-2-768x432.jpg 768w, https:\/\/europa2velos.com\/wp-content\/uploads\/2021\/06\/Capture-de\u0301cran-2021-06-21-a\u0300-02.33.07-2-1536x864.jpg 1536w, https:\/\/europa2velos.com\/wp-content\/uploads\/2021\/06\/Capture-de\u0301cran-2021-06-21-a\u0300-02.33.07-2-2048x1152.jpg 2048w, https:\/\/europa2velos.com\/wp-content\/uploads\/2021\/06\/Capture-de\u0301cran-2021-06-21-a\u0300-02.33.07-2-1104x621.jpg 1104w, https:\/\/europa2velos.com\/wp-content\/uploads\/2021\/06\/Capture-de\u0301cran-2021-06-21-a\u0300-02.33.07-2-366x205.jpg 366w, https:\/\/europa2velos.com\/wp-content\/uploads\/2021\/06\/Capture-de\u0301cran-2021-06-21-a\u0300-02.33.07-2-534x300.jpg 534w, https:\/\/europa2velos.com\/wp-content\/uploads\/2021\/06\/Capture-de\u0301cran-2021-06-21-a\u0300-02.33.07-2-165x92.jpg 165w, https:\/\/europa2velos.com\/wp-content\/uploads\/2021\/06\/Capture-de\u0301cran-2021-06-21-a\u0300-02.33.07-2-249x140.jpg 249w, https:\/\/europa2velos.com\/wp-content\/uploads\/2021\/06\/Capture-de\u0301cran-2021-06-21-a\u0300-02.33.07-2-232x130.jpg 232w, https:\/\/europa2velos.com\/wp-content\/uploads\/2021\/06\/Capture-de\u0301cran-2021-06-21-a\u0300-02.33.07-2-344x193.jpg 344w\" sizes=\"(max-width: 1024px) 100vw, 1024px\" \/><\/figure>\n\n\n\n<figure class=\"wp-block-image size-large\"><img loading=\"lazy\" width=\"1024\" height=\"576\" src=\"http:\/\/europa2velos.com\/wp-content\/uploads\/2021\/06\/Capture-de\u0301cran-2021-06-21-a\u0300-02.34.34-2-1024x576.jpg\" alt=\"\" class=\"wp-image-3686\" srcset=\"https:\/\/europa2velos.com\/wp-content\/uploads\/2021\/06\/Capture-de\u0301cran-2021-06-21-a\u0300-02.34.34-2-1024x576.jpg 1024w, https:\/\/europa2velos.com\/wp-content\/uploads\/2021\/06\/Capture-de\u0301cran-2021-06-21-a\u0300-02.34.34-2-300x169.jpg 300w, https:\/\/europa2velos.com\/wp-content\/uploads\/2021\/06\/Capture-de\u0301cran-2021-06-21-a\u0300-02.34.34-2-768x432.jpg 768w, https:\/\/europa2velos.com\/wp-content\/uploads\/2021\/06\/Capture-de\u0301cran-2021-06-21-a\u0300-02.34.34-2-1536x864.jpg 1536w, https:\/\/europa2velos.com\/wp-content\/uploads\/2021\/06\/Capture-de\u0301cran-2021-06-21-a\u0300-02.34.34-2-2048x1152.jpg 2048w, https:\/\/europa2velos.com\/wp-content\/uploads\/2021\/06\/Capture-de\u0301cran-2021-06-21-a\u0300-02.34.34-2-1104x621.jpg 1104w, https:\/\/europa2velos.com\/wp-content\/uploads\/2021\/06\/Capture-de\u0301cran-2021-06-21-a\u0300-02.34.34-2-366x205.jpg 366w, https:\/\/europa2velos.com\/wp-content\/uploads\/2021\/06\/Capture-de\u0301cran-2021-06-21-a\u0300-02.34.34-2-534x300.jpg 534w, https:\/\/europa2velos.com\/wp-content\/uploads\/2021\/06\/Capture-de\u0301cran-2021-06-21-a\u0300-02.34.34-2-165x92.jpg 165w, https:\/\/europa2velos.com\/wp-content\/uploads\/2021\/06\/Capture-de\u0301cran-2021-06-21-a\u0300-02.34.34-2-249x140.jpg 249w, https:\/\/europa2velos.com\/wp-content\/uploads\/2021\/06\/Capture-de\u0301cran-2021-06-21-a\u0300-02.34.34-2-232x130.jpg 232w, https:\/\/europa2velos.com\/wp-content\/uploads\/2021\/06\/Capture-de\u0301cran-2021-06-21-a\u0300-02.34.34-2-344x193.jpg 344w\" sizes=\"(max-width: 1024px) 100vw, 1024px\" \/><\/figure>\n\n\n\n<figure class=\"wp-block-image size-large\"><img loading=\"lazy\" width=\"1024\" height=\"576\" src=\"http:\/\/europa2velos.com\/wp-content\/uploads\/2021\/06\/Capture-de\u0301cran-2021-06-21-a\u0300-02.38.34-1024x576.jpg\" alt=\"\" class=\"wp-image-3687\" srcset=\"https:\/\/europa2velos.com\/wp-content\/uploads\/2021\/06\/Capture-de\u0301cran-2021-06-21-a\u0300-02.38.34-1024x576.jpg 1024w, https:\/\/europa2velos.com\/wp-content\/uploads\/2021\/06\/Capture-de\u0301cran-2021-06-21-a\u0300-02.38.34-300x169.jpg 300w, https:\/\/europa2velos.com\/wp-content\/uploads\/2021\/06\/Capture-de\u0301cran-2021-06-21-a\u0300-02.38.34-768x432.jpg 768w, https:\/\/europa2velos.com\/wp-content\/uploads\/2021\/06\/Capture-de\u0301cran-2021-06-21-a\u0300-02.38.34-1536x864.jpg 1536w, https:\/\/europa2velos.com\/wp-content\/uploads\/2021\/06\/Capture-de\u0301cran-2021-06-21-a\u0300-02.38.34-2048x1152.jpg 2048w, https:\/\/europa2velos.com\/wp-content\/uploads\/2021\/06\/Capture-de\u0301cran-2021-06-21-a\u0300-02.38.34-1104x621.jpg 1104w, https:\/\/europa2velos.com\/wp-content\/uploads\/2021\/06\/Capture-de\u0301cran-2021-06-21-a\u0300-02.38.34-366x205.jpg 366w, https:\/\/europa2velos.com\/wp-content\/uploads\/2021\/06\/Capture-de\u0301cran-2021-06-21-a\u0300-02.38.34-534x300.jpg 534w, https:\/\/europa2velos.com\/wp-content\/uploads\/2021\/06\/Capture-de\u0301cran-2021-06-21-a\u0300-02.38.34-165x92.jpg 165w, https:\/\/europa2velos.com\/wp-content\/uploads\/2021\/06\/Capture-de\u0301cran-2021-06-21-a\u0300-02.38.34-249x140.jpg 249w, https:\/\/europa2velos.com\/wp-content\/uploads\/2021\/06\/Capture-de\u0301cran-2021-06-21-a\u0300-02.38.34-232x130.jpg 232w, https:\/\/europa2velos.com\/wp-content\/uploads\/2021\/06\/Capture-de\u0301cran-2021-06-21-a\u0300-02.38.34-344x193.jpg 344w\" sizes=\"(max-width: 1024px) 100vw, 1024px\" \/><figcaption>L&#8217;arriv\u00e9e \u00e0 Najac<\/figcaption><\/figure>\n\n\n\n<figure class=\"wp-block-image size-large\"><img loading=\"lazy\" width=\"1024\" height=\"576\" src=\"http:\/\/europa2velos.com\/wp-content\/uploads\/2021\/06\/Capture-de\u0301cran-2021-06-21-a\u0300-02.38.01-1024x576.jpg\" alt=\"\" class=\"wp-image-3688\" srcset=\"https:\/\/europa2velos.com\/wp-content\/uploads\/2021\/06\/Capture-de\u0301cran-2021-06-21-a\u0300-02.38.01-1024x576.jpg 1024w, https:\/\/europa2velos.com\/wp-content\/uploads\/2021\/06\/Capture-de\u0301cran-2021-06-21-a\u0300-02.38.01-300x169.jpg 300w, https:\/\/europa2velos.com\/wp-content\/uploads\/2021\/06\/Capture-de\u0301cran-2021-06-21-a\u0300-02.38.01-768x432.jpg 768w, https:\/\/europa2velos.com\/wp-content\/uploads\/2021\/06\/Capture-de\u0301cran-2021-06-21-a\u0300-02.38.01-1536x864.jpg 1536w, https:\/\/europa2velos.com\/wp-content\/uploads\/2021\/06\/Capture-de\u0301cran-2021-06-21-a\u0300-02.38.01-2048x1152.jpg 2048w, https:\/\/europa2velos.com\/wp-content\/uploads\/2021\/06\/Capture-de\u0301cran-2021-06-21-a\u0300-02.38.01-1104x621.jpg 1104w, https:\/\/europa2velos.com\/wp-content\/uploads\/2021\/06\/Capture-de\u0301cran-2021-06-21-a\u0300-02.38.01-366x205.jpg 366w, https:\/\/europa2velos.com\/wp-content\/uploads\/2021\/06\/Capture-de\u0301cran-2021-06-21-a\u0300-02.38.01-534x300.jpg 534w, https:\/\/europa2velos.com\/wp-content\/uploads\/2021\/06\/Capture-de\u0301cran-2021-06-21-a\u0300-02.38.01-165x92.jpg 165w, https:\/\/europa2velos.com\/wp-content\/uploads\/2021\/06\/Capture-de\u0301cran-2021-06-21-a\u0300-02.38.01-249x140.jpg 249w, https:\/\/europa2velos.com\/wp-content\/uploads\/2021\/06\/Capture-de\u0301cran-2021-06-21-a\u0300-02.38.01-232x130.jpg 232w, https:\/\/europa2velos.com\/wp-content\/uploads\/2021\/06\/Capture-de\u0301cran-2021-06-21-a\u0300-02.38.01-344x193.jpg 344w\" sizes=\"(max-width: 1024px) 100vw, 1024px\" \/><\/figure>\n\n\n\n<figure class=\"wp-block-image size-large\"><img loading=\"lazy\" width=\"1024\" height=\"576\" src=\"http:\/\/europa2velos.com\/wp-content\/uploads\/2021\/06\/Capture-de\u0301cran-2021-06-21-a\u0300-02.41.17-1024x576.jpg\" alt=\"\" class=\"wp-image-3689\" srcset=\"https:\/\/europa2velos.com\/wp-content\/uploads\/2021\/06\/Capture-de\u0301cran-2021-06-21-a\u0300-02.41.17-1024x576.jpg 1024w, https:\/\/europa2velos.com\/wp-content\/uploads\/2021\/06\/Capture-de\u0301cran-2021-06-21-a\u0300-02.41.17-300x169.jpg 300w, https:\/\/europa2velos.com\/wp-content\/uploads\/2021\/06\/Capture-de\u0301cran-2021-06-21-a\u0300-02.41.17-768x432.jpg 768w, https:\/\/europa2velos.com\/wp-content\/uploads\/2021\/06\/Capture-de\u0301cran-2021-06-21-a\u0300-02.41.17-1536x864.jpg 1536w, https:\/\/europa2velos.com\/wp-content\/uploads\/2021\/06\/Capture-de\u0301cran-2021-06-21-a\u0300-02.41.17-2048x1152.jpg 2048w, https:\/\/europa2velos.com\/wp-content\/uploads\/2021\/06\/Capture-de\u0301cran-2021-06-21-a\u0300-02.41.17-1104x621.jpg 1104w, https:\/\/europa2velos.com\/wp-content\/uploads\/2021\/06\/Capture-de\u0301cran-2021-06-21-a\u0300-02.41.17-366x205.jpg 366w, https:\/\/europa2velos.com\/wp-content\/uploads\/2021\/06\/Capture-de\u0301cran-2021-06-21-a\u0300-02.41.17-534x300.jpg 534w, https:\/\/europa2velos.com\/wp-content\/uploads\/2021\/06\/Capture-de\u0301cran-2021-06-21-a\u0300-02.41.17-165x92.jpg 165w, https:\/\/europa2velos.com\/wp-content\/uploads\/2021\/06\/Capture-de\u0301cran-2021-06-21-a\u0300-02.41.17-249x140.jpg 249w, https:\/\/europa2velos.com\/wp-content\/uploads\/2021\/06\/Capture-de\u0301cran-2021-06-21-a\u0300-02.41.17-232x130.jpg 232w, https:\/\/europa2velos.com\/wp-content\/uploads\/2021\/06\/Capture-de\u0301cran-2021-06-21-a\u0300-02.41.17-344x193.jpg 344w\" sizes=\"(max-width: 1024px) 100vw, 1024px\" \/><\/figure>\n\n\n\n<figure class=\"wp-block-image size-large\"><img loading=\"lazy\" width=\"1024\" height=\"576\" src=\"http:\/\/europa2velos.com\/wp-content\/uploads\/2021\/06\/Capture-de\u0301cran-2021-06-21-a\u0300-02.46.34-1024x576.jpg\" alt=\"\" class=\"wp-image-3691\" srcset=\"https:\/\/europa2velos.com\/wp-content\/uploads\/2021\/06\/Capture-de\u0301cran-2021-06-21-a\u0300-02.46.34-1024x576.jpg 1024w, https:\/\/europa2velos.com\/wp-content\/uploads\/2021\/06\/Capture-de\u0301cran-2021-06-21-a\u0300-02.46.34-300x169.jpg 300w, https:\/\/europa2velos.com\/wp-content\/uploads\/2021\/06\/Capture-de\u0301cran-2021-06-21-a\u0300-02.46.34-768x432.jpg 768w, https:\/\/europa2velos.com\/wp-content\/uploads\/2021\/06\/Capture-de\u0301cran-2021-06-21-a\u0300-02.46.34-1536x864.jpg 1536w, https:\/\/europa2velos.com\/wp-content\/uploads\/2021\/06\/Capture-de\u0301cran-2021-06-21-a\u0300-02.46.34-2048x1152.jpg 2048w, https:\/\/europa2velos.com\/wp-content\/uploads\/2021\/06\/Capture-de\u0301cran-2021-06-21-a\u0300-02.46.34-1104x621.jpg 1104w, https:\/\/europa2velos.com\/wp-content\/uploads\/2021\/06\/Capture-de\u0301cran-2021-06-21-a\u0300-02.46.34-366x205.jpg 366w, https:\/\/europa2velos.com\/wp-content\/uploads\/2021\/06\/Capture-de\u0301cran-2021-06-21-a\u0300-02.46.34-534x300.jpg 534w, https:\/\/europa2velos.com\/wp-content\/uploads\/2021\/06\/Capture-de\u0301cran-2021-06-21-a\u0300-02.46.34-165x92.jpg 165w, https:\/\/europa2velos.com\/wp-content\/uploads\/2021\/06\/Capture-de\u0301cran-2021-06-21-a\u0300-02.46.34-249x140.jpg 249w, https:\/\/europa2velos.com\/wp-content\/uploads\/2021\/06\/Capture-de\u0301cran-2021-06-21-a\u0300-02.46.34-232x130.jpg 232w, https:\/\/europa2velos.com\/wp-content\/uploads\/2021\/06\/Capture-de\u0301cran-2021-06-21-a\u0300-02.46.34-344x193.jpg 344w\" sizes=\"(max-width: 1024px) 100vw, 1024px\" \/><\/figure>\n\n\n\n<figure class=\"wp-block-image size-large\"><img loading=\"lazy\" width=\"1024\" height=\"576\" src=\"http:\/\/europa2velos.com\/wp-content\/uploads\/2021\/06\/Capture-de\u0301cran-2021-06-21-a\u0300-02.48.53-1024x576.jpg\" alt=\"\" class=\"wp-image-3692\" srcset=\"https:\/\/europa2velos.com\/wp-content\/uploads\/2021\/06\/Capture-de\u0301cran-2021-06-21-a\u0300-02.48.53-1024x576.jpg 1024w, https:\/\/europa2velos.com\/wp-content\/uploads\/2021\/06\/Capture-de\u0301cran-2021-06-21-a\u0300-02.48.53-300x169.jpg 300w, https:\/\/europa2velos.com\/wp-content\/uploads\/2021\/06\/Capture-de\u0301cran-2021-06-21-a\u0300-02.48.53-768x432.jpg 768w, https:\/\/europa2velos.com\/wp-content\/uploads\/2021\/06\/Capture-de\u0301cran-2021-06-21-a\u0300-02.48.53-1536x864.jpg 1536w, https:\/\/europa2velos.com\/wp-content\/uploads\/2021\/06\/Capture-de\u0301cran-2021-06-21-a\u0300-02.48.53-2048x1152.jpg 2048w, https:\/\/europa2velos.com\/wp-content\/uploads\/2021\/06\/Capture-de\u0301cran-2021-06-21-a\u0300-02.48.53-1104x621.jpg 1104w, https:\/\/europa2velos.com\/wp-content\/uploads\/2021\/06\/Capture-de\u0301cran-2021-06-21-a\u0300-02.48.53-366x205.jpg 366w, https:\/\/europa2velos.com\/wp-content\/uploads\/2021\/06\/Capture-de\u0301cran-2021-06-21-a\u0300-02.48.53-534x300.jpg 534w, https:\/\/europa2velos.com\/wp-content\/uploads\/2021\/06\/Capture-de\u0301cran-2021-06-21-a\u0300-02.48.53-165x92.jpg 165w, https:\/\/europa2velos.com\/wp-content\/uploads\/2021\/06\/Capture-de\u0301cran-2021-06-21-a\u0300-02.48.53-249x140.jpg 249w, https:\/\/europa2velos.com\/wp-content\/uploads\/2021\/06\/Capture-de\u0301cran-2021-06-21-a\u0300-02.48.53-232x130.jpg 232w, https:\/\/europa2velos.com\/wp-content\/uploads\/2021\/06\/Capture-de\u0301cran-2021-06-21-a\u0300-02.48.53-344x193.jpg 344w\" sizes=\"(max-width: 1024px) 100vw, 1024px\" \/><\/figure>\n\n\n\n<figure class=\"wp-block-image size-large\"><img loading=\"lazy\" width=\"1024\" height=\"576\" src=\"http:\/\/europa2velos.com\/wp-content\/uploads\/2021\/06\/Capture-de\u0301cran-2021-06-21-a\u0300-02.49.53-2-1024x576.jpg\" alt=\"\" class=\"wp-image-3693\" srcset=\"https:\/\/europa2velos.com\/wp-content\/uploads\/2021\/06\/Capture-de\u0301cran-2021-06-21-a\u0300-02.49.53-2-1024x576.jpg 1024w, https:\/\/europa2velos.com\/wp-content\/uploads\/2021\/06\/Capture-de\u0301cran-2021-06-21-a\u0300-02.49.53-2-300x169.jpg 300w, https:\/\/europa2velos.com\/wp-content\/uploads\/2021\/06\/Capture-de\u0301cran-2021-06-21-a\u0300-02.49.53-2-768x432.jpg 768w, https:\/\/europa2velos.com\/wp-content\/uploads\/2021\/06\/Capture-de\u0301cran-2021-06-21-a\u0300-02.49.53-2-1536x864.jpg 1536w, https:\/\/europa2velos.com\/wp-content\/uploads\/2021\/06\/Capture-de\u0301cran-2021-06-21-a\u0300-02.49.53-2-2048x1152.jpg 2048w, https:\/\/europa2velos.com\/wp-content\/uploads\/2021\/06\/Capture-de\u0301cran-2021-06-21-a\u0300-02.49.53-2-1104x621.jpg 1104w, https:\/\/europa2velos.com\/wp-content\/uploads\/2021\/06\/Capture-de\u0301cran-2021-06-21-a\u0300-02.49.53-2-366x205.jpg 366w, https:\/\/europa2velos.com\/wp-content\/uploads\/2021\/06\/Capture-de\u0301cran-2021-06-21-a\u0300-02.49.53-2-534x300.jpg 534w, https:\/\/europa2velos.com\/wp-content\/uploads\/2021\/06\/Capture-de\u0301cran-2021-06-21-a\u0300-02.49.53-2-165x92.jpg 165w, https:\/\/europa2velos.com\/wp-content\/uploads\/2021\/06\/Capture-de\u0301cran-2021-06-21-a\u0300-02.49.53-2-249x140.jpg 249w, https:\/\/europa2velos.com\/wp-content\/uploads\/2021\/06\/Capture-de\u0301cran-2021-06-21-a\u0300-02.49.53-2-232x130.jpg 232w, https:\/\/europa2velos.com\/wp-content\/uploads\/2021\/06\/Capture-de\u0301cran-2021-06-21-a\u0300-02.49.53-2-344x193.jpg 344w\" sizes=\"(max-width: 1024px) 100vw, 1024px\" \/><\/figure>\n\n\n\n<p>Fin du voyage et de ces publications \u00ab&nbsp;Parcours&nbsp;\u00bb hebdomadaires,<\/p>\n\n\n\n<p>mais le blog va continuer \u00e0 vivre avec la suite des vid\u00e9os du tour d&#8217;Europe \u00e0 v\u00e9lo et d\u2019autres surprises.<\/p>\n","protected":false},"excerpt":{"rendered":"<p>du 16 au 19 juin : de Montpellier \u00e0 Najac<\/p>\n","protected":false},"author":1,"featured_media":3655,"comment_status":"open","ping_status":"open","sticky":false,"template":"","format":"standard","meta":[],"categories":[7],"tags":[],"yoast_head":"<!-- This site is optimized with the Yoast SEO plugin v14.0.4 - https:\/\/yoast.com\/wordpress\/plugins\/seo\/ -->\n<title>Parcours : semaine 48, le retour - Europa2velos<\/title>\n<meta name=\"description\" content=\"48\u00e8me semaine du tour d&#039;Europe \u00e0 v\u00e9lo de deux ados sur le th\u00e8me de la transition \u00e9cologique et de la citoyennet\u00e9 europ\u00e9enne : Montpellier, arriv\u00e9e \u00e0 Najac\" \/>\n<meta name=\"robots\" content=\"index, follow\" \/>\n<meta name=\"googlebot\" content=\"index, follow, max-snippet:-1, max-image-preview:large, max-video-preview:-1\" \/>\n<meta name=\"bingbot\" content=\"index, follow, max-snippet:-1, max-image-preview:large, max-video-preview:-1\" \/>\n<link rel=\"canonical\" href=\"http:\/\/europa2velos.com\/index.php\/2021\/06\/21\/parcours-semaine-48-le-retour\/\" \/>\n<meta property=\"og:locale\" content=\"fr_FR\" \/>\n<meta property=\"og:type\" content=\"article\" \/>\n<meta property=\"og:title\" content=\"Parcours : semaine 48, le retour - Europa2velos\" \/>\n<meta property=\"og:description\" content=\"48\u00e8me semaine du tour d&#039;Europe \u00e0 v\u00e9lo de deux ados sur le th\u00e8me de la transition \u00e9cologique et de la citoyennet\u00e9 europ\u00e9enne : Montpellier, arriv\u00e9e \u00e0 Najac\" \/>\n<meta property=\"og:url\" content=\"http:\/\/europa2velos.com\/index.php\/2021\/06\/21\/parcours-semaine-48-le-retour\/\" \/>\n<meta property=\"og:site_name\" content=\"Europa2velos\" \/>\n<meta property=\"article:published_time\" content=\"2021-06-21T06:32:45+00:00\" \/>\n<meta property=\"article:modified_time\" content=\"2021-06-21T12:24:42+00:00\" \/>\n<meta property=\"og:image\" content=\"http:\/\/europa2velos.com\/wp-content\/uploads\/2021\/06\/0-2021-06-16-a\u0300-19-1024x640.png\" \/>\n\t<meta property=\"og:image:width\" content=\"1024\" \/>\n\t<meta property=\"og:image:height\" content=\"640\" \/>\n<meta name=\"twitter:card\" content=\"summary_large_image\" \/>\n<script type=\"application\/ld+json\" class=\"yoast-schema-graph\">{\"@context\":\"https:\/\/schema.org\",\"@graph\":[{\"@type\":\"WebSite\",\"@id\":\"https:\/\/europa2velos.com\/#website\",\"url\":\"https:\/\/europa2velos.com\/\",\"name\":\"Europa2velos\",\"description\":\"Le tour d&#039;Europe \\u00e0 v\\u00e9lo de deux ados\",\"potentialAction\":[{\"@type\":\"SearchAction\",\"target\":\"https:\/\/europa2velos.com\/?s={search_term_string}\",\"query-input\":\"required name=search_term_string\"}],\"inLanguage\":\"fr-FR\"},{\"@type\":\"ImageObject\",\"@id\":\"http:\/\/europa2velos.com\/index.php\/2021\/06\/21\/parcours-semaine-48-le-retour\/#primaryimage\",\"inLanguage\":\"fr-FR\",\"url\":\"https:\/\/europa2velos.com\/wp-content\/uploads\/2021\/06\/0-2021-06-16-a\\u0300-19.png\",\"width\":3360,\"height\":2100},{\"@type\":\"WebPage\",\"@id\":\"http:\/\/europa2velos.com\/index.php\/2021\/06\/21\/parcours-semaine-48-le-retour\/#webpage\",\"url\":\"http:\/\/europa2velos.com\/index.php\/2021\/06\/21\/parcours-semaine-48-le-retour\/\",\"name\":\"Parcours : semaine 48, le retour - Europa2velos\",\"isPartOf\":{\"@id\":\"https:\/\/europa2velos.com\/#website\"},\"primaryImageOfPage\":{\"@id\":\"http:\/\/europa2velos.com\/index.php\/2021\/06\/21\/parcours-semaine-48-le-retour\/#primaryimage\"},\"datePublished\":\"2021-06-21T06:32:45+00:00\",\"dateModified\":\"2021-06-21T12:24:42+00:00\",\"author\":{\"@id\":\"https:\/\/europa2velos.com\/#\/schema\/person\/d5f282be03e5aec06ad6591da1af0324\"},\"description\":\"48\\u00e8me semaine du tour d'Europe \\u00e0 v\\u00e9lo de deux ados sur le th\\u00e8me de la transition \\u00e9cologique et de la citoyennet\\u00e9 europ\\u00e9enne : Montpellier, arriv\\u00e9e \\u00e0 Najac\",\"inLanguage\":\"fr-FR\",\"potentialAction\":[{\"@type\":\"ReadAction\",\"target\":[\"http:\/\/europa2velos.com\/index.php\/2021\/06\/21\/parcours-semaine-48-le-retour\/\"]}]},{\"@type\":[\"Person\"],\"@id\":\"https:\/\/europa2velos.com\/#\/schema\/person\/d5f282be03e5aec06ad6591da1af0324\",\"name\":\"Europa2v\\u00e9los\",\"image\":{\"@type\":\"ImageObject\",\"@id\":\"https:\/\/europa2velos.com\/#personlogo\",\"inLanguage\":\"fr-FR\",\"url\":\"https:\/\/secure.gravatar.com\/avatar\/7e55f9fc671b5244d75c5978bf0e7c51?s=96&d=mm&r=g\",\"caption\":\"Europa2v\\u00e9los\"}}]}<\/script>\n<!-- \/ Yoast SEO plugin. -->","_links":{"self":[{"href":"https:\/\/europa2velos.com\/index.php\/wp-json\/wp\/v2\/posts\/3654"}],"collection":[{"href":"https:\/\/europa2velos.com\/index.php\/wp-json\/wp\/v2\/posts"}],"about":[{"href":"https:\/\/europa2velos.com\/index.php\/wp-json\/wp\/v2\/types\/post"}],"author":[{"embeddable":true,"href":"https:\/\/europa2velos.com\/index.php\/wp-json\/wp\/v2\/users\/1"}],"replies":[{"embeddable":true,"href":"https:\/\/europa2velos.com\/index.php\/wp-json\/wp\/v2\/comments?post=3654"}],"version-history":[{"count":3,"href":"https:\/\/europa2velos.com\/index.php\/wp-json\/wp\/v2\/posts\/3654\/revisions"}],"predecessor-version":[{"id":3696,"href":"https:\/\/europa2velos.com\/index.php\/wp-json\/wp\/v2\/posts\/3654\/revisions\/3696"}],"wp:featuredmedia":[{"embeddable":true,"href":"https:\/\/europa2velos.com\/index.php\/wp-json\/wp\/v2\/media\/3655"}],"wp:attachment":[{"href":"https:\/\/europa2velos.com\/index.php\/wp-json\/wp\/v2\/media?parent=3654"}],"wp:term":[{"taxonomy":"category","embeddable":true,"href":"https:\/\/europa2velos.com\/index.php\/wp-json\/wp\/v2\/categories?post=3654"},{"taxonomy":"post_tag","embeddable":true,"href":"https:\/\/europa2velos.com\/index.php\/wp-json\/wp\/v2\/tags?post=3654"}],"curies":[{"name":"wp","href":"https:\/\/api.w.org\/{rel}","templated":true}]}}