{"id":3610,"date":"2021-06-16T19:25:31","date_gmt":"2021-06-16T17:25:31","guid":{"rendered":"http:\/\/europa2velos.com\/?p=3610"},"modified":"2021-06-18T22:45:08","modified_gmt":"2021-06-18T20:45:08","slug":"parcours-semaine-47","status":"publish","type":"post","link":"https:\/\/europa2velos.com\/index.php\/2021\/06\/16\/parcours-semaine-47\/","title":{"rendered":"Parcours : semaine 47"},"content":{"rendered":"\n<figure class=\"wp-block-image size-large\"><img loading=\"lazy\" width=\"1024\" height=\"576\" src=\"http:\/\/europa2velos.com\/wp-content\/uploads\/2021\/06\/1-2021-06-09-a\u0300-15-A-1024x576.png\" alt=\"\" class=\"wp-image-3612\" srcset=\"https:\/\/europa2velos.com\/wp-content\/uploads\/2021\/06\/1-2021-06-09-a\u0300-15-A-1024x576.png 1024w, https:\/\/europa2velos.com\/wp-content\/uploads\/2021\/06\/1-2021-06-09-a\u0300-15-A-300x169.png 300w, https:\/\/europa2velos.com\/wp-content\/uploads\/2021\/06\/1-2021-06-09-a\u0300-15-A-768x432.png 768w, https:\/\/europa2velos.com\/wp-content\/uploads\/2021\/06\/1-2021-06-09-a\u0300-15-A-1536x864.png 1536w, https:\/\/europa2velos.com\/wp-content\/uploads\/2021\/06\/1-2021-06-09-a\u0300-15-A-1104x621.png 1104w, https:\/\/europa2velos.com\/wp-content\/uploads\/2021\/06\/1-2021-06-09-a\u0300-15-A-366x205.png 366w, https:\/\/europa2velos.com\/wp-content\/uploads\/2021\/06\/1-2021-06-09-a\u0300-15-A-534x300.png 534w, https:\/\/europa2velos.com\/wp-content\/uploads\/2021\/06\/1-2021-06-09-a\u0300-15-A-165x92.png 165w, https:\/\/europa2velos.com\/wp-content\/uploads\/2021\/06\/1-2021-06-09-a\u0300-15-A-249x140.png 249w, https:\/\/europa2velos.com\/wp-content\/uploads\/2021\/06\/1-2021-06-09-a\u0300-15-A-232x130.png 232w, https:\/\/europa2velos.com\/wp-content\/uploads\/2021\/06\/1-2021-06-09-a\u0300-15-A-344x193.png 344w, https:\/\/europa2velos.com\/wp-content\/uploads\/2021\/06\/1-2021-06-09-a\u0300-15-A.png 1920w\" sizes=\"(max-width: 1024px) 100vw, 1024px\" \/><\/figure>\n\n\n\n<p>Du mercredi 9 au mardi 15 juin : La c\u00f4te d\u2019Azur, les Maures, Marseille, Montpellier.<\/p>\n\n\n\n<p><strong><em>Cartes, photos et journal de voyage de la semaine :<\/em><\/strong><\/p>\n\n\n\n<figure class=\"wp-block-image size-large\"><img loading=\"lazy\" width=\"1024\" height=\"576\" src=\"http:\/\/europa2velos.com\/wp-content\/uploads\/2021\/06\/2021-06-09-A-1024x576.png\" alt=\"\" class=\"wp-image-3613\" srcset=\"https:\/\/europa2velos.com\/wp-content\/uploads\/2021\/06\/2021-06-09-A-1024x576.png 1024w, https:\/\/europa2velos.com\/wp-content\/uploads\/2021\/06\/2021-06-09-A-300x169.png 300w, https:\/\/europa2velos.com\/wp-content\/uploads\/2021\/06\/2021-06-09-A-768x432.png 768w, https:\/\/europa2velos.com\/wp-content\/uploads\/2021\/06\/2021-06-09-A-1536x864.png 1536w, https:\/\/europa2velos.com\/wp-content\/uploads\/2021\/06\/2021-06-09-A-1104x621.png 1104w, https:\/\/europa2velos.com\/wp-content\/uploads\/2021\/06\/2021-06-09-A-366x205.png 366w, https:\/\/europa2velos.com\/wp-content\/uploads\/2021\/06\/2021-06-09-A-534x300.png 534w, https:\/\/europa2velos.com\/wp-content\/uploads\/2021\/06\/2021-06-09-A-165x92.png 165w, https:\/\/europa2velos.com\/wp-content\/uploads\/2021\/06\/2021-06-09-A-249x140.png 249w, https:\/\/europa2velos.com\/wp-content\/uploads\/2021\/06\/2021-06-09-A-232x130.png 232w, https:\/\/europa2velos.com\/wp-content\/uploads\/2021\/06\/2021-06-09-A-344x193.png 344w, https:\/\/europa2velos.com\/wp-content\/uploads\/2021\/06\/2021-06-09-A.png 1920w\" sizes=\"(max-width: 1024px) 100vw, 1024px\" \/><figcaption>9 juin 2021<\/figcaption><\/figure>\n\n\n\n<p>Mercredi 9 juin : Arriv\u00e9e en France aujourd&#8217;hui !!&nbsp;On roule les derniers kms jusqu&#8217;\u00e0 la fronti\u00e8re et on s&#8217;arr\u00eate devant le panneau \u00ab&nbsp;Menton&nbsp;\u00bb !! On laisse l&#8217;\u00e9motion s&#8217;exprimer&#8230; Haha, \u00e7a fait bizarre et le plus \u00e9trange c&#8217;est d&#8217;entendre tout le monde parler fran\u00e7ais !<\/p>\n\n\n\n<p>On va ensuite \u00e0 Monaco, tr\u00e8s impressionnant, de grands buildings si pr\u00e8s de la mer, puis le casino de Monte Carlo, superbe, avec plein de voitures de luxe \u00e0 l&#8217;entr\u00e9e. On ne se sent pas \u00e0 notre place, Haha&nbsp;!<\/p>\n\n\n\n<p>Le soir on arrive \u00e0 Nice, o\u00f9 on est h\u00e9berg\u00e9s chez Karim, un jeune d&#8217;une trentaine d&#8217;ann\u00e9e qui nous offre un coup \u00e0 boire au bar.<\/p>\n\n\n\n<figure class=\"wp-block-image size-large\"><img loading=\"lazy\" width=\"1024\" height=\"472\" src=\"http:\/\/europa2velos.com\/wp-content\/uploads\/2021\/06\/IMG_20210609_083506-1024x472.jpg\" alt=\"\" class=\"wp-image-3620\" srcset=\"https:\/\/europa2velos.com\/wp-content\/uploads\/2021\/06\/IMG_20210609_083506-1024x472.jpg 1024w, https:\/\/europa2velos.com\/wp-content\/uploads\/2021\/06\/IMG_20210609_083506-300x138.jpg 300w, https:\/\/europa2velos.com\/wp-content\/uploads\/2021\/06\/IMG_20210609_083506-768x354.jpg 768w, https:\/\/europa2velos.com\/wp-content\/uploads\/2021\/06\/IMG_20210609_083506-1536x707.jpg 1536w, https:\/\/europa2velos.com\/wp-content\/uploads\/2021\/06\/IMG_20210609_083506-2048x943.jpg 2048w\" sizes=\"(max-width: 1024px) 100vw, 1024px\" \/><figcaption>R\u00e9veil&#8230;<\/figcaption><\/figure>\n\n\n\n<figure class=\"wp-block-image size-large\"><img loading=\"lazy\" width=\"1024\" height=\"472\" src=\"http:\/\/europa2velos.com\/wp-content\/uploads\/2021\/06\/IMG_20210609_103655_1-1024x472.jpg\" alt=\"\" class=\"wp-image-3621\" srcset=\"https:\/\/europa2velos.com\/wp-content\/uploads\/2021\/06\/IMG_20210609_103655_1-1024x472.jpg 1024w, https:\/\/europa2velos.com\/wp-content\/uploads\/2021\/06\/IMG_20210609_103655_1-300x138.jpg 300w, https:\/\/europa2velos.com\/wp-content\/uploads\/2021\/06\/IMG_20210609_103655_1-768x354.jpg 768w, https:\/\/europa2velos.com\/wp-content\/uploads\/2021\/06\/IMG_20210609_103655_1-1536x708.jpg 1536w, https:\/\/europa2velos.com\/wp-content\/uploads\/2021\/06\/IMG_20210609_103655_1-2048x944.jpg 2048w\" sizes=\"(max-width: 1024px) 100vw, 1024px\" \/><figcaption>Adieux&#8230;<\/figcaption><\/figure>\n\n\n\n<figure class=\"wp-block-image size-large\"><img loading=\"lazy\" width=\"1024\" height=\"472\" src=\"http:\/\/europa2velos.com\/wp-content\/uploads\/2021\/06\/IMG_20210609_104043-1024x472.jpg\" alt=\"\" class=\"wp-image-3622\" srcset=\"https:\/\/europa2velos.com\/wp-content\/uploads\/2021\/06\/IMG_20210609_104043-1024x472.jpg 1024w, https:\/\/europa2velos.com\/wp-content\/uploads\/2021\/06\/IMG_20210609_104043-300x138.jpg 300w, https:\/\/europa2velos.com\/wp-content\/uploads\/2021\/06\/IMG_20210609_104043-768x354.jpg 768w, https:\/\/europa2velos.com\/wp-content\/uploads\/2021\/06\/IMG_20210609_104043-1536x707.jpg 1536w, https:\/\/europa2velos.com\/wp-content\/uploads\/2021\/06\/IMG_20210609_104043-2048x943.jpg 2048w\" sizes=\"(max-width: 1024px) 100vw, 1024px\" \/><figcaption>Route&#8230;<\/figcaption><\/figure>\n\n\n\n<figure class=\"wp-block-image size-large\"><img loading=\"lazy\" width=\"1024\" height=\"472\" src=\"http:\/\/europa2velos.com\/wp-content\/uploads\/2021\/06\/IMG_20210609_131539-1024x472.jpg\" alt=\"\" class=\"wp-image-3623\" srcset=\"https:\/\/europa2velos.com\/wp-content\/uploads\/2021\/06\/IMG_20210609_131539-1024x472.jpg 1024w, https:\/\/europa2velos.com\/wp-content\/uploads\/2021\/06\/IMG_20210609_131539-300x138.jpg 300w, https:\/\/europa2velos.com\/wp-content\/uploads\/2021\/06\/IMG_20210609_131539-768x354.jpg 768w, https:\/\/europa2velos.com\/wp-content\/uploads\/2021\/06\/IMG_20210609_131539-1536x707.jpg 1536w, https:\/\/europa2velos.com\/wp-content\/uploads\/2021\/06\/IMG_20210609_131539-2048x943.jpg 2048w\" sizes=\"(max-width: 1024px) 100vw, 1024px\" \/><figcaption>France&#8230;<\/figcaption><\/figure>\n\n\n\n<figure class=\"wp-block-image size-large\"><img loading=\"lazy\" width=\"1024\" height=\"472\" src=\"http:\/\/europa2velos.com\/wp-content\/uploads\/2021\/06\/IMG_20210609_131605-1024x472.jpg\" alt=\"\" class=\"wp-image-3624\" srcset=\"https:\/\/europa2velos.com\/wp-content\/uploads\/2021\/06\/IMG_20210609_131605-1024x472.jpg 1024w, https:\/\/europa2velos.com\/wp-content\/uploads\/2021\/06\/IMG_20210609_131605-300x138.jpg 300w, https:\/\/europa2velos.com\/wp-content\/uploads\/2021\/06\/IMG_20210609_131605-768x354.jpg 768w, https:\/\/europa2velos.com\/wp-content\/uploads\/2021\/06\/IMG_20210609_131605-1536x708.jpg 1536w, https:\/\/europa2velos.com\/wp-content\/uploads\/2021\/06\/IMG_20210609_131605-2048x944.jpg 2048w\" sizes=\"(max-width: 1024px) 100vw, 1024px\" \/><figcaption>Amiti\u00e9&#8230;<\/figcaption><\/figure>\n\n\n\n<figure class=\"wp-block-image size-large\"><img loading=\"lazy\" width=\"1024\" height=\"471\" src=\"http:\/\/europa2velos.com\/wp-content\/uploads\/2021\/06\/IMG_20210609_152131-1024x471.jpg\" alt=\"\" class=\"wp-image-3625\" srcset=\"https:\/\/europa2velos.com\/wp-content\/uploads\/2021\/06\/IMG_20210609_152131-1024x471.jpg 1024w, https:\/\/europa2velos.com\/wp-content\/uploads\/2021\/06\/IMG_20210609_152131-300x138.jpg 300w, https:\/\/europa2velos.com\/wp-content\/uploads\/2021\/06\/IMG_20210609_152131-768x354.jpg 768w, https:\/\/europa2velos.com\/wp-content\/uploads\/2021\/06\/IMG_20210609_152131-1536x707.jpg 1536w, https:\/\/europa2velos.com\/wp-content\/uploads\/2021\/06\/IMG_20210609_152131-2048x943.jpg 2048w\" sizes=\"(max-width: 1024px) 100vw, 1024px\" \/><figcaption>Monaco&#8230;<\/figcaption><\/figure>\n\n\n\n<figure class=\"wp-block-image size-large\"><img loading=\"lazy\" width=\"1024\" height=\"472\" src=\"http:\/\/europa2velos.com\/wp-content\/uploads\/2021\/06\/IMG_20210609_152136_36134670525735-1024x472.jpg\" alt=\"\" class=\"wp-image-3626\" srcset=\"https:\/\/europa2velos.com\/wp-content\/uploads\/2021\/06\/IMG_20210609_152136_36134670525735-1024x472.jpg 1024w, https:\/\/europa2velos.com\/wp-content\/uploads\/2021\/06\/IMG_20210609_152136_36134670525735-300x138.jpg 300w, https:\/\/europa2velos.com\/wp-content\/uploads\/2021\/06\/IMG_20210609_152136_36134670525735-768x354.jpg 768w, https:\/\/europa2velos.com\/wp-content\/uploads\/2021\/06\/IMG_20210609_152136_36134670525735-1536x707.jpg 1536w, https:\/\/europa2velos.com\/wp-content\/uploads\/2021\/06\/IMG_20210609_152136_36134670525735-2048x943.jpg 2048w\" sizes=\"(max-width: 1024px) 100vw, 1024px\" \/><figcaption>Monte Carlo&#8230;<\/figcaption><\/figure>\n\n\n\n<figure class=\"wp-block-image size-large\"><img loading=\"lazy\" width=\"1024\" height=\"472\" src=\"http:\/\/europa2velos.com\/wp-content\/uploads\/2021\/06\/IMG_20210609_154529-1024x472.jpg\" alt=\"\" class=\"wp-image-3627\" srcset=\"https:\/\/europa2velos.com\/wp-content\/uploads\/2021\/06\/IMG_20210609_154529-1024x472.jpg 1024w, https:\/\/europa2velos.com\/wp-content\/uploads\/2021\/06\/IMG_20210609_154529-300x138.jpg 300w, https:\/\/europa2velos.com\/wp-content\/uploads\/2021\/06\/IMG_20210609_154529-768x354.jpg 768w, https:\/\/europa2velos.com\/wp-content\/uploads\/2021\/06\/IMG_20210609_154529-1536x707.jpg 1536w, https:\/\/europa2velos.com\/wp-content\/uploads\/2021\/06\/IMG_20210609_154529-2048x943.jpg 2048w\" sizes=\"(max-width: 1024px) 100vw, 1024px\" \/><figcaption>&#8230;et son Casino<\/figcaption><\/figure>\n\n\n\n<figure class=\"wp-block-image size-large\"><img loading=\"lazy\" width=\"1024\" height=\"550\" src=\"http:\/\/europa2velos.com\/wp-content\/uploads\/2021\/06\/IMG_20210609_155444-1024x550.jpg\" alt=\"\" class=\"wp-image-3628\" srcset=\"https:\/\/europa2velos.com\/wp-content\/uploads\/2021\/06\/IMG_20210609_155444-1024x550.jpg 1024w, https:\/\/europa2velos.com\/wp-content\/uploads\/2021\/06\/IMG_20210609_155444-300x161.jpg 300w, https:\/\/europa2velos.com\/wp-content\/uploads\/2021\/06\/IMG_20210609_155444-768x413.jpg 768w, https:\/\/europa2velos.com\/wp-content\/uploads\/2021\/06\/IMG_20210609_155444-1536x825.jpg 1536w, https:\/\/europa2velos.com\/wp-content\/uploads\/2021\/06\/IMG_20210609_155444-2048x1100.jpg 2048w\" sizes=\"(max-width: 1024px) 100vw, 1024px\" \/><\/figure>\n\n\n\n<figure class=\"wp-block-image size-large\"><img loading=\"lazy\" width=\"1024\" height=\"474\" src=\"http:\/\/europa2velos.com\/wp-content\/uploads\/2021\/06\/IMG_20210609_155613-1024x474.jpg\" alt=\"\" class=\"wp-image-3648\" srcset=\"https:\/\/europa2velos.com\/wp-content\/uploads\/2021\/06\/IMG_20210609_155613-1024x474.jpg 1024w, https:\/\/europa2velos.com\/wp-content\/uploads\/2021\/06\/IMG_20210609_155613-300x139.jpg 300w, https:\/\/europa2velos.com\/wp-content\/uploads\/2021\/06\/IMG_20210609_155613-768x355.jpg 768w, https:\/\/europa2velos.com\/wp-content\/uploads\/2021\/06\/IMG_20210609_155613-1536x710.jpg 1536w, https:\/\/europa2velos.com\/wp-content\/uploads\/2021\/06\/IMG_20210609_155613-2048x947.jpg 2048w\" sizes=\"(max-width: 1024px) 100vw, 1024px\" \/><figcaption>Nos v\u00e9los sont bien plus chics !<\/figcaption><\/figure>\n\n\n\n<figure class=\"wp-block-image size-large\"><img loading=\"lazy\" width=\"1024\" height=\"472\" src=\"http:\/\/europa2velos.com\/wp-content\/uploads\/2021\/06\/IMG_20210609_171551-1024x472.jpg\" alt=\"\" class=\"wp-image-3629\" srcset=\"https:\/\/europa2velos.com\/wp-content\/uploads\/2021\/06\/IMG_20210609_171551-1024x472.jpg 1024w, https:\/\/europa2velos.com\/wp-content\/uploads\/2021\/06\/IMG_20210609_171551-300x138.jpg 300w, https:\/\/europa2velos.com\/wp-content\/uploads\/2021\/06\/IMG_20210609_171551-768x354.jpg 768w, https:\/\/europa2velos.com\/wp-content\/uploads\/2021\/06\/IMG_20210609_171551-1536x707.jpg 1536w, https:\/\/europa2velos.com\/wp-content\/uploads\/2021\/06\/IMG_20210609_171551-2048x943.jpg 2048w\" sizes=\"(max-width: 1024px) 100vw, 1024px\" \/><figcaption>Arriv\u00e9e \u00e0 Nice<\/figcaption><\/figure>\n\n\n\n<figure class=\"wp-block-image size-large\"><img loading=\"lazy\" width=\"1024\" height=\"576\" src=\"http:\/\/europa2velos.com\/wp-content\/uploads\/2021\/06\/2021-06-10-A-1024x576.png\" alt=\"\" class=\"wp-image-3614\" srcset=\"https:\/\/europa2velos.com\/wp-content\/uploads\/2021\/06\/2021-06-10-A-1024x576.png 1024w, https:\/\/europa2velos.com\/wp-content\/uploads\/2021\/06\/2021-06-10-A-300x169.png 300w, https:\/\/europa2velos.com\/wp-content\/uploads\/2021\/06\/2021-06-10-A-768x432.png 768w, https:\/\/europa2velos.com\/wp-content\/uploads\/2021\/06\/2021-06-10-A-1536x864.png 1536w, https:\/\/europa2velos.com\/wp-content\/uploads\/2021\/06\/2021-06-10-A-1104x621.png 1104w, https:\/\/europa2velos.com\/wp-content\/uploads\/2021\/06\/2021-06-10-A-366x205.png 366w, https:\/\/europa2velos.com\/wp-content\/uploads\/2021\/06\/2021-06-10-A-534x300.png 534w, https:\/\/europa2velos.com\/wp-content\/uploads\/2021\/06\/2021-06-10-A-165x92.png 165w, https:\/\/europa2velos.com\/wp-content\/uploads\/2021\/06\/2021-06-10-A-249x140.png 249w, https:\/\/europa2velos.com\/wp-content\/uploads\/2021\/06\/2021-06-10-A-232x130.png 232w, https:\/\/europa2velos.com\/wp-content\/uploads\/2021\/06\/2021-06-10-A-344x193.png 344w, https:\/\/europa2velos.com\/wp-content\/uploads\/2021\/06\/2021-06-10-A.png 1920w\" sizes=\"(max-width: 1024px) 100vw, 1024px\" \/><figcaption>10 juin 2021<\/figcaption><\/figure>\n\n\n\n<p>Jeudi 10 juin&nbsp;: Aujourd&#8217;hui on d\u00e9marre un peu tard car Elio passe chez le coiffeur. On a un appel avec la classe de Najac l\u2019apr\u00e8s-midi, mais \u00e0 cause de probl\u00e8mes techniques, l&#8217;appel est d\u00e9cal\u00e9 d&#8217;une heure et dure assez longtemps.<\/p>\n\n\n\n<p>On prend donc un train pour pouvoir arriver le soir chez nos h\u00f4tes, des amis de Jean-Pierre. On arrive chez eux en fin d&#8217;aprem, la vue est magnifique sur le golfe de Saint Rapha\u00ebl et l\u2019Est\u00e9rel au fond. Fran\u00e7oise et Jean-Jacques sont super sympas, on fait un plouf dans leur piscine, puis on mange avec eux \u2013 ils nous ont fait un bon d\u00eener \u2013 tout en discutant longuement de divers sujets, notamment en comparant la vie de campagnards comme nous et la vie de parisiens comme eux \u2013 avant qu\u2019ils viennent habiter ici. Tr\u00e8s int\u00e9ressant.<\/p>\n\n\n\n<figure class=\"wp-block-image size-large\"><img loading=\"lazy\" width=\"1024\" height=\"472\" src=\"http:\/\/europa2velos.com\/wp-content\/uploads\/2021\/06\/IMG_20210610_171851-1024x472.jpg\" alt=\"\" class=\"wp-image-3630\" srcset=\"https:\/\/europa2velos.com\/wp-content\/uploads\/2021\/06\/IMG_20210610_171851-1024x472.jpg 1024w, https:\/\/europa2velos.com\/wp-content\/uploads\/2021\/06\/IMG_20210610_171851-300x138.jpg 300w, https:\/\/europa2velos.com\/wp-content\/uploads\/2021\/06\/IMG_20210610_171851-768x354.jpg 768w, https:\/\/europa2velos.com\/wp-content\/uploads\/2021\/06\/IMG_20210610_171851-1536x708.jpg 1536w, https:\/\/europa2velos.com\/wp-content\/uploads\/2021\/06\/IMG_20210610_171851-2048x943.jpg 2048w\" sizes=\"(max-width: 1024px) 100vw, 1024px\" \/><figcaption>Une c\u00f4te tr\u00e8s construite&#8230;<\/figcaption><\/figure>\n\n\n\n<figure class=\"wp-block-image size-large\"><img loading=\"lazy\" width=\"1024\" height=\"472\" src=\"http:\/\/europa2velos.com\/wp-content\/uploads\/2021\/06\/IMG_20210610_192729-1024x472.jpg\" alt=\"\" class=\"wp-image-3631\" srcset=\"https:\/\/europa2velos.com\/wp-content\/uploads\/2021\/06\/IMG_20210610_192729-1024x472.jpg 1024w, https:\/\/europa2velos.com\/wp-content\/uploads\/2021\/06\/IMG_20210610_192729-300x138.jpg 300w, https:\/\/europa2velos.com\/wp-content\/uploads\/2021\/06\/IMG_20210610_192729-768x354.jpg 768w, https:\/\/europa2velos.com\/wp-content\/uploads\/2021\/06\/IMG_20210610_192729-1536x707.jpg 1536w, https:\/\/europa2velos.com\/wp-content\/uploads\/2021\/06\/IMG_20210610_192729-2048x943.jpg 2048w\" sizes=\"(max-width: 1024px) 100vw, 1024px\" \/><figcaption>La vue, chez Fran\u00e7oise et Jean-Jacques<\/figcaption><\/figure>\n\n\n\n<figure class=\"wp-block-image size-large\"><img loading=\"lazy\" width=\"1024\" height=\"576\" src=\"http:\/\/europa2velos.com\/wp-content\/uploads\/2021\/06\/2021-06-11-A-1024x576.png\" alt=\"\" class=\"wp-image-3615\" srcset=\"https:\/\/europa2velos.com\/wp-content\/uploads\/2021\/06\/2021-06-11-A-1024x576.png 1024w, https:\/\/europa2velos.com\/wp-content\/uploads\/2021\/06\/2021-06-11-A-300x169.png 300w, https:\/\/europa2velos.com\/wp-content\/uploads\/2021\/06\/2021-06-11-A-768x432.png 768w, https:\/\/europa2velos.com\/wp-content\/uploads\/2021\/06\/2021-06-11-A-1536x864.png 1536w, https:\/\/europa2velos.com\/wp-content\/uploads\/2021\/06\/2021-06-11-A-1104x621.png 1104w, https:\/\/europa2velos.com\/wp-content\/uploads\/2021\/06\/2021-06-11-A-366x205.png 366w, https:\/\/europa2velos.com\/wp-content\/uploads\/2021\/06\/2021-06-11-A-534x300.png 534w, https:\/\/europa2velos.com\/wp-content\/uploads\/2021\/06\/2021-06-11-A-165x92.png 165w, https:\/\/europa2velos.com\/wp-content\/uploads\/2021\/06\/2021-06-11-A-249x140.png 249w, https:\/\/europa2velos.com\/wp-content\/uploads\/2021\/06\/2021-06-11-A-232x130.png 232w, https:\/\/europa2velos.com\/wp-content\/uploads\/2021\/06\/2021-06-11-A-344x193.png 344w, https:\/\/europa2velos.com\/wp-content\/uploads\/2021\/06\/2021-06-11-A.png 1920w\" sizes=\"(max-width: 1024px) 100vw, 1024px\" \/><figcaption>11 juin 2021<\/figcaption><\/figure>\n\n\n\n<p>Vendredi 11 juin&nbsp;: R\u00e9veil \u00e0 l\u2019aube pour voir le lever de soleil sur la mer. On part assez t\u00f4t pour pouvoir rouler bien. On s\u2019arr\u00eate pour manger en route\u2026 et pour se baigner sur cette belle c\u00f4te des Maures. On arrive le soir vers Le Rayol, un village en bord de mer o\u00f9 on s&#8217;installe pour la nuit, sur une plage d\u2019une crique un peu cach\u00e9e, parce qu\u2019ici comme ailleurs, le camping sauvage n\u2019est pas autoris\u00e9. On passe une bonne soir\u00e9e sur la plage \u00e0 la belle \u00e9toile.<\/p>\n\n\n\n<figure class=\"wp-block-image size-large\"><img loading=\"lazy\" width=\"1024\" height=\"497\" src=\"http:\/\/europa2velos.com\/wp-content\/uploads\/2021\/06\/IMG_20210611_054937-1024x497.jpg\" alt=\"\" class=\"wp-image-3633\" srcset=\"https:\/\/europa2velos.com\/wp-content\/uploads\/2021\/06\/IMG_20210611_054937-1024x497.jpg 1024w, https:\/\/europa2velos.com\/wp-content\/uploads\/2021\/06\/IMG_20210611_054937-300x146.jpg 300w, https:\/\/europa2velos.com\/wp-content\/uploads\/2021\/06\/IMG_20210611_054937-768x372.jpg 768w, https:\/\/europa2velos.com\/wp-content\/uploads\/2021\/06\/IMG_20210611_054937-1536x745.jpg 1536w, https:\/\/europa2velos.com\/wp-content\/uploads\/2021\/06\/IMG_20210611_054937-2048x993.jpg 2048w\" sizes=\"(max-width: 1024px) 100vw, 1024px\" \/><figcaption>5h49<\/figcaption><\/figure>\n\n\n\n<figure class=\"wp-block-image size-large\"><img loading=\"lazy\" width=\"1024\" height=\"690\" src=\"http:\/\/europa2velos.com\/wp-content\/uploads\/2021\/06\/IMG_20210611_055403-1024x690.jpg\" alt=\"\" class=\"wp-image-3634\" srcset=\"https:\/\/europa2velos.com\/wp-content\/uploads\/2021\/06\/IMG_20210611_055403-1024x690.jpg 1024w, https:\/\/europa2velos.com\/wp-content\/uploads\/2021\/06\/IMG_20210611_055403-300x202.jpg 300w, https:\/\/europa2velos.com\/wp-content\/uploads\/2021\/06\/IMG_20210611_055403-768x518.jpg 768w, https:\/\/europa2velos.com\/wp-content\/uploads\/2021\/06\/IMG_20210611_055403-1536x1035.jpg 1536w, https:\/\/europa2velos.com\/wp-content\/uploads\/2021\/06\/IMG_20210611_055403-2048x1381.jpg 2048w, https:\/\/europa2velos.com\/wp-content\/uploads\/2021\/06\/IMG_20210611_055403-76x50.jpg 76w, https:\/\/europa2velos.com\/wp-content\/uploads\/2021\/06\/IMG_20210611_055403-123x82.jpg 123w, https:\/\/europa2velos.com\/wp-content\/uploads\/2021\/06\/IMG_20210611_055403-83x55.jpg 83w, https:\/\/europa2velos.com\/wp-content\/uploads\/2021\/06\/IMG_20210611_055403-125x83.jpg 125w, https:\/\/europa2velos.com\/wp-content\/uploads\/2021\/06\/IMG_20210611_055403-264x178.jpg 264w\" sizes=\"(max-width: 1024px) 100vw, 1024px\" \/><figcaption>5h54<\/figcaption><\/figure>\n\n\n\n<figure class=\"wp-block-image size-large\"><img loading=\"lazy\" width=\"1024\" height=\"474\" src=\"http:\/\/europa2velos.com\/wp-content\/uploads\/2021\/06\/IMG_20210611_055959-1024x474.jpg\" alt=\"\" class=\"wp-image-3637\" srcset=\"https:\/\/europa2velos.com\/wp-content\/uploads\/2021\/06\/IMG_20210611_055959-1024x474.jpg 1024w, https:\/\/europa2velos.com\/wp-content\/uploads\/2021\/06\/IMG_20210611_055959-300x139.jpg 300w, https:\/\/europa2velos.com\/wp-content\/uploads\/2021\/06\/IMG_20210611_055959-768x355.jpg 768w, https:\/\/europa2velos.com\/wp-content\/uploads\/2021\/06\/IMG_20210611_055959-1536x710.jpg 1536w, https:\/\/europa2velos.com\/wp-content\/uploads\/2021\/06\/IMG_20210611_055959-2048x947.jpg 2048w\" sizes=\"(max-width: 1024px) 100vw, 1024px\" \/><figcaption>5h59<\/figcaption><\/figure>\n\n\n\n<figure class=\"wp-block-image size-large\"><img loading=\"lazy\" width=\"1024\" height=\"472\" src=\"http:\/\/europa2velos.com\/wp-content\/uploads\/2021\/06\/IMG_20210611_180313-1024x472.jpg\" alt=\"\" class=\"wp-image-3638\" srcset=\"https:\/\/europa2velos.com\/wp-content\/uploads\/2021\/06\/IMG_20210611_180313-1024x472.jpg 1024w, https:\/\/europa2velos.com\/wp-content\/uploads\/2021\/06\/IMG_20210611_180313-300x138.jpg 300w, https:\/\/europa2velos.com\/wp-content\/uploads\/2021\/06\/IMG_20210611_180313-768x354.jpg 768w, https:\/\/europa2velos.com\/wp-content\/uploads\/2021\/06\/IMG_20210611_180313-1536x707.jpg 1536w, https:\/\/europa2velos.com\/wp-content\/uploads\/2021\/06\/IMG_20210611_180313-2048x943.jpg 2048w\" sizes=\"(max-width: 1024px) 100vw, 1024px\" \/><figcaption>Vers Le Rayol<\/figcaption><\/figure>\n\n\n\n<figure class=\"wp-block-image size-large\"><img loading=\"lazy\" width=\"1024\" height=\"576\" src=\"http:\/\/europa2velos.com\/wp-content\/uploads\/2021\/06\/2021-06-12-A-1024x576.png\" alt=\"\" class=\"wp-image-3616\" srcset=\"https:\/\/europa2velos.com\/wp-content\/uploads\/2021\/06\/2021-06-12-A-1024x576.png 1024w, https:\/\/europa2velos.com\/wp-content\/uploads\/2021\/06\/2021-06-12-A-300x169.png 300w, https:\/\/europa2velos.com\/wp-content\/uploads\/2021\/06\/2021-06-12-A-768x432.png 768w, https:\/\/europa2velos.com\/wp-content\/uploads\/2021\/06\/2021-06-12-A-1536x864.png 1536w, https:\/\/europa2velos.com\/wp-content\/uploads\/2021\/06\/2021-06-12-A-1104x621.png 1104w, https:\/\/europa2velos.com\/wp-content\/uploads\/2021\/06\/2021-06-12-A-366x205.png 366w, https:\/\/europa2velos.com\/wp-content\/uploads\/2021\/06\/2021-06-12-A-534x300.png 534w, https:\/\/europa2velos.com\/wp-content\/uploads\/2021\/06\/2021-06-12-A-165x92.png 165w, https:\/\/europa2velos.com\/wp-content\/uploads\/2021\/06\/2021-06-12-A-249x140.png 249w, https:\/\/europa2velos.com\/wp-content\/uploads\/2021\/06\/2021-06-12-A-232x130.png 232w, https:\/\/europa2velos.com\/wp-content\/uploads\/2021\/06\/2021-06-12-A-344x193.png 344w, https:\/\/europa2velos.com\/wp-content\/uploads\/2021\/06\/2021-06-12-A.png 1920w\" sizes=\"(max-width: 1024px) 100vw, 1024px\" \/><figcaption>12 juin 2021<\/figcaption><\/figure>\n\n\n\n<p>Samedi 12 juin&nbsp;: Aujourd&#8217;hui on roule un peu puis on prend un train pour arriver \u00e0 Marseille \u00e0 temps car on \u00e9tait trop juste niveau timing. Le soir nous sommes h\u00e9berg\u00e9s par C\u00e9line, la Tatie d&#8217;Elio et son fils Thomas.<\/p>\n\n\n\n<p>On visite Marseille, puis on retrouve Damien qui nous rejoint sur le vieux port&nbsp;! \u00c7a y est le \u00ab&nbsp;pilou gang&nbsp;\u00bb (Cl\u00e9ment, Damien, Elio, Justin) est de nouveau r\u00e9uni !!<\/p>\n\n\n\n<figure class=\"wp-block-image size-large\"><img loading=\"lazy\" width=\"1024\" height=\"472\" src=\"http:\/\/europa2velos.com\/wp-content\/uploads\/2021\/06\/IMG_20210612_180022-1024x472.jpg\" alt=\"\" class=\"wp-image-3639\" srcset=\"https:\/\/europa2velos.com\/wp-content\/uploads\/2021\/06\/IMG_20210612_180022-1024x472.jpg 1024w, https:\/\/europa2velos.com\/wp-content\/uploads\/2021\/06\/IMG_20210612_180022-300x138.jpg 300w, https:\/\/europa2velos.com\/wp-content\/uploads\/2021\/06\/IMG_20210612_180022-768x354.jpg 768w, https:\/\/europa2velos.com\/wp-content\/uploads\/2021\/06\/IMG_20210612_180022-1536x707.jpg 1536w, https:\/\/europa2velos.com\/wp-content\/uploads\/2021\/06\/IMG_20210612_180022-2048x943.jpg 2048w\" sizes=\"(max-width: 1024px) 100vw, 1024px\" \/><figcaption>Marseille<\/figcaption><\/figure>\n\n\n\n<figure class=\"wp-block-image size-large\"><img loading=\"lazy\" width=\"1024\" height=\"472\" src=\"http:\/\/europa2velos.com\/wp-content\/uploads\/2021\/06\/IMG_20210612_180459-1024x472.jpg\" alt=\"\" class=\"wp-image-3640\" srcset=\"https:\/\/europa2velos.com\/wp-content\/uploads\/2021\/06\/IMG_20210612_180459-1024x472.jpg 1024w, https:\/\/europa2velos.com\/wp-content\/uploads\/2021\/06\/IMG_20210612_180459-300x138.jpg 300w, https:\/\/europa2velos.com\/wp-content\/uploads\/2021\/06\/IMG_20210612_180459-768x354.jpg 768w, https:\/\/europa2velos.com\/wp-content\/uploads\/2021\/06\/IMG_20210612_180459-1536x707.jpg 1536w, https:\/\/europa2velos.com\/wp-content\/uploads\/2021\/06\/IMG_20210612_180459-2048x943.jpg 2048w\" sizes=\"(max-width: 1024px) 100vw, 1024px\" \/><figcaption>L&#8217;entr\u00e9e du Vieux Port<\/figcaption><\/figure>\n\n\n\n<figure class=\"wp-block-image size-large\"><img loading=\"lazy\" width=\"1024\" height=\"472\" src=\"http:\/\/europa2velos.com\/wp-content\/uploads\/2021\/06\/IMG_20210612_180552-1024x472.jpg\" alt=\"\" class=\"wp-image-3641\" srcset=\"https:\/\/europa2velos.com\/wp-content\/uploads\/2021\/06\/IMG_20210612_180552-1024x472.jpg 1024w, https:\/\/europa2velos.com\/wp-content\/uploads\/2021\/06\/IMG_20210612_180552-300x138.jpg 300w, https:\/\/europa2velos.com\/wp-content\/uploads\/2021\/06\/IMG_20210612_180552-768x354.jpg 768w, https:\/\/europa2velos.com\/wp-content\/uploads\/2021\/06\/IMG_20210612_180552-1536x707.jpg 1536w, https:\/\/europa2velos.com\/wp-content\/uploads\/2021\/06\/IMG_20210612_180552-2048x943.jpg 2048w\" sizes=\"(max-width: 1024px) 100vw, 1024px\" \/><figcaption>Le Mucem, \u00e0 droite<\/figcaption><\/figure>\n\n\n\n<figure class=\"wp-block-image size-large\"><img loading=\"lazy\" width=\"1024\" height=\"576\" src=\"http:\/\/europa2velos.com\/wp-content\/uploads\/2021\/06\/2021-06-13-A-1024x576.png\" alt=\"\" class=\"wp-image-3617\" srcset=\"https:\/\/europa2velos.com\/wp-content\/uploads\/2021\/06\/2021-06-13-A-1024x576.png 1024w, https:\/\/europa2velos.com\/wp-content\/uploads\/2021\/06\/2021-06-13-A-300x169.png 300w, https:\/\/europa2velos.com\/wp-content\/uploads\/2021\/06\/2021-06-13-A-768x432.png 768w, https:\/\/europa2velos.com\/wp-content\/uploads\/2021\/06\/2021-06-13-A-1536x864.png 1536w, https:\/\/europa2velos.com\/wp-content\/uploads\/2021\/06\/2021-06-13-A-1104x621.png 1104w, https:\/\/europa2velos.com\/wp-content\/uploads\/2021\/06\/2021-06-13-A-366x205.png 366w, https:\/\/europa2velos.com\/wp-content\/uploads\/2021\/06\/2021-06-13-A-534x300.png 534w, https:\/\/europa2velos.com\/wp-content\/uploads\/2021\/06\/2021-06-13-A-165x92.png 165w, https:\/\/europa2velos.com\/wp-content\/uploads\/2021\/06\/2021-06-13-A-249x140.png 249w, https:\/\/europa2velos.com\/wp-content\/uploads\/2021\/06\/2021-06-13-A-232x130.png 232w, https:\/\/europa2velos.com\/wp-content\/uploads\/2021\/06\/2021-06-13-A-344x193.png 344w, https:\/\/europa2velos.com\/wp-content\/uploads\/2021\/06\/2021-06-13-A.png 1920w\" sizes=\"(max-width: 1024px) 100vw, 1024px\" \/><figcaption>13 juin 2021<\/figcaption><\/figure>\n\n\n\n<p>Dimanche 13 juin : Elio&nbsp;: \u00ab&nbsp;Avec Damien, j\u2019emm\u00e8ne mon petit cousin Thomas \u00e0 la messe. une premi\u00e8re exp\u00e9rience, assez peu sensationnelle\u2026&nbsp;\u00bb Apr\u00e8s le retour, nous pr\u00e9parons les affaires et, pour \u00eatre \u00e0 temps \u00e0 Montpellier, nous devons nous avancer en train jusqu&#8217;\u00e0 Arles. Oui, c\u2019est vrai, c\u2019est le troisi\u00e8me trajet en train de la semaine\u2026 mais voil\u00e0, c\u2019est le retour, nous avons des imp\u00e9ratifs et le tour d\u2019Europe commence \u00e0 nous para\u00eetre derri\u00e8re nous, depuis le passage de la fronti\u00e8re fran\u00e7aise. Nous voici \u00e0 la gare d\u2019Arles, o\u00f9 des dealers proposeront du <em>&#8220;bon shit sa m\u00e8re&#8221;<\/em> \u00e0 notre Damien national.<\/p>\n\n\n\n<p>Nous faisons ensuite la route \u00e0 v\u00e9lo jusqu&#8217;\u00e0 Verg\u00e8se. Petite anecdote : nous avons failli mourir \u00e9cras\u00e9s par un jet ski lanc\u00e9 \u00e0 pleine vitesse contre un mur. Je n&#8217;en dirai pas plus, mais c&#8217;est une <em>true story<\/em>. Nous arrivons \u00e0 19h chez Axel, un comp\u00e8re de Cl\u00e9ment et Damien, qui nous accueille pour la soir\u00e9e, dans son humble demeure dot\u00e9e d&#8217;une piscine (sans d\u00e9bordement, faut pas abuser). Nous dormons \u00e0 la belle \u00e9toile dans son jardin.<\/p>\n\n\n\n<figure class=\"wp-block-image size-large\"><img loading=\"lazy\" width=\"1024\" height=\"768\" src=\"http:\/\/europa2velos.com\/wp-content\/uploads\/2021\/06\/IMG-20210616-WA0046-1024x768.jpg\" alt=\"\" class=\"wp-image-3650\" srcset=\"https:\/\/europa2velos.com\/wp-content\/uploads\/2021\/06\/IMG-20210616-WA0046-1024x768.jpg 1024w, https:\/\/europa2velos.com\/wp-content\/uploads\/2021\/06\/IMG-20210616-WA0046-300x225.jpg 300w, https:\/\/europa2velos.com\/wp-content\/uploads\/2021\/06\/IMG-20210616-WA0046-768x576.jpg 768w, https:\/\/europa2velos.com\/wp-content\/uploads\/2021\/06\/IMG-20210616-WA0046-1536x1152.jpg 1536w, https:\/\/europa2velos.com\/wp-content\/uploads\/2021\/06\/IMG-20210616-WA0046.jpg 1600w\" sizes=\"(max-width: 1024px) 100vw, 1024px\" \/><figcaption>Cl\u00e9ment, Damien, Elio, Thomas, Justin<\/figcaption><\/figure>\n\n\n\n<figure class=\"wp-block-image size-large\"><img loading=\"lazy\" width=\"1024\" height=\"576\" src=\"http:\/\/europa2velos.com\/wp-content\/uploads\/2021\/06\/Videoframe_20210615_224138_com.huawei.himovie.overseas-1024x576.jpg\" alt=\"\" class=\"wp-image-3642\" srcset=\"https:\/\/europa2velos.com\/wp-content\/uploads\/2021\/06\/Videoframe_20210615_224138_com.huawei.himovie.overseas-1024x576.jpg 1024w, https:\/\/europa2velos.com\/wp-content\/uploads\/2021\/06\/Videoframe_20210615_224138_com.huawei.himovie.overseas-300x169.jpg 300w, https:\/\/europa2velos.com\/wp-content\/uploads\/2021\/06\/Videoframe_20210615_224138_com.huawei.himovie.overseas-768x432.jpg 768w, https:\/\/europa2velos.com\/wp-content\/uploads\/2021\/06\/Videoframe_20210615_224138_com.huawei.himovie.overseas-1536x864.jpg 1536w, https:\/\/europa2velos.com\/wp-content\/uploads\/2021\/06\/Videoframe_20210615_224138_com.huawei.himovie.overseas-2048x1152.jpg 2048w, https:\/\/europa2velos.com\/wp-content\/uploads\/2021\/06\/Videoframe_20210615_224138_com.huawei.himovie.overseas-1104x621.jpg 1104w, https:\/\/europa2velos.com\/wp-content\/uploads\/2021\/06\/Videoframe_20210615_224138_com.huawei.himovie.overseas-366x205.jpg 366w, https:\/\/europa2velos.com\/wp-content\/uploads\/2021\/06\/Videoframe_20210615_224138_com.huawei.himovie.overseas-534x300.jpg 534w, https:\/\/europa2velos.com\/wp-content\/uploads\/2021\/06\/Videoframe_20210615_224138_com.huawei.himovie.overseas-165x92.jpg 165w, https:\/\/europa2velos.com\/wp-content\/uploads\/2021\/06\/Videoframe_20210615_224138_com.huawei.himovie.overseas-249x140.jpg 249w, https:\/\/europa2velos.com\/wp-content\/uploads\/2021\/06\/Videoframe_20210615_224138_com.huawei.himovie.overseas-232x130.jpg 232w, https:\/\/europa2velos.com\/wp-content\/uploads\/2021\/06\/Videoframe_20210615_224138_com.huawei.himovie.overseas-344x193.jpg 344w\" sizes=\"(max-width: 1024px) 100vw, 1024px\" \/><\/figure>\n\n\n\n<figure class=\"wp-block-image size-large\"><img loading=\"lazy\" width=\"1024\" height=\"576\" src=\"http:\/\/europa2velos.com\/wp-content\/uploads\/2021\/06\/2021-06-14-A-1024x576.png\" alt=\"\" class=\"wp-image-3618\" srcset=\"https:\/\/europa2velos.com\/wp-content\/uploads\/2021\/06\/2021-06-14-A-1024x576.png 1024w, https:\/\/europa2velos.com\/wp-content\/uploads\/2021\/06\/2021-06-14-A-300x169.png 300w, https:\/\/europa2velos.com\/wp-content\/uploads\/2021\/06\/2021-06-14-A-768x432.png 768w, https:\/\/europa2velos.com\/wp-content\/uploads\/2021\/06\/2021-06-14-A-1536x864.png 1536w, https:\/\/europa2velos.com\/wp-content\/uploads\/2021\/06\/2021-06-14-A-1104x621.png 1104w, https:\/\/europa2velos.com\/wp-content\/uploads\/2021\/06\/2021-06-14-A-366x205.png 366w, https:\/\/europa2velos.com\/wp-content\/uploads\/2021\/06\/2021-06-14-A-534x300.png 534w, https:\/\/europa2velos.com\/wp-content\/uploads\/2021\/06\/2021-06-14-A-165x92.png 165w, https:\/\/europa2velos.com\/wp-content\/uploads\/2021\/06\/2021-06-14-A-249x140.png 249w, https:\/\/europa2velos.com\/wp-content\/uploads\/2021\/06\/2021-06-14-A-232x130.png 232w, https:\/\/europa2velos.com\/wp-content\/uploads\/2021\/06\/2021-06-14-A-344x193.png 344w, https:\/\/europa2velos.com\/wp-content\/uploads\/2021\/06\/2021-06-14-A.png 1920w\" sizes=\"(max-width: 1024px) 100vw, 1024px\" \/><figcaption>14 juin 2021<\/figcaption><\/figure>\n\n\n\n<p>Lundi 14 juin : Nous nous r\u00e9veillons sans point trop tarder, avec la ferme intention d&#8217;arriver \u00e0 Montpellier avant le midi, pour pr\u00e9parer la &#8220;cr\u00e9maill\u00e8re&#8221; du soir. Oui, car Elio d\u00e9couvre enfin l\u2019appart dans lequel il va vivre cette ann\u00e9e en coloc avec Cl\u00e9ment et Damien&nbsp;! Appartement, tr\u00e8s fonctionnel si ce n&#8217;est l&#8217;eau chaude qui ne marche pas encore&#8230;<\/p>\n\n\n\n<p>Apr\u00e8s 4 douches, nous entamons une soir\u00e9e endiabl\u00e9e \u00e0 une dizaine. Justin va au lit plus t\u00f4t, car il est fatigu\u00e9 apr\u00e8s cette journ\u00e9e de dur labeur (\u00e0 ne pas confondre avec &#8220;c&#8217;est dur le beurre&#8221;).<\/p>\n\n\n\n<figure class=\"wp-block-image size-large\"><img loading=\"lazy\" width=\"1024\" height=\"576\" src=\"http:\/\/europa2velos.com\/wp-content\/uploads\/2021\/06\/Videoframe_20210615_224210_com.huawei.himovie.overseas-1024x576.jpg\" alt=\"\" class=\"wp-image-3643\" srcset=\"https:\/\/europa2velos.com\/wp-content\/uploads\/2021\/06\/Videoframe_20210615_224210_com.huawei.himovie.overseas-1024x576.jpg 1024w, https:\/\/europa2velos.com\/wp-content\/uploads\/2021\/06\/Videoframe_20210615_224210_com.huawei.himovie.overseas-300x169.jpg 300w, https:\/\/europa2velos.com\/wp-content\/uploads\/2021\/06\/Videoframe_20210615_224210_com.huawei.himovie.overseas-768x432.jpg 768w, https:\/\/europa2velos.com\/wp-content\/uploads\/2021\/06\/Videoframe_20210615_224210_com.huawei.himovie.overseas-1536x864.jpg 1536w, https:\/\/europa2velos.com\/wp-content\/uploads\/2021\/06\/Videoframe_20210615_224210_com.huawei.himovie.overseas-2048x1152.jpg 2048w, https:\/\/europa2velos.com\/wp-content\/uploads\/2021\/06\/Videoframe_20210615_224210_com.huawei.himovie.overseas-1104x621.jpg 1104w, https:\/\/europa2velos.com\/wp-content\/uploads\/2021\/06\/Videoframe_20210615_224210_com.huawei.himovie.overseas-366x205.jpg 366w, https:\/\/europa2velos.com\/wp-content\/uploads\/2021\/06\/Videoframe_20210615_224210_com.huawei.himovie.overseas-534x300.jpg 534w, https:\/\/europa2velos.com\/wp-content\/uploads\/2021\/06\/Videoframe_20210615_224210_com.huawei.himovie.overseas-165x92.jpg 165w, https:\/\/europa2velos.com\/wp-content\/uploads\/2021\/06\/Videoframe_20210615_224210_com.huawei.himovie.overseas-249x140.jpg 249w, https:\/\/europa2velos.com\/wp-content\/uploads\/2021\/06\/Videoframe_20210615_224210_com.huawei.himovie.overseas-232x130.jpg 232w, https:\/\/europa2velos.com\/wp-content\/uploads\/2021\/06\/Videoframe_20210615_224210_com.huawei.himovie.overseas-344x193.jpg 344w\" sizes=\"(max-width: 1024px) 100vw, 1024px\" \/><\/figure>\n\n\n\n<figure class=\"wp-block-image size-large\"><img loading=\"lazy\" width=\"648\" height=\"365\" src=\"http:\/\/europa2velos.com\/wp-content\/uploads\/2021\/06\/IMG_20210615_110302_989.jpg\" alt=\"\" class=\"wp-image-3644\" srcset=\"https:\/\/europa2velos.com\/wp-content\/uploads\/2021\/06\/IMG_20210615_110302_989.jpg 648w, https:\/\/europa2velos.com\/wp-content\/uploads\/2021\/06\/IMG_20210615_110302_989-300x169.jpg 300w, https:\/\/europa2velos.com\/wp-content\/uploads\/2021\/06\/IMG_20210615_110302_989-366x205.jpg 366w, https:\/\/europa2velos.com\/wp-content\/uploads\/2021\/06\/IMG_20210615_110302_989-534x300.jpg 534w, https:\/\/europa2velos.com\/wp-content\/uploads\/2021\/06\/IMG_20210615_110302_989-165x92.jpg 165w, https:\/\/europa2velos.com\/wp-content\/uploads\/2021\/06\/IMG_20210615_110302_989-249x140.jpg 249w, https:\/\/europa2velos.com\/wp-content\/uploads\/2021\/06\/IMG_20210615_110302_989-232x130.jpg 232w, https:\/\/europa2velos.com\/wp-content\/uploads\/2021\/06\/IMG_20210615_110302_989-344x193.jpg 344w\" sizes=\"(max-width: 648px) 100vw, 648px\" \/><\/figure>\n\n\n\n<figure class=\"wp-block-image size-large\"><img loading=\"lazy\" width=\"1024\" height=\"576\" src=\"http:\/\/europa2velos.com\/wp-content\/uploads\/2021\/06\/2021-06-15-1024x576.png\" alt=\"\" class=\"wp-image-3619\" srcset=\"https:\/\/europa2velos.com\/wp-content\/uploads\/2021\/06\/2021-06-15-1024x576.png 1024w, https:\/\/europa2velos.com\/wp-content\/uploads\/2021\/06\/2021-06-15-300x169.png 300w, https:\/\/europa2velos.com\/wp-content\/uploads\/2021\/06\/2021-06-15-768x432.png 768w, https:\/\/europa2velos.com\/wp-content\/uploads\/2021\/06\/2021-06-15-1536x864.png 1536w, https:\/\/europa2velos.com\/wp-content\/uploads\/2021\/06\/2021-06-15-1104x621.png 1104w, https:\/\/europa2velos.com\/wp-content\/uploads\/2021\/06\/2021-06-15-366x205.png 366w, https:\/\/europa2velos.com\/wp-content\/uploads\/2021\/06\/2021-06-15-534x300.png 534w, https:\/\/europa2velos.com\/wp-content\/uploads\/2021\/06\/2021-06-15-165x92.png 165w, https:\/\/europa2velos.com\/wp-content\/uploads\/2021\/06\/2021-06-15-249x140.png 249w, https:\/\/europa2velos.com\/wp-content\/uploads\/2021\/06\/2021-06-15-232x130.png 232w, https:\/\/europa2velos.com\/wp-content\/uploads\/2021\/06\/2021-06-15-344x193.png 344w, https:\/\/europa2velos.com\/wp-content\/uploads\/2021\/06\/2021-06-15.png 1920w\" sizes=\"(max-width: 1024px) 100vw, 1024px\" \/><figcaption>15 juin 2021<\/figcaption><\/figure>\n\n\n\n<p>Mardi 15 juin : Elio \u00ab&nbsp;RDV en ville avec une chanteuse avec qui quelques projets sont en train d&#8217;engrainer dans nos t\u00eates. Je me rach\u00e8te un bob pour la 754\u00e8me fois, apr\u00e8s de nombreuses pertes. Pendant ce temps Justin est rest\u00e9 \u00e0 l\u2019appart.<\/p>\n\n\n\n<p>Soir\u00e9e endiabl\u00e9e \u00e0 4, le pilou gang au complet, devant France-Allemagne (trop chiant le hors-jeu \u00e0 la 56\u00e8me l\u00e0) (y&#8217;avait penalty aussi) (Benzema tkt, la prochaine sera la bonne). Repas chinois, tr\u00e8s bon, s\u00e9rie Lupin, tr\u00e8s bien, chaleur, c&#8217;est nulle, moustiques, \u00e7a pique, voitures, \u00e7a p\u00e9tarade, n&#8217;ouvrez pas les fen\u00eatres, il fait chaud, prot\u00e9gez-vous et votez dimanche.\u00a0\u00bb<\/p>\n\n\n\n<figure class=\"wp-block-image size-large\"><img loading=\"lazy\" width=\"1024\" height=\"768\" src=\"http:\/\/europa2velos.com\/wp-content\/uploads\/2021\/06\/20210616_122903-1024x768.jpg\" alt=\"\" class=\"wp-image-3645\" srcset=\"https:\/\/europa2velos.com\/wp-content\/uploads\/2021\/06\/20210616_122903-1024x768.jpg 1024w, https:\/\/europa2velos.com\/wp-content\/uploads\/2021\/06\/20210616_122903-300x225.jpg 300w, https:\/\/europa2velos.com\/wp-content\/uploads\/2021\/06\/20210616_122903-768x576.jpg 768w, https:\/\/europa2velos.com\/wp-content\/uploads\/2021\/06\/20210616_122903-1536x1152.jpg 1536w, https:\/\/europa2velos.com\/wp-content\/uploads\/2021\/06\/20210616_122903-2048x1536.jpg 2048w\" sizes=\"(max-width: 1024px) 100vw, 1024px\" \/><figcaption>Montpellier<\/figcaption><\/figure>\n\n\n\n<figure class=\"wp-block-image size-large is-resized\"><img loading=\"lazy\" src=\"http:\/\/europa2velos.com\/wp-content\/uploads\/2021\/06\/Videoframe_20210616_182213_com.huawei.himovie.overseas-903x1024.jpg\" alt=\"\" class=\"wp-image-3646\" width=\"798\" height=\"904\" srcset=\"https:\/\/europa2velos.com\/wp-content\/uploads\/2021\/06\/Videoframe_20210616_182213_com.huawei.himovie.overseas-903x1024.jpg 903w, https:\/\/europa2velos.com\/wp-content\/uploads\/2021\/06\/Videoframe_20210616_182213_com.huawei.himovie.overseas-265x300.jpg 265w, https:\/\/europa2velos.com\/wp-content\/uploads\/2021\/06\/Videoframe_20210616_182213_com.huawei.himovie.overseas-768x871.jpg 768w, https:\/\/europa2velos.com\/wp-content\/uploads\/2021\/06\/Videoframe_20210616_182213_com.huawei.himovie.overseas.jpg 958w\" sizes=\"(max-width: 798px) 100vw, 798px\" \/><figcaption>Vu de l&#8217;appart<\/figcaption><\/figure>\n\n\n\n<figure class=\"wp-block-image size-large\"><img loading=\"lazy\" width=\"1024\" height=\"472\" src=\"http:\/\/europa2velos.com\/wp-content\/uploads\/2021\/06\/IMG_20210615_225948-1024x472.jpg\" alt=\"\" class=\"wp-image-3647\" srcset=\"https:\/\/europa2velos.com\/wp-content\/uploads\/2021\/06\/IMG_20210615_225948-1024x472.jpg 1024w, https:\/\/europa2velos.com\/wp-content\/uploads\/2021\/06\/IMG_20210615_225948-300x138.jpg 300w, https:\/\/europa2velos.com\/wp-content\/uploads\/2021\/06\/IMG_20210615_225948-768x354.jpg 768w, https:\/\/europa2velos.com\/wp-content\/uploads\/2021\/06\/IMG_20210615_225948-1536x707.jpg 1536w, https:\/\/europa2velos.com\/wp-content\/uploads\/2021\/06\/IMG_20210615_225948-2048x943.jpg 2048w\" sizes=\"(max-width: 1024px) 100vw, 1024px\" \/><figcaption>Soir\u00e9e foot<\/figcaption><\/figure>\n\n\n\n<p>A la prochaine pour les quatre derniers jours du voyage qui s\u2019ach\u00e8ve samedi \u00e0 Najac&nbsp;!<\/p>\n\n\n\n<p><\/p>\n","protected":false},"excerpt":{"rendered":"<p>du 9 au 15 juin : de la c\u00f4te d\u2019Azur \u00e0 Montpellier<\/p>\n","protected":false},"author":1,"featured_media":3611,"comment_status":"open","ping_status":"open","sticky":false,"template":"","format":"standard","meta":[],"categories":[7],"tags":[],"yoast_head":"<!-- This site is optimized with the Yoast SEO plugin v14.0.4 - https:\/\/yoast.com\/wordpress\/plugins\/seo\/ -->\n<title>Parcours : semaine 47 - Europa2velos<\/title>\n<meta name=\"description\" content=\"47\u00e8me semaine du tour d&#039;Europe \u00e0 v\u00e9lo de deux ados sur le th\u00e8me de la transition \u00e9cologique et de la citoyennet\u00e9 europ\u00e9enne : la c\u00f4te d\u2019Azur, Marseille, Montpellier\" \/>\n<meta name=\"robots\" content=\"index, follow\" \/>\n<meta name=\"googlebot\" content=\"index, follow, max-snippet:-1, max-image-preview:large, max-video-preview:-1\" \/>\n<meta name=\"bingbot\" content=\"index, follow, max-snippet:-1, max-image-preview:large, max-video-preview:-1\" \/>\n<link rel=\"canonical\" href=\"http:\/\/europa2velos.com\/index.php\/2021\/06\/16\/parcours-semaine-47\/\" \/>\n<meta property=\"og:locale\" content=\"fr_FR\" \/>\n<meta property=\"og:type\" content=\"article\" \/>\n<meta property=\"og:title\" content=\"Parcours : semaine 47 - Europa2velos\" \/>\n<meta property=\"og:description\" content=\"47\u00e8me semaine du tour d&#039;Europe \u00e0 v\u00e9lo de deux ados sur le th\u00e8me de la transition \u00e9cologique et de la citoyennet\u00e9 europ\u00e9enne : la c\u00f4te d\u2019Azur, Marseille, Montpellier\" \/>\n<meta property=\"og:url\" content=\"http:\/\/europa2velos.com\/index.php\/2021\/06\/16\/parcours-semaine-47\/\" \/>\n<meta property=\"og:site_name\" content=\"Europa2velos\" \/>\n<meta property=\"article:published_time\" content=\"2021-06-16T17:25:31+00:00\" \/>\n<meta property=\"article:modified_time\" content=\"2021-06-18T20:45:08+00:00\" \/>\n<meta property=\"og:image\" content=\"http:\/\/europa2velos.com\/wp-content\/uploads\/2021\/06\/0-2021-06-09-a\u0300-15-.png\" \/>\n\t<meta property=\"og:image:width\" content=\"1920\" \/>\n\t<meta property=\"og:image:height\" content=\"1080\" \/>\n<meta name=\"twitter:card\" content=\"summary_large_image\" \/>\n<script type=\"application\/ld+json\" class=\"yoast-schema-graph\">{\"@context\":\"https:\/\/schema.org\",\"@graph\":[{\"@type\":\"WebSite\",\"@id\":\"https:\/\/europa2velos.com\/#website\",\"url\":\"https:\/\/europa2velos.com\/\",\"name\":\"Europa2velos\",\"description\":\"Le tour d&#039;Europe \\u00e0 v\\u00e9lo de deux ados\",\"potentialAction\":[{\"@type\":\"SearchAction\",\"target\":\"https:\/\/europa2velos.com\/?s={search_term_string}\",\"query-input\":\"required name=search_term_string\"}],\"inLanguage\":\"fr-FR\"},{\"@type\":\"ImageObject\",\"@id\":\"http:\/\/europa2velos.com\/index.php\/2021\/06\/16\/parcours-semaine-47\/#primaryimage\",\"inLanguage\":\"fr-FR\",\"url\":\"https:\/\/europa2velos.com\/wp-content\/uploads\/2021\/06\/0-2021-06-09-a\\u0300-15-.png\",\"width\":1920,\"height\":1080},{\"@type\":\"WebPage\",\"@id\":\"http:\/\/europa2velos.com\/index.php\/2021\/06\/16\/parcours-semaine-47\/#webpage\",\"url\":\"http:\/\/europa2velos.com\/index.php\/2021\/06\/16\/parcours-semaine-47\/\",\"name\":\"Parcours : semaine 47 - Europa2velos\",\"isPartOf\":{\"@id\":\"https:\/\/europa2velos.com\/#website\"},\"primaryImageOfPage\":{\"@id\":\"http:\/\/europa2velos.com\/index.php\/2021\/06\/16\/parcours-semaine-47\/#primaryimage\"},\"datePublished\":\"2021-06-16T17:25:31+00:00\",\"dateModified\":\"2021-06-18T20:45:08+00:00\",\"author\":{\"@id\":\"https:\/\/europa2velos.com\/#\/schema\/person\/d5f282be03e5aec06ad6591da1af0324\"},\"description\":\"47\\u00e8me semaine du tour d'Europe \\u00e0 v\\u00e9lo de deux ados sur le th\\u00e8me de la transition \\u00e9cologique et de la citoyennet\\u00e9 europ\\u00e9enne : la c\\u00f4te d\\u2019Azur, Marseille, Montpellier\",\"inLanguage\":\"fr-FR\",\"potentialAction\":[{\"@type\":\"ReadAction\",\"target\":[\"http:\/\/europa2velos.com\/index.php\/2021\/06\/16\/parcours-semaine-47\/\"]}]},{\"@type\":[\"Person\"],\"@id\":\"https:\/\/europa2velos.com\/#\/schema\/person\/d5f282be03e5aec06ad6591da1af0324\",\"name\":\"Europa2v\\u00e9los\",\"image\":{\"@type\":\"ImageObject\",\"@id\":\"https:\/\/europa2velos.com\/#personlogo\",\"inLanguage\":\"fr-FR\",\"url\":\"https:\/\/secure.gravatar.com\/avatar\/7e55f9fc671b5244d75c5978bf0e7c51?s=96&d=mm&r=g\",\"caption\":\"Europa2v\\u00e9los\"}}]}<\/script>\n<!-- \/ Yoast SEO plugin. -->","_links":{"self":[{"href":"https:\/\/europa2velos.com\/index.php\/wp-json\/wp\/v2\/posts\/3610"}],"collection":[{"href":"https:\/\/europa2velos.com\/index.php\/wp-json\/wp\/v2\/posts"}],"about":[{"href":"https:\/\/europa2velos.com\/index.php\/wp-json\/wp\/v2\/types\/post"}],"author":[{"embeddable":true,"href":"https:\/\/europa2velos.com\/index.php\/wp-json\/wp\/v2\/users\/1"}],"replies":[{"embeddable":true,"href":"https:\/\/europa2velos.com\/index.php\/wp-json\/wp\/v2\/comments?post=3610"}],"version-history":[{"count":3,"href":"https:\/\/europa2velos.com\/index.php\/wp-json\/wp\/v2\/posts\/3610\/revisions"}],"predecessor-version":[{"id":3652,"href":"https:\/\/europa2velos.com\/index.php\/wp-json\/wp\/v2\/posts\/3610\/revisions\/3652"}],"wp:featuredmedia":[{"embeddable":true,"href":"https:\/\/europa2velos.com\/index.php\/wp-json\/wp\/v2\/media\/3611"}],"wp:attachment":[{"href":"https:\/\/europa2velos.com\/index.php\/wp-json\/wp\/v2\/media?parent=3610"}],"wp:term":[{"taxonomy":"category","embeddable":true,"href":"https:\/\/europa2velos.com\/index.php\/wp-json\/wp\/v2\/categories?post=3610"},{"taxonomy":"post_tag","embeddable":true,"href":"https:\/\/europa2velos.com\/index.php\/wp-json\/wp\/v2\/tags?post=3610"}],"curies":[{"name":"wp","href":"https:\/\/api.w.org\/{rel}","templated":true}]}}