{"id":3515,"date":"2021-06-09T08:33:58","date_gmt":"2021-06-09T06:33:58","guid":{"rendered":"http:\/\/europa2velos.com\/?p=3515"},"modified":"2021-06-14T18:14:23","modified_gmt":"2021-06-14T16:14:23","slug":"parcours-semaine-46","status":"publish","type":"post","link":"https:\/\/europa2velos.com\/index.php\/2021\/06\/09\/parcours-semaine-46\/","title":{"rendered":"Parcours : semaine 46"},"content":{"rendered":"\n<figure class=\"wp-block-image size-large\"><img loading=\"lazy\" width=\"1024\" height=\"640\" src=\"http:\/\/europa2velos.com\/wp-content\/uploads\/2021\/06\/1-2021-06-01-a\u0300-08-Cartes-A-1024x640.png\" alt=\"\" class=\"wp-image-3517\" srcset=\"https:\/\/europa2velos.com\/wp-content\/uploads\/2021\/06\/1-2021-06-01-a\u0300-08-Cartes-A-1024x640.png 1024w, https:\/\/europa2velos.com\/wp-content\/uploads\/2021\/06\/1-2021-06-01-a\u0300-08-Cartes-A-300x188.png 300w, https:\/\/europa2velos.com\/wp-content\/uploads\/2021\/06\/1-2021-06-01-a\u0300-08-Cartes-A-768x480.png 768w, https:\/\/europa2velos.com\/wp-content\/uploads\/2021\/06\/1-2021-06-01-a\u0300-08-Cartes-A-1536x960.png 1536w, https:\/\/europa2velos.com\/wp-content\/uploads\/2021\/06\/1-2021-06-01-a\u0300-08-Cartes-A-2048x1280.png 2048w\" sizes=\"(max-width: 1024px) 100vw, 1024px\" \/><\/figure>\n\n\n\n<p>Du mercredi 2 au mardi 8 juin : Des Cinque Terre \u00e0 San Remo, en passant par G\u00eanes (Genova).<\/p>\n\n\n\n<p>Au total, nous avons fait maintenant 11 300 km \u00e0 v\u00e9lo depuis le d\u00e9part.<\/p>\n\n\n\n<p><strong><em>Cartes, photos et journal de voyage de la semaine :<\/em><\/strong><\/p>\n\n\n\n<figure class=\"wp-block-image size-large\"><img loading=\"lazy\" width=\"1024\" height=\"640\" src=\"http:\/\/europa2velos.com\/wp-content\/uploads\/2021\/06\/2021-06-02-A-1024x640.png\" alt=\"\" class=\"wp-image-3518\" srcset=\"https:\/\/europa2velos.com\/wp-content\/uploads\/2021\/06\/2021-06-02-A-1024x640.png 1024w, https:\/\/europa2velos.com\/wp-content\/uploads\/2021\/06\/2021-06-02-A-300x188.png 300w, https:\/\/europa2velos.com\/wp-content\/uploads\/2021\/06\/2021-06-02-A-768x480.png 768w, https:\/\/europa2velos.com\/wp-content\/uploads\/2021\/06\/2021-06-02-A-1536x960.png 1536w, https:\/\/europa2velos.com\/wp-content\/uploads\/2021\/06\/2021-06-02-A-2048x1280.png 2048w\" sizes=\"(max-width: 1024px) 100vw, 1024px\" \/><figcaption>2 juin 2021<\/figcaption><\/figure>\n\n\n\n<p>Mercredi 2 juin : Au d\u00e9part de La Spezia, une c\u00f4te tr\u00e8s raide tout en \u00e9pingles \u00e0 cheveux pour passer le col qui permet de descendre vers le premier village des Cinque Terre, Riomaggiore. La vue est magnifique&nbsp;! On peut se baigner juste \u00e0 c\u00f4t\u00e9 du village et sauter d\u2019un rocher d\u2019une dizaine de m\u00e8tres de haut. Rencontre avec quelques jeunes italiennes de notre \u00e2ge.<\/p>\n\n\n\n<p>Dans l\u2019apr\u00e8s-midi, on prend le train pour aller \u00e0 Vernazza, le village o\u00f9 nous logeons avec JP. C\u2019est juste 5mn de tunnels et on peut se le payer plut\u00f4t que des <em>gelati<\/em>, pour s\u2019\u00e9viter plus de 15 km de routes avec des pentes de 15 \u00e0 30% qui montent pour redescendre ensuite apr\u00e8s avoir pass\u00e9 les montagnes&nbsp;! On se baigne aussi \u00e0 Vernazza, on d\u00eene avec JP, puis on sort tous les trois et on rencontre des filles sympas sur la petite plage qui donne sur la place du village, o\u00f9 les bars restent ouverts assez tard malgr\u00e9 le couvre-feu\u2026 et du coup on ne rentre pas de bonne heure&nbsp;!<\/p>\n\n\n\n<figure class=\"wp-block-image size-large\"><img loading=\"lazy\" width=\"1024\" height=\"576\" src=\"http:\/\/europa2velos.com\/wp-content\/uploads\/2021\/06\/Capture-de\u0301cran-2021-06-04-a\u0300-07.40.34-1024x576.jpg\" alt=\"\" class=\"wp-image-3526\" srcset=\"https:\/\/europa2velos.com\/wp-content\/uploads\/2021\/06\/Capture-de\u0301cran-2021-06-04-a\u0300-07.40.34-1024x576.jpg 1024w, https:\/\/europa2velos.com\/wp-content\/uploads\/2021\/06\/Capture-de\u0301cran-2021-06-04-a\u0300-07.40.34-300x169.jpg 300w, https:\/\/europa2velos.com\/wp-content\/uploads\/2021\/06\/Capture-de\u0301cran-2021-06-04-a\u0300-07.40.34-768x432.jpg 768w, https:\/\/europa2velos.com\/wp-content\/uploads\/2021\/06\/Capture-de\u0301cran-2021-06-04-a\u0300-07.40.34-1536x864.jpg 1536w, https:\/\/europa2velos.com\/wp-content\/uploads\/2021\/06\/Capture-de\u0301cran-2021-06-04-a\u0300-07.40.34-2048x1152.jpg 2048w, https:\/\/europa2velos.com\/wp-content\/uploads\/2021\/06\/Capture-de\u0301cran-2021-06-04-a\u0300-07.40.34-1104x621.jpg 1104w, https:\/\/europa2velos.com\/wp-content\/uploads\/2021\/06\/Capture-de\u0301cran-2021-06-04-a\u0300-07.40.34-366x205.jpg 366w, https:\/\/europa2velos.com\/wp-content\/uploads\/2021\/06\/Capture-de\u0301cran-2021-06-04-a\u0300-07.40.34-534x300.jpg 534w, https:\/\/europa2velos.com\/wp-content\/uploads\/2021\/06\/Capture-de\u0301cran-2021-06-04-a\u0300-07.40.34-165x92.jpg 165w, https:\/\/europa2velos.com\/wp-content\/uploads\/2021\/06\/Capture-de\u0301cran-2021-06-04-a\u0300-07.40.34-249x140.jpg 249w, https:\/\/europa2velos.com\/wp-content\/uploads\/2021\/06\/Capture-de\u0301cran-2021-06-04-a\u0300-07.40.34-232x130.jpg 232w, https:\/\/europa2velos.com\/wp-content\/uploads\/2021\/06\/Capture-de\u0301cran-2021-06-04-a\u0300-07.40.34-344x193.jpg 344w\" sizes=\"(max-width: 1024px) 100vw, 1024px\" \/><figcaption>Le d\u00e9but de la descente vers Riomaggiore<\/figcaption><\/figure>\n\n\n\n<figure class=\"wp-block-image size-large\"><img loading=\"lazy\" width=\"1024\" height=\"768\" src=\"http:\/\/europa2velos.com\/wp-content\/uploads\/2021\/06\/20210602_165900-1024x768.jpg\" alt=\"\" class=\"wp-image-3529\" srcset=\"https:\/\/europa2velos.com\/wp-content\/uploads\/2021\/06\/20210602_165900-1024x768.jpg 1024w, https:\/\/europa2velos.com\/wp-content\/uploads\/2021\/06\/20210602_165900-300x225.jpg 300w, https:\/\/europa2velos.com\/wp-content\/uploads\/2021\/06\/20210602_165900-768x576.jpg 768w, https:\/\/europa2velos.com\/wp-content\/uploads\/2021\/06\/20210602_165900-1536x1152.jpg 1536w, https:\/\/europa2velos.com\/wp-content\/uploads\/2021\/06\/20210602_165900-2048x1536.jpg 2048w\" sizes=\"(max-width: 1024px) 100vw, 1024px\" \/><figcaption>La c\u00f4te des Cinque Terre<\/figcaption><\/figure>\n\n\n\n<figure class=\"wp-block-image size-large\"><img loading=\"lazy\" width=\"1024\" height=\"472\" src=\"http:\/\/europa2velos.com\/wp-content\/uploads\/2021\/06\/IMG_20210602_173409-1-1024x472.jpg\" alt=\"\" class=\"wp-image-3539\" srcset=\"https:\/\/europa2velos.com\/wp-content\/uploads\/2021\/06\/IMG_20210602_173409-1-1024x472.jpg 1024w, https:\/\/europa2velos.com\/wp-content\/uploads\/2021\/06\/IMG_20210602_173409-1-300x138.jpg 300w, https:\/\/europa2velos.com\/wp-content\/uploads\/2021\/06\/IMG_20210602_173409-1-768x354.jpg 768w, https:\/\/europa2velos.com\/wp-content\/uploads\/2021\/06\/IMG_20210602_173409-1-1536x707.jpg 1536w, https:\/\/europa2velos.com\/wp-content\/uploads\/2021\/06\/IMG_20210602_173409-1-2048x943.jpg 2048w\" sizes=\"(max-width: 1024px) 100vw, 1024px\" \/><figcaption>Riomaggiore<\/figcaption><\/figure>\n\n\n\n<figure class=\"wp-block-image size-large\"><img loading=\"lazy\" width=\"1024\" height=\"576\" src=\"http:\/\/europa2velos.com\/wp-content\/uploads\/2021\/06\/Capture-de\u0301cran-2021-06-02-a\u0300-22.57.26-1024x576.jpg\" alt=\"\" class=\"wp-image-3534\" srcset=\"https:\/\/europa2velos.com\/wp-content\/uploads\/2021\/06\/Capture-de\u0301cran-2021-06-02-a\u0300-22.57.26-1024x576.jpg 1024w, https:\/\/europa2velos.com\/wp-content\/uploads\/2021\/06\/Capture-de\u0301cran-2021-06-02-a\u0300-22.57.26-300x169.jpg 300w, https:\/\/europa2velos.com\/wp-content\/uploads\/2021\/06\/Capture-de\u0301cran-2021-06-02-a\u0300-22.57.26-768x432.jpg 768w, https:\/\/europa2velos.com\/wp-content\/uploads\/2021\/06\/Capture-de\u0301cran-2021-06-02-a\u0300-22.57.26-1536x864.jpg 1536w, https:\/\/europa2velos.com\/wp-content\/uploads\/2021\/06\/Capture-de\u0301cran-2021-06-02-a\u0300-22.57.26-2048x1152.jpg 2048w, https:\/\/europa2velos.com\/wp-content\/uploads\/2021\/06\/Capture-de\u0301cran-2021-06-02-a\u0300-22.57.26-1104x621.jpg 1104w, https:\/\/europa2velos.com\/wp-content\/uploads\/2021\/06\/Capture-de\u0301cran-2021-06-02-a\u0300-22.57.26-366x205.jpg 366w, https:\/\/europa2velos.com\/wp-content\/uploads\/2021\/06\/Capture-de\u0301cran-2021-06-02-a\u0300-22.57.26-534x300.jpg 534w, https:\/\/europa2velos.com\/wp-content\/uploads\/2021\/06\/Capture-de\u0301cran-2021-06-02-a\u0300-22.57.26-165x92.jpg 165w, https:\/\/europa2velos.com\/wp-content\/uploads\/2021\/06\/Capture-de\u0301cran-2021-06-02-a\u0300-22.57.26-249x140.jpg 249w, https:\/\/europa2velos.com\/wp-content\/uploads\/2021\/06\/Capture-de\u0301cran-2021-06-02-a\u0300-22.57.26-232x130.jpg 232w, https:\/\/europa2velos.com\/wp-content\/uploads\/2021\/06\/Capture-de\u0301cran-2021-06-02-a\u0300-22.57.26-344x193.jpg 344w\" sizes=\"(max-width: 1024px) 100vw, 1024px\" \/><figcaption>Justin en action !<\/figcaption><\/figure>\n\n\n\n<figure class=\"wp-block-image size-large\"><img loading=\"lazy\" width=\"1024\" height=\"576\" src=\"http:\/\/europa2velos.com\/wp-content\/uploads\/2021\/06\/Capture-de\u0301cran-2021-06-02-a\u0300-22.57.55-1024x576.jpg\" alt=\"\" class=\"wp-image-3535\" srcset=\"https:\/\/europa2velos.com\/wp-content\/uploads\/2021\/06\/Capture-de\u0301cran-2021-06-02-a\u0300-22.57.55-1024x576.jpg 1024w, https:\/\/europa2velos.com\/wp-content\/uploads\/2021\/06\/Capture-de\u0301cran-2021-06-02-a\u0300-22.57.55-300x169.jpg 300w, https:\/\/europa2velos.com\/wp-content\/uploads\/2021\/06\/Capture-de\u0301cran-2021-06-02-a\u0300-22.57.55-768x432.jpg 768w, https:\/\/europa2velos.com\/wp-content\/uploads\/2021\/06\/Capture-de\u0301cran-2021-06-02-a\u0300-22.57.55-1536x864.jpg 1536w, https:\/\/europa2velos.com\/wp-content\/uploads\/2021\/06\/Capture-de\u0301cran-2021-06-02-a\u0300-22.57.55-2048x1152.jpg 2048w, https:\/\/europa2velos.com\/wp-content\/uploads\/2021\/06\/Capture-de\u0301cran-2021-06-02-a\u0300-22.57.55-1104x621.jpg 1104w, https:\/\/europa2velos.com\/wp-content\/uploads\/2021\/06\/Capture-de\u0301cran-2021-06-02-a\u0300-22.57.55-366x205.jpg 366w, https:\/\/europa2velos.com\/wp-content\/uploads\/2021\/06\/Capture-de\u0301cran-2021-06-02-a\u0300-22.57.55-534x300.jpg 534w, https:\/\/europa2velos.com\/wp-content\/uploads\/2021\/06\/Capture-de\u0301cran-2021-06-02-a\u0300-22.57.55-165x92.jpg 165w, https:\/\/europa2velos.com\/wp-content\/uploads\/2021\/06\/Capture-de\u0301cran-2021-06-02-a\u0300-22.57.55-249x140.jpg 249w, https:\/\/europa2velos.com\/wp-content\/uploads\/2021\/06\/Capture-de\u0301cran-2021-06-02-a\u0300-22.57.55-232x130.jpg 232w, https:\/\/europa2velos.com\/wp-content\/uploads\/2021\/06\/Capture-de\u0301cran-2021-06-02-a\u0300-22.57.55-344x193.jpg 344w\" sizes=\"(max-width: 1024px) 100vw, 1024px\" \/><\/figure>\n\n\n\n<figure class=\"wp-block-image size-large\"><img loading=\"lazy\" width=\"1024\" height=\"576\" src=\"http:\/\/europa2velos.com\/wp-content\/uploads\/2021\/06\/Capture-de\u0301cran-2021-06-04-a\u0300-07.43.13-1024x576.jpg\" alt=\"\" class=\"wp-image-3536\" srcset=\"https:\/\/europa2velos.com\/wp-content\/uploads\/2021\/06\/Capture-de\u0301cran-2021-06-04-a\u0300-07.43.13-1024x576.jpg 1024w, https:\/\/europa2velos.com\/wp-content\/uploads\/2021\/06\/Capture-de\u0301cran-2021-06-04-a\u0300-07.43.13-300x169.jpg 300w, https:\/\/europa2velos.com\/wp-content\/uploads\/2021\/06\/Capture-de\u0301cran-2021-06-04-a\u0300-07.43.13-768x432.jpg 768w, https:\/\/europa2velos.com\/wp-content\/uploads\/2021\/06\/Capture-de\u0301cran-2021-06-04-a\u0300-07.43.13-1536x864.jpg 1536w, https:\/\/europa2velos.com\/wp-content\/uploads\/2021\/06\/Capture-de\u0301cran-2021-06-04-a\u0300-07.43.13-2048x1152.jpg 2048w, https:\/\/europa2velos.com\/wp-content\/uploads\/2021\/06\/Capture-de\u0301cran-2021-06-04-a\u0300-07.43.13-1104x621.jpg 1104w, https:\/\/europa2velos.com\/wp-content\/uploads\/2021\/06\/Capture-de\u0301cran-2021-06-04-a\u0300-07.43.13-366x205.jpg 366w, https:\/\/europa2velos.com\/wp-content\/uploads\/2021\/06\/Capture-de\u0301cran-2021-06-04-a\u0300-07.43.13-534x300.jpg 534w, https:\/\/europa2velos.com\/wp-content\/uploads\/2021\/06\/Capture-de\u0301cran-2021-06-04-a\u0300-07.43.13-165x92.jpg 165w, https:\/\/europa2velos.com\/wp-content\/uploads\/2021\/06\/Capture-de\u0301cran-2021-06-04-a\u0300-07.43.13-249x140.jpg 249w, https:\/\/europa2velos.com\/wp-content\/uploads\/2021\/06\/Capture-de\u0301cran-2021-06-04-a\u0300-07.43.13-232x130.jpg 232w, https:\/\/europa2velos.com\/wp-content\/uploads\/2021\/06\/Capture-de\u0301cran-2021-06-04-a\u0300-07.43.13-344x193.jpg 344w\" sizes=\"(max-width: 1024px) 100vw, 1024px\" \/><figcaption>Elio en action !<\/figcaption><\/figure>\n\n\n\n<figure class=\"wp-block-image size-large\"><img loading=\"lazy\" width=\"1024\" height=\"576\" src=\"http:\/\/europa2velos.com\/wp-content\/uploads\/2021\/06\/Capture-de\u0301cran-2021-06-04-a\u0300-07.46.42-1024x576.jpg\" alt=\"\" class=\"wp-image-3537\" srcset=\"https:\/\/europa2velos.com\/wp-content\/uploads\/2021\/06\/Capture-de\u0301cran-2021-06-04-a\u0300-07.46.42-1024x576.jpg 1024w, https:\/\/europa2velos.com\/wp-content\/uploads\/2021\/06\/Capture-de\u0301cran-2021-06-04-a\u0300-07.46.42-300x169.jpg 300w, https:\/\/europa2velos.com\/wp-content\/uploads\/2021\/06\/Capture-de\u0301cran-2021-06-04-a\u0300-07.46.42-768x432.jpg 768w, https:\/\/europa2velos.com\/wp-content\/uploads\/2021\/06\/Capture-de\u0301cran-2021-06-04-a\u0300-07.46.42-1536x864.jpg 1536w, https:\/\/europa2velos.com\/wp-content\/uploads\/2021\/06\/Capture-de\u0301cran-2021-06-04-a\u0300-07.46.42-2048x1152.jpg 2048w, https:\/\/europa2velos.com\/wp-content\/uploads\/2021\/06\/Capture-de\u0301cran-2021-06-04-a\u0300-07.46.42-1104x621.jpg 1104w, https:\/\/europa2velos.com\/wp-content\/uploads\/2021\/06\/Capture-de\u0301cran-2021-06-04-a\u0300-07.46.42-366x205.jpg 366w, https:\/\/europa2velos.com\/wp-content\/uploads\/2021\/06\/Capture-de\u0301cran-2021-06-04-a\u0300-07.46.42-534x300.jpg 534w, https:\/\/europa2velos.com\/wp-content\/uploads\/2021\/06\/Capture-de\u0301cran-2021-06-04-a\u0300-07.46.42-165x92.jpg 165w, https:\/\/europa2velos.com\/wp-content\/uploads\/2021\/06\/Capture-de\u0301cran-2021-06-04-a\u0300-07.46.42-249x140.jpg 249w, https:\/\/europa2velos.com\/wp-content\/uploads\/2021\/06\/Capture-de\u0301cran-2021-06-04-a\u0300-07.46.42-232x130.jpg 232w, https:\/\/europa2velos.com\/wp-content\/uploads\/2021\/06\/Capture-de\u0301cran-2021-06-04-a\u0300-07.46.42-344x193.jpg 344w\" sizes=\"(max-width: 1024px) 100vw, 1024px\" \/><figcaption>Ragazzi et ragazze<\/figcaption><\/figure>\n\n\n\n<figure class=\"wp-block-image size-large\"><img loading=\"lazy\" width=\"1024\" height=\"546\" src=\"http:\/\/europa2velos.com\/wp-content\/uploads\/2021\/06\/20210602_160217-1024x546.jpg\" alt=\"\" class=\"wp-image-3590\" srcset=\"https:\/\/europa2velos.com\/wp-content\/uploads\/2021\/06\/20210602_160217-1024x546.jpg 1024w, https:\/\/europa2velos.com\/wp-content\/uploads\/2021\/06\/20210602_160217-300x160.jpg 300w, https:\/\/europa2velos.com\/wp-content\/uploads\/2021\/06\/20210602_160217-768x410.jpg 768w, https:\/\/europa2velos.com\/wp-content\/uploads\/2021\/06\/20210602_160217-1536x819.jpg 1536w, https:\/\/europa2velos.com\/wp-content\/uploads\/2021\/06\/20210602_160217-2048x1093.jpg 2048w\" sizes=\"(max-width: 1024px) 100vw, 1024px\" \/><figcaption>C\u00f4t\u00e9 amont<\/figcaption><\/figure>\n\n\n\n<figure class=\"wp-block-image size-large\"><img loading=\"lazy\" width=\"768\" height=\"1024\" src=\"http:\/\/europa2velos.com\/wp-content\/uploads\/2021\/06\/20210602_164817-1-768x1024.jpg\" alt=\"\" class=\"wp-image-3591\" srcset=\"https:\/\/europa2velos.com\/wp-content\/uploads\/2021\/06\/20210602_164817-1-768x1024.jpg 768w, https:\/\/europa2velos.com\/wp-content\/uploads\/2021\/06\/20210602_164817-1-225x300.jpg 225w, https:\/\/europa2velos.com\/wp-content\/uploads\/2021\/06\/20210602_164817-1-1152x1536.jpg 1152w, https:\/\/europa2velos.com\/wp-content\/uploads\/2021\/06\/20210602_164817-1-1536x2048.jpg 1536w, https:\/\/europa2velos.com\/wp-content\/uploads\/2021\/06\/20210602_164817-1-scaled.jpg 1920w\" sizes=\"(max-width: 768px) 100vw, 768px\" \/><figcaption>Au loin, Corniglia<\/figcaption><\/figure>\n\n\n\n<figure class=\"wp-block-image size-large\"><img loading=\"lazy\" width=\"1024\" height=\"768\" src=\"http:\/\/europa2velos.com\/wp-content\/uploads\/2021\/06\/20210602_175311-1-1024x768.jpg\" alt=\"\" class=\"wp-image-3541\" srcset=\"https:\/\/europa2velos.com\/wp-content\/uploads\/2021\/06\/20210602_175311-1-1024x768.jpg 1024w, https:\/\/europa2velos.com\/wp-content\/uploads\/2021\/06\/20210602_175311-1-300x225.jpg 300w, https:\/\/europa2velos.com\/wp-content\/uploads\/2021\/06\/20210602_175311-1-768x576.jpg 768w, https:\/\/europa2velos.com\/wp-content\/uploads\/2021\/06\/20210602_175311-1-1536x1152.jpg 1536w, https:\/\/europa2velos.com\/wp-content\/uploads\/2021\/06\/20210602_175311-1-2048x1536.jpg 2048w\" sizes=\"(max-width: 1024px) 100vw, 1024px\" \/><figcaption>Vernazza<\/figcaption><\/figure>\n\n\n\n<figure class=\"wp-block-image size-large\"><img loading=\"lazy\" width=\"1024\" height=\"768\" src=\"http:\/\/europa2velos.com\/wp-content\/uploads\/2021\/06\/20210602_175522-1-1024x768.jpg\" alt=\"\" class=\"wp-image-3542\" srcset=\"https:\/\/europa2velos.com\/wp-content\/uploads\/2021\/06\/20210602_175522-1-1024x768.jpg 1024w, https:\/\/europa2velos.com\/wp-content\/uploads\/2021\/06\/20210602_175522-1-300x225.jpg 300w, https:\/\/europa2velos.com\/wp-content\/uploads\/2021\/06\/20210602_175522-1-768x576.jpg 768w, https:\/\/europa2velos.com\/wp-content\/uploads\/2021\/06\/20210602_175522-1-1536x1152.jpg 1536w, https:\/\/europa2velos.com\/wp-content\/uploads\/2021\/06\/20210602_175522-1-2048x1536.jpg 2048w\" sizes=\"(max-width: 1024px) 100vw, 1024px\" \/><figcaption>Vernazza<\/figcaption><\/figure>\n\n\n\n<figure class=\"wp-block-image size-large\"><img loading=\"lazy\" width=\"1024\" height=\"576\" src=\"http:\/\/europa2velos.com\/wp-content\/uploads\/2021\/06\/20210602_180401-2-1-1024x576.jpg\" alt=\"\" class=\"wp-image-3543\" srcset=\"https:\/\/europa2velos.com\/wp-content\/uploads\/2021\/06\/20210602_180401-2-1-1024x576.jpg 1024w, https:\/\/europa2velos.com\/wp-content\/uploads\/2021\/06\/20210602_180401-2-1-300x169.jpg 300w, https:\/\/europa2velos.com\/wp-content\/uploads\/2021\/06\/20210602_180401-2-1-768x432.jpg 768w, https:\/\/europa2velos.com\/wp-content\/uploads\/2021\/06\/20210602_180401-2-1-1536x864.jpg 1536w, https:\/\/europa2velos.com\/wp-content\/uploads\/2021\/06\/20210602_180401-2-1-2048x1152.jpg 2048w, https:\/\/europa2velos.com\/wp-content\/uploads\/2021\/06\/20210602_180401-2-1-1104x621.jpg 1104w, https:\/\/europa2velos.com\/wp-content\/uploads\/2021\/06\/20210602_180401-2-1-366x205.jpg 366w, https:\/\/europa2velos.com\/wp-content\/uploads\/2021\/06\/20210602_180401-2-1-534x300.jpg 534w, https:\/\/europa2velos.com\/wp-content\/uploads\/2021\/06\/20210602_180401-2-1-165x92.jpg 165w, https:\/\/europa2velos.com\/wp-content\/uploads\/2021\/06\/20210602_180401-2-1-249x140.jpg 249w, https:\/\/europa2velos.com\/wp-content\/uploads\/2021\/06\/20210602_180401-2-1-232x130.jpg 232w, https:\/\/europa2velos.com\/wp-content\/uploads\/2021\/06\/20210602_180401-2-1-344x193.jpg 344w\" sizes=\"(max-width: 1024px) 100vw, 1024px\" \/><figcaption>Vernazza<\/figcaption><\/figure>\n\n\n\n<figure class=\"wp-block-image size-large is-resized\"><img loading=\"lazy\" src=\"http:\/\/europa2velos.com\/wp-content\/uploads\/2021\/06\/20210602_180417-1-1024x768.jpg\" alt=\"\" class=\"wp-image-3540\" width=\"798\" height=\"598\" srcset=\"https:\/\/europa2velos.com\/wp-content\/uploads\/2021\/06\/20210602_180417-1-1024x768.jpg 1024w, https:\/\/europa2velos.com\/wp-content\/uploads\/2021\/06\/20210602_180417-1-300x225.jpg 300w, https:\/\/europa2velos.com\/wp-content\/uploads\/2021\/06\/20210602_180417-1-768x576.jpg 768w, https:\/\/europa2velos.com\/wp-content\/uploads\/2021\/06\/20210602_180417-1-1536x1152.jpg 1536w, https:\/\/europa2velos.com\/wp-content\/uploads\/2021\/06\/20210602_180417-1-2048x1536.jpg 2048w\" sizes=\"(max-width: 798px) 100vw, 798px\" \/><figcaption>D&#8217;autres rochers<\/figcaption><\/figure>\n\n\n\n<figure class=\"wp-block-image size-large\"><img loading=\"lazy\" width=\"1024\" height=\"576\" src=\"http:\/\/europa2velos.com\/wp-content\/uploads\/2021\/06\/20210603_192246-1024x576.jpg\" alt=\"\" class=\"wp-image-3544\" srcset=\"https:\/\/europa2velos.com\/wp-content\/uploads\/2021\/06\/20210603_192246-1024x576.jpg 1024w, https:\/\/europa2velos.com\/wp-content\/uploads\/2021\/06\/20210603_192246-300x169.jpg 300w, https:\/\/europa2velos.com\/wp-content\/uploads\/2021\/06\/20210603_192246-768x432.jpg 768w, https:\/\/europa2velos.com\/wp-content\/uploads\/2021\/06\/20210603_192246-1536x864.jpg 1536w, https:\/\/europa2velos.com\/wp-content\/uploads\/2021\/06\/20210603_192246-2048x1152.jpg 2048w, https:\/\/europa2velos.com\/wp-content\/uploads\/2021\/06\/20210603_192246-1104x621.jpg 1104w, https:\/\/europa2velos.com\/wp-content\/uploads\/2021\/06\/20210603_192246-366x205.jpg 366w, https:\/\/europa2velos.com\/wp-content\/uploads\/2021\/06\/20210603_192246-534x300.jpg 534w, https:\/\/europa2velos.com\/wp-content\/uploads\/2021\/06\/20210603_192246-165x92.jpg 165w, https:\/\/europa2velos.com\/wp-content\/uploads\/2021\/06\/20210603_192246-249x140.jpg 249w, https:\/\/europa2velos.com\/wp-content\/uploads\/2021\/06\/20210603_192246-232x130.jpg 232w, https:\/\/europa2velos.com\/wp-content\/uploads\/2021\/06\/20210603_192246-344x193.jpg 344w\" sizes=\"(max-width: 1024px) 100vw, 1024px\" \/><figcaption>Vernazza<\/figcaption><\/figure>\n\n\n\n<figure class=\"wp-block-image size-large\"><img loading=\"lazy\" width=\"1024\" height=\"640\" src=\"http:\/\/europa2velos.com\/wp-content\/uploads\/2021\/06\/2021-06-03-A-1024x640.png\" alt=\"\" class=\"wp-image-3519\" srcset=\"https:\/\/europa2velos.com\/wp-content\/uploads\/2021\/06\/2021-06-03-A-1024x640.png 1024w, https:\/\/europa2velos.com\/wp-content\/uploads\/2021\/06\/2021-06-03-A-300x188.png 300w, https:\/\/europa2velos.com\/wp-content\/uploads\/2021\/06\/2021-06-03-A-768x480.png 768w, https:\/\/europa2velos.com\/wp-content\/uploads\/2021\/06\/2021-06-03-A-1536x960.png 1536w, https:\/\/europa2velos.com\/wp-content\/uploads\/2021\/06\/2021-06-03-A-2048x1280.png 2048w\" sizes=\"(max-width: 1024px) 100vw, 1024px\" \/><figcaption>3 juin 2021<\/figcaption><\/figure>\n\n\n\n<p>Jeudi 3 juin&nbsp;: Balade en train et marche \u00e0 pied pour aller d\u00e9couvrir deux autres villages des Cinque Terre&nbsp;: Corniglia, d&#8217;abord, construit sur une falaise, o\u00f9 il faut monter par un tr\u00e8s long escalier. Superbe vue sur le village et les environs. Apr\u00e8s le dej, on descend jusqu\u2019\u00e0 la mer par un autre escalier, on se baigne et on trouve un nouveau rocher, accessible \u00e0 la nage, pour sauter.<\/p>\n\n\n\n<figure class=\"wp-block-image size-large\"><img loading=\"lazy\" width=\"1024\" height=\"576\" src=\"http:\/\/europa2velos.com\/wp-content\/uploads\/2021\/06\/20210603_120848-1024x576.jpg\" alt=\"\" class=\"wp-image-3545\" srcset=\"https:\/\/europa2velos.com\/wp-content\/uploads\/2021\/06\/20210603_120848-1024x576.jpg 1024w, https:\/\/europa2velos.com\/wp-content\/uploads\/2021\/06\/20210603_120848-300x169.jpg 300w, https:\/\/europa2velos.com\/wp-content\/uploads\/2021\/06\/20210603_120848-768x432.jpg 768w, https:\/\/europa2velos.com\/wp-content\/uploads\/2021\/06\/20210603_120848-1536x864.jpg 1536w, https:\/\/europa2velos.com\/wp-content\/uploads\/2021\/06\/20210603_120848-2048x1152.jpg 2048w, https:\/\/europa2velos.com\/wp-content\/uploads\/2021\/06\/20210603_120848-1104x621.jpg 1104w, https:\/\/europa2velos.com\/wp-content\/uploads\/2021\/06\/20210603_120848-366x205.jpg 366w, https:\/\/europa2velos.com\/wp-content\/uploads\/2021\/06\/20210603_120848-534x300.jpg 534w, https:\/\/europa2velos.com\/wp-content\/uploads\/2021\/06\/20210603_120848-165x92.jpg 165w, https:\/\/europa2velos.com\/wp-content\/uploads\/2021\/06\/20210603_120848-249x140.jpg 249w, https:\/\/europa2velos.com\/wp-content\/uploads\/2021\/06\/20210603_120848-232x130.jpg 232w, https:\/\/europa2velos.com\/wp-content\/uploads\/2021\/06\/20210603_120848-344x193.jpg 344w\" sizes=\"(max-width: 1024px) 100vw, 1024px\" \/><figcaption>La gare de Corniglia, vue d&#8217;en haut des marches&#8230;<\/figcaption><\/figure>\n\n\n\n<figure class=\"wp-block-image size-large\"><img loading=\"lazy\" width=\"1024\" height=\"590\" src=\"http:\/\/europa2velos.com\/wp-content\/uploads\/2021\/06\/20210603_122604-1024x590.jpg\" alt=\"\" class=\"wp-image-3546\" srcset=\"https:\/\/europa2velos.com\/wp-content\/uploads\/2021\/06\/20210603_122604-1024x590.jpg 1024w, https:\/\/europa2velos.com\/wp-content\/uploads\/2021\/06\/20210603_122604-300x173.jpg 300w, https:\/\/europa2velos.com\/wp-content\/uploads\/2021\/06\/20210603_122604-768x442.jpg 768w, https:\/\/europa2velos.com\/wp-content\/uploads\/2021\/06\/20210603_122604-1536x884.jpg 1536w, https:\/\/europa2velos.com\/wp-content\/uploads\/2021\/06\/20210603_122604-2048x1179.jpg 2048w\" sizes=\"(max-width: 1024px) 100vw, 1024px\" \/><figcaption>Corniglia<\/figcaption><\/figure>\n\n\n\n<figure class=\"wp-block-image size-large\"><img loading=\"lazy\" width=\"1024\" height=\"576\" src=\"http:\/\/europa2velos.com\/wp-content\/uploads\/2021\/06\/20210603_122650-1024x576.jpg\" alt=\"\" class=\"wp-image-3547\" srcset=\"https:\/\/europa2velos.com\/wp-content\/uploads\/2021\/06\/20210603_122650-1024x576.jpg 1024w, https:\/\/europa2velos.com\/wp-content\/uploads\/2021\/06\/20210603_122650-300x169.jpg 300w, https:\/\/europa2velos.com\/wp-content\/uploads\/2021\/06\/20210603_122650-768x432.jpg 768w, https:\/\/europa2velos.com\/wp-content\/uploads\/2021\/06\/20210603_122650-1536x864.jpg 1536w, https:\/\/europa2velos.com\/wp-content\/uploads\/2021\/06\/20210603_122650-2048x1152.jpg 2048w, https:\/\/europa2velos.com\/wp-content\/uploads\/2021\/06\/20210603_122650-1104x621.jpg 1104w, https:\/\/europa2velos.com\/wp-content\/uploads\/2021\/06\/20210603_122650-366x205.jpg 366w, https:\/\/europa2velos.com\/wp-content\/uploads\/2021\/06\/20210603_122650-534x300.jpg 534w, https:\/\/europa2velos.com\/wp-content\/uploads\/2021\/06\/20210603_122650-165x92.jpg 165w, https:\/\/europa2velos.com\/wp-content\/uploads\/2021\/06\/20210603_122650-249x140.jpg 249w, https:\/\/europa2velos.com\/wp-content\/uploads\/2021\/06\/20210603_122650-232x130.jpg 232w, https:\/\/europa2velos.com\/wp-content\/uploads\/2021\/06\/20210603_122650-344x193.jpg 344w\" sizes=\"(max-width: 1024px) 100vw, 1024px\" \/><\/figure>\n\n\n\n<figure class=\"wp-block-image size-large\"><img loading=\"lazy\" width=\"1024\" height=\"576\" src=\"http:\/\/europa2velos.com\/wp-content\/uploads\/2021\/06\/20210603_134701-1024x576.jpg\" alt=\"\" class=\"wp-image-3548\" srcset=\"https:\/\/europa2velos.com\/wp-content\/uploads\/2021\/06\/20210603_134701-1024x576.jpg 1024w, https:\/\/europa2velos.com\/wp-content\/uploads\/2021\/06\/20210603_134701-300x169.jpg 300w, https:\/\/europa2velos.com\/wp-content\/uploads\/2021\/06\/20210603_134701-768x432.jpg 768w, https:\/\/europa2velos.com\/wp-content\/uploads\/2021\/06\/20210603_134701-1536x864.jpg 1536w, https:\/\/europa2velos.com\/wp-content\/uploads\/2021\/06\/20210603_134701-2048x1152.jpg 2048w, https:\/\/europa2velos.com\/wp-content\/uploads\/2021\/06\/20210603_134701-1104x621.jpg 1104w, https:\/\/europa2velos.com\/wp-content\/uploads\/2021\/06\/20210603_134701-366x205.jpg 366w, https:\/\/europa2velos.com\/wp-content\/uploads\/2021\/06\/20210603_134701-534x300.jpg 534w, https:\/\/europa2velos.com\/wp-content\/uploads\/2021\/06\/20210603_134701-165x92.jpg 165w, https:\/\/europa2velos.com\/wp-content\/uploads\/2021\/06\/20210603_134701-249x140.jpg 249w, https:\/\/europa2velos.com\/wp-content\/uploads\/2021\/06\/20210603_134701-232x130.jpg 232w, https:\/\/europa2velos.com\/wp-content\/uploads\/2021\/06\/20210603_134701-344x193.jpg 344w\" sizes=\"(max-width: 1024px) 100vw, 1024px\" \/><\/figure>\n\n\n\n<figure class=\"wp-block-image size-large\"><img loading=\"lazy\" width=\"1024\" height=\"1024\" src=\"http:\/\/europa2velos.com\/wp-content\/uploads\/2021\/06\/20210603_135848-1024x1024.jpg\" alt=\"\" class=\"wp-image-3549\" srcset=\"https:\/\/europa2velos.com\/wp-content\/uploads\/2021\/06\/20210603_135848-1024x1024.jpg 1024w, https:\/\/europa2velos.com\/wp-content\/uploads\/2021\/06\/20210603_135848-300x300.jpg 300w, https:\/\/europa2velos.com\/wp-content\/uploads\/2021\/06\/20210603_135848-150x150.jpg 150w, https:\/\/europa2velos.com\/wp-content\/uploads\/2021\/06\/20210603_135848-768x768.jpg 768w, https:\/\/europa2velos.com\/wp-content\/uploads\/2021\/06\/20210603_135848-1536x1536.jpg 1536w, https:\/\/europa2velos.com\/wp-content\/uploads\/2021\/06\/20210603_135848-2048x2048.jpg 2048w\" sizes=\"(max-width: 1024px) 100vw, 1024px\" \/><figcaption>En descendant vers la mer<\/figcaption><\/figure>\n\n\n\n<figure class=\"wp-block-image size-large\"><img loading=\"lazy\" width=\"1024\" height=\"576\" src=\"http:\/\/europa2velos.com\/wp-content\/uploads\/2021\/06\/20210603_160611-1024x576.jpg\" alt=\"\" class=\"wp-image-3550\" srcset=\"https:\/\/europa2velos.com\/wp-content\/uploads\/2021\/06\/20210603_160611-1024x576.jpg 1024w, https:\/\/europa2velos.com\/wp-content\/uploads\/2021\/06\/20210603_160611-300x169.jpg 300w, https:\/\/europa2velos.com\/wp-content\/uploads\/2021\/06\/20210603_160611-768x432.jpg 768w, https:\/\/europa2velos.com\/wp-content\/uploads\/2021\/06\/20210603_160611-1536x864.jpg 1536w, https:\/\/europa2velos.com\/wp-content\/uploads\/2021\/06\/20210603_160611-2048x1152.jpg 2048w, https:\/\/europa2velos.com\/wp-content\/uploads\/2021\/06\/20210603_160611-1104x621.jpg 1104w, https:\/\/europa2velos.com\/wp-content\/uploads\/2021\/06\/20210603_160611-366x205.jpg 366w, https:\/\/europa2velos.com\/wp-content\/uploads\/2021\/06\/20210603_160611-534x300.jpg 534w, https:\/\/europa2velos.com\/wp-content\/uploads\/2021\/06\/20210603_160611-165x92.jpg 165w, https:\/\/europa2velos.com\/wp-content\/uploads\/2021\/06\/20210603_160611-249x140.jpg 249w, https:\/\/europa2velos.com\/wp-content\/uploads\/2021\/06\/20210603_160611-232x130.jpg 232w, https:\/\/europa2velos.com\/wp-content\/uploads\/2021\/06\/20210603_160611-344x193.jpg 344w\" sizes=\"(max-width: 1024px) 100vw, 1024px\" \/><\/figure>\n\n\n\n<figure class=\"wp-block-image size-large\"><img loading=\"lazy\" width=\"1024\" height=\"576\" src=\"http:\/\/europa2velos.com\/wp-content\/uploads\/2021\/06\/Capture-de\u0301cran-2021-06-05-a\u0300-07.34.27-1024x576.jpg\" alt=\"\" class=\"wp-image-3551\" srcset=\"https:\/\/europa2velos.com\/wp-content\/uploads\/2021\/06\/Capture-de\u0301cran-2021-06-05-a\u0300-07.34.27-1024x576.jpg 1024w, https:\/\/europa2velos.com\/wp-content\/uploads\/2021\/06\/Capture-de\u0301cran-2021-06-05-a\u0300-07.34.27-300x169.jpg 300w, https:\/\/europa2velos.com\/wp-content\/uploads\/2021\/06\/Capture-de\u0301cran-2021-06-05-a\u0300-07.34.27-768x432.jpg 768w, https:\/\/europa2velos.com\/wp-content\/uploads\/2021\/06\/Capture-de\u0301cran-2021-06-05-a\u0300-07.34.27-1536x864.jpg 1536w, https:\/\/europa2velos.com\/wp-content\/uploads\/2021\/06\/Capture-de\u0301cran-2021-06-05-a\u0300-07.34.27-2048x1152.jpg 2048w, https:\/\/europa2velos.com\/wp-content\/uploads\/2021\/06\/Capture-de\u0301cran-2021-06-05-a\u0300-07.34.27-1104x621.jpg 1104w, https:\/\/europa2velos.com\/wp-content\/uploads\/2021\/06\/Capture-de\u0301cran-2021-06-05-a\u0300-07.34.27-366x205.jpg 366w, https:\/\/europa2velos.com\/wp-content\/uploads\/2021\/06\/Capture-de\u0301cran-2021-06-05-a\u0300-07.34.27-534x300.jpg 534w, https:\/\/europa2velos.com\/wp-content\/uploads\/2021\/06\/Capture-de\u0301cran-2021-06-05-a\u0300-07.34.27-165x92.jpg 165w, https:\/\/europa2velos.com\/wp-content\/uploads\/2021\/06\/Capture-de\u0301cran-2021-06-05-a\u0300-07.34.27-249x140.jpg 249w, https:\/\/europa2velos.com\/wp-content\/uploads\/2021\/06\/Capture-de\u0301cran-2021-06-05-a\u0300-07.34.27-232x130.jpg 232w, https:\/\/europa2velos.com\/wp-content\/uploads\/2021\/06\/Capture-de\u0301cran-2021-06-05-a\u0300-07.34.27-344x193.jpg 344w\" sizes=\"(max-width: 1024px) 100vw, 1024px\" \/><figcaption>1, 2, 3 !<\/figcaption><\/figure>\n\n\n\n<figure class=\"wp-block-image size-large\"><img loading=\"lazy\" width=\"1024\" height=\"576\" src=\"http:\/\/europa2velos.com\/wp-content\/uploads\/2021\/06\/Capture-de\u0301cran-2021-06-05-a\u0300-07.35.16-1024x576.jpg\" alt=\"\" class=\"wp-image-3552\" srcset=\"https:\/\/europa2velos.com\/wp-content\/uploads\/2021\/06\/Capture-de\u0301cran-2021-06-05-a\u0300-07.35.16-1024x576.jpg 1024w, https:\/\/europa2velos.com\/wp-content\/uploads\/2021\/06\/Capture-de\u0301cran-2021-06-05-a\u0300-07.35.16-300x169.jpg 300w, https:\/\/europa2velos.com\/wp-content\/uploads\/2021\/06\/Capture-de\u0301cran-2021-06-05-a\u0300-07.35.16-768x432.jpg 768w, https:\/\/europa2velos.com\/wp-content\/uploads\/2021\/06\/Capture-de\u0301cran-2021-06-05-a\u0300-07.35.16-1536x864.jpg 1536w, https:\/\/europa2velos.com\/wp-content\/uploads\/2021\/06\/Capture-de\u0301cran-2021-06-05-a\u0300-07.35.16-2048x1152.jpg 2048w, https:\/\/europa2velos.com\/wp-content\/uploads\/2021\/06\/Capture-de\u0301cran-2021-06-05-a\u0300-07.35.16-1104x621.jpg 1104w, https:\/\/europa2velos.com\/wp-content\/uploads\/2021\/06\/Capture-de\u0301cran-2021-06-05-a\u0300-07.35.16-366x205.jpg 366w, https:\/\/europa2velos.com\/wp-content\/uploads\/2021\/06\/Capture-de\u0301cran-2021-06-05-a\u0300-07.35.16-534x300.jpg 534w, https:\/\/europa2velos.com\/wp-content\/uploads\/2021\/06\/Capture-de\u0301cran-2021-06-05-a\u0300-07.35.16-165x92.jpg 165w, https:\/\/europa2velos.com\/wp-content\/uploads\/2021\/06\/Capture-de\u0301cran-2021-06-05-a\u0300-07.35.16-249x140.jpg 249w, https:\/\/europa2velos.com\/wp-content\/uploads\/2021\/06\/Capture-de\u0301cran-2021-06-05-a\u0300-07.35.16-232x130.jpg 232w, https:\/\/europa2velos.com\/wp-content\/uploads\/2021\/06\/Capture-de\u0301cran-2021-06-05-a\u0300-07.35.16-344x193.jpg 344w\" sizes=\"(max-width: 1024px) 100vw, 1024px\" \/><\/figure>\n\n\n\n<figure class=\"wp-block-image size-large\"><img loading=\"lazy\" width=\"1024\" height=\"472\" src=\"http:\/\/europa2velos.com\/wp-content\/uploads\/2021\/06\/IMG_20210603_120800-1024x472.jpg\" alt=\"\" class=\"wp-image-3553\" srcset=\"https:\/\/europa2velos.com\/wp-content\/uploads\/2021\/06\/IMG_20210603_120800-1024x472.jpg 1024w, https:\/\/europa2velos.com\/wp-content\/uploads\/2021\/06\/IMG_20210603_120800-300x138.jpg 300w, https:\/\/europa2velos.com\/wp-content\/uploads\/2021\/06\/IMG_20210603_120800-768x354.jpg 768w, https:\/\/europa2velos.com\/wp-content\/uploads\/2021\/06\/IMG_20210603_120800-1536x707.jpg 1536w, https:\/\/europa2velos.com\/wp-content\/uploads\/2021\/06\/IMG_20210603_120800-2048x943.jpg 2048w\" sizes=\"(max-width: 1024px) 100vw, 1024px\" \/><\/figure>\n\n\n\n<p>Ensuite, un tunnel en train (on croirait une station de m\u00e9tro&nbsp;!) et c\u2019est Manarola, un autre de ces villages pleins de charme et de couleurs\u2026 nouveaux plongeons (jusqu\u2019\u00e0 la derni\u00e8re minute pour Elio) avant de reprendre le petit train pour Vernazza. Programme tournage avec JP en soir\u00e9e.<\/p>\n\n\n\n<figure class=\"wp-block-image size-large\"><img loading=\"lazy\" width=\"1024\" height=\"576\" src=\"http:\/\/europa2velos.com\/wp-content\/uploads\/2021\/06\/Capture-de\u0301cran-2021-06-04-a\u0300-07.51.00-1024x576.jpg\" alt=\"\" class=\"wp-image-3554\" srcset=\"https:\/\/europa2velos.com\/wp-content\/uploads\/2021\/06\/Capture-de\u0301cran-2021-06-04-a\u0300-07.51.00-1024x576.jpg 1024w, https:\/\/europa2velos.com\/wp-content\/uploads\/2021\/06\/Capture-de\u0301cran-2021-06-04-a\u0300-07.51.00-300x169.jpg 300w, https:\/\/europa2velos.com\/wp-content\/uploads\/2021\/06\/Capture-de\u0301cran-2021-06-04-a\u0300-07.51.00-768x432.jpg 768w, https:\/\/europa2velos.com\/wp-content\/uploads\/2021\/06\/Capture-de\u0301cran-2021-06-04-a\u0300-07.51.00-1536x864.jpg 1536w, https:\/\/europa2velos.com\/wp-content\/uploads\/2021\/06\/Capture-de\u0301cran-2021-06-04-a\u0300-07.51.00-2048x1152.jpg 2048w, https:\/\/europa2velos.com\/wp-content\/uploads\/2021\/06\/Capture-de\u0301cran-2021-06-04-a\u0300-07.51.00-1104x621.jpg 1104w, https:\/\/europa2velos.com\/wp-content\/uploads\/2021\/06\/Capture-de\u0301cran-2021-06-04-a\u0300-07.51.00-366x205.jpg 366w, https:\/\/europa2velos.com\/wp-content\/uploads\/2021\/06\/Capture-de\u0301cran-2021-06-04-a\u0300-07.51.00-534x300.jpg 534w, https:\/\/europa2velos.com\/wp-content\/uploads\/2021\/06\/Capture-de\u0301cran-2021-06-04-a\u0300-07.51.00-165x92.jpg 165w, https:\/\/europa2velos.com\/wp-content\/uploads\/2021\/06\/Capture-de\u0301cran-2021-06-04-a\u0300-07.51.00-249x140.jpg 249w, https:\/\/europa2velos.com\/wp-content\/uploads\/2021\/06\/Capture-de\u0301cran-2021-06-04-a\u0300-07.51.00-232x130.jpg 232w, https:\/\/europa2velos.com\/wp-content\/uploads\/2021\/06\/Capture-de\u0301cran-2021-06-04-a\u0300-07.51.00-344x193.jpg 344w\" sizes=\"(max-width: 1024px) 100vw, 1024px\" \/><figcaption>Manarola&#8230;<\/figcaption><\/figure>\n\n\n\n<figure class=\"wp-block-image size-large\"><img loading=\"lazy\" width=\"1024\" height=\"576\" src=\"http:\/\/europa2velos.com\/wp-content\/uploads\/2021\/06\/Capture-de\u0301cran-2021-06-04-a\u0300-07.58.27-1024x576.jpg\" alt=\"\" class=\"wp-image-3555\" srcset=\"https:\/\/europa2velos.com\/wp-content\/uploads\/2021\/06\/Capture-de\u0301cran-2021-06-04-a\u0300-07.58.27-1024x576.jpg 1024w, https:\/\/europa2velos.com\/wp-content\/uploads\/2021\/06\/Capture-de\u0301cran-2021-06-04-a\u0300-07.58.27-300x169.jpg 300w, https:\/\/europa2velos.com\/wp-content\/uploads\/2021\/06\/Capture-de\u0301cran-2021-06-04-a\u0300-07.58.27-768x432.jpg 768w, https:\/\/europa2velos.com\/wp-content\/uploads\/2021\/06\/Capture-de\u0301cran-2021-06-04-a\u0300-07.58.27-1536x864.jpg 1536w, https:\/\/europa2velos.com\/wp-content\/uploads\/2021\/06\/Capture-de\u0301cran-2021-06-04-a\u0300-07.58.27-2048x1152.jpg 2048w, https:\/\/europa2velos.com\/wp-content\/uploads\/2021\/06\/Capture-de\u0301cran-2021-06-04-a\u0300-07.58.27-1104x621.jpg 1104w, https:\/\/europa2velos.com\/wp-content\/uploads\/2021\/06\/Capture-de\u0301cran-2021-06-04-a\u0300-07.58.27-366x205.jpg 366w, https:\/\/europa2velos.com\/wp-content\/uploads\/2021\/06\/Capture-de\u0301cran-2021-06-04-a\u0300-07.58.27-534x300.jpg 534w, https:\/\/europa2velos.com\/wp-content\/uploads\/2021\/06\/Capture-de\u0301cran-2021-06-04-a\u0300-07.58.27-165x92.jpg 165w, https:\/\/europa2velos.com\/wp-content\/uploads\/2021\/06\/Capture-de\u0301cran-2021-06-04-a\u0300-07.58.27-249x140.jpg 249w, https:\/\/europa2velos.com\/wp-content\/uploads\/2021\/06\/Capture-de\u0301cran-2021-06-04-a\u0300-07.58.27-232x130.jpg 232w, https:\/\/europa2velos.com\/wp-content\/uploads\/2021\/06\/Capture-de\u0301cran-2021-06-04-a\u0300-07.58.27-344x193.jpg 344w\" sizes=\"(max-width: 1024px) 100vw, 1024px\" \/><figcaption>&#8230;et les couleurs des maisons dont le reflet colore la mer.<\/figcaption><\/figure>\n\n\n\n<figure class=\"wp-block-image size-large\"><img loading=\"lazy\" width=\"1024\" height=\"576\" src=\"http:\/\/europa2velos.com\/wp-content\/uploads\/2021\/06\/20210603_182341-1024x576.jpg\" alt=\"\" class=\"wp-image-3556\" srcset=\"https:\/\/europa2velos.com\/wp-content\/uploads\/2021\/06\/20210603_182341-1024x576.jpg 1024w, https:\/\/europa2velos.com\/wp-content\/uploads\/2021\/06\/20210603_182341-300x169.jpg 300w, https:\/\/europa2velos.com\/wp-content\/uploads\/2021\/06\/20210603_182341-768x432.jpg 768w, https:\/\/europa2velos.com\/wp-content\/uploads\/2021\/06\/20210603_182341-1536x864.jpg 1536w, https:\/\/europa2velos.com\/wp-content\/uploads\/2021\/06\/20210603_182341-2048x1152.jpg 2048w, https:\/\/europa2velos.com\/wp-content\/uploads\/2021\/06\/20210603_182341-1104x621.jpg 1104w, https:\/\/europa2velos.com\/wp-content\/uploads\/2021\/06\/20210603_182341-366x205.jpg 366w, https:\/\/europa2velos.com\/wp-content\/uploads\/2021\/06\/20210603_182341-534x300.jpg 534w, https:\/\/europa2velos.com\/wp-content\/uploads\/2021\/06\/20210603_182341-165x92.jpg 165w, https:\/\/europa2velos.com\/wp-content\/uploads\/2021\/06\/20210603_182341-249x140.jpg 249w, https:\/\/europa2velos.com\/wp-content\/uploads\/2021\/06\/20210603_182341-232x130.jpg 232w, https:\/\/europa2velos.com\/wp-content\/uploads\/2021\/06\/20210603_182341-344x193.jpg 344w\" sizes=\"(max-width: 1024px) 100vw, 1024px\" \/><figcaption>Manarola<\/figcaption><\/figure>\n\n\n\n<figure class=\"wp-block-image size-large\"><img loading=\"lazy\" width=\"1024\" height=\"633\" src=\"http:\/\/europa2velos.com\/wp-content\/uploads\/2021\/06\/Capture-de\u0301cran-2021-06-04-a\u0300-07.59.48-1024x633.jpg\" alt=\"\" class=\"wp-image-3557\" srcset=\"https:\/\/europa2velos.com\/wp-content\/uploads\/2021\/06\/Capture-de\u0301cran-2021-06-04-a\u0300-07.59.48-1024x633.jpg 1024w, https:\/\/europa2velos.com\/wp-content\/uploads\/2021\/06\/Capture-de\u0301cran-2021-06-04-a\u0300-07.59.48-300x186.jpg 300w, https:\/\/europa2velos.com\/wp-content\/uploads\/2021\/06\/Capture-de\u0301cran-2021-06-04-a\u0300-07.59.48-768x475.jpg 768w, https:\/\/europa2velos.com\/wp-content\/uploads\/2021\/06\/Capture-de\u0301cran-2021-06-04-a\u0300-07.59.48-1536x950.jpg 1536w, https:\/\/europa2velos.com\/wp-content\/uploads\/2021\/06\/Capture-de\u0301cran-2021-06-04-a\u0300-07.59.48-2048x1267.jpg 2048w\" sizes=\"(max-width: 1024px) 100vw, 1024px\" \/><figcaption>A la pause go\u00fbter<\/figcaption><\/figure>\n\n\n\n<figure class=\"wp-block-image size-large is-resized\"><img loading=\"lazy\" src=\"http:\/\/europa2velos.com\/wp-content\/uploads\/2021\/06\/20210603_164929-1024x576.jpg\" alt=\"\" class=\"wp-image-3558\" width=\"798\" height=\"448\" srcset=\"https:\/\/europa2velos.com\/wp-content\/uploads\/2021\/06\/20210603_164929-1024x576.jpg 1024w, https:\/\/europa2velos.com\/wp-content\/uploads\/2021\/06\/20210603_164929-300x169.jpg 300w, https:\/\/europa2velos.com\/wp-content\/uploads\/2021\/06\/20210603_164929-768x432.jpg 768w, https:\/\/europa2velos.com\/wp-content\/uploads\/2021\/06\/20210603_164929-1536x864.jpg 1536w, https:\/\/europa2velos.com\/wp-content\/uploads\/2021\/06\/20210603_164929-2048x1152.jpg 2048w, https:\/\/europa2velos.com\/wp-content\/uploads\/2021\/06\/20210603_164929-1104x621.jpg 1104w, https:\/\/europa2velos.com\/wp-content\/uploads\/2021\/06\/20210603_164929-366x205.jpg 366w, https:\/\/europa2velos.com\/wp-content\/uploads\/2021\/06\/20210603_164929-534x300.jpg 534w, https:\/\/europa2velos.com\/wp-content\/uploads\/2021\/06\/20210603_164929-165x92.jpg 165w, https:\/\/europa2velos.com\/wp-content\/uploads\/2021\/06\/20210603_164929-249x140.jpg 249w, https:\/\/europa2velos.com\/wp-content\/uploads\/2021\/06\/20210603_164929-232x130.jpg 232w, https:\/\/europa2velos.com\/wp-content\/uploads\/2021\/06\/20210603_164929-344x193.jpg 344w\" sizes=\"(max-width: 798px) 100vw, 798px\" \/><figcaption>Corniglia vu de la gare de Manarola<\/figcaption><\/figure>\n\n\n\n<figure class=\"wp-block-image size-large\"><img loading=\"lazy\" width=\"645\" height=\"1024\" src=\"http:\/\/europa2velos.com\/wp-content\/uploads\/2021\/06\/20210603_190847-645x1024.jpg\" alt=\"\" class=\"wp-image-3559\" srcset=\"https:\/\/europa2velos.com\/wp-content\/uploads\/2021\/06\/20210603_190847-645x1024.jpg 645w, https:\/\/europa2velos.com\/wp-content\/uploads\/2021\/06\/20210603_190847-189x300.jpg 189w, https:\/\/europa2velos.com\/wp-content\/uploads\/2021\/06\/20210603_190847-768x1219.jpg 768w, https:\/\/europa2velos.com\/wp-content\/uploads\/2021\/06\/20210603_190847-968x1536.jpg 968w, https:\/\/europa2velos.com\/wp-content\/uploads\/2021\/06\/20210603_190847-1291x2048.jpg 1291w, https:\/\/europa2velos.com\/wp-content\/uploads\/2021\/06\/20210603_190847-scaled.jpg 1613w\" sizes=\"(max-width: 645px) 100vw, 645px\" \/><figcaption>Dans le petit train du retour<\/figcaption><\/figure>\n\n\n\n<figure class=\"wp-block-image size-large\"><img loading=\"lazy\" width=\"605\" height=\"1024\" src=\"http:\/\/europa2velos.com\/wp-content\/uploads\/2021\/06\/20210603_190940-605x1024.jpg\" alt=\"\" class=\"wp-image-3560\" srcset=\"https:\/\/europa2velos.com\/wp-content\/uploads\/2021\/06\/20210603_190940-605x1024.jpg 605w, https:\/\/europa2velos.com\/wp-content\/uploads\/2021\/06\/20210603_190940-177x300.jpg 177w, https:\/\/europa2velos.com\/wp-content\/uploads\/2021\/06\/20210603_190940-768x1300.jpg 768w, https:\/\/europa2velos.com\/wp-content\/uploads\/2021\/06\/20210603_190940-907x1536.jpg 907w, https:\/\/europa2velos.com\/wp-content\/uploads\/2021\/06\/20210603_190940-1210x2048.jpg 1210w, https:\/\/europa2velos.com\/wp-content\/uploads\/2021\/06\/20210603_190940-scaled.jpg 1512w\" sizes=\"(max-width: 605px) 100vw, 605px\" \/><figcaption>Mais qu&#8217;est-ce qu&#8217;il a mon tel ?<\/figcaption><\/figure>\n\n\n\n<figure class=\"wp-block-image size-large\"><img loading=\"lazy\" width=\"1024\" height=\"640\" src=\"http:\/\/europa2velos.com\/wp-content\/uploads\/2021\/06\/2021-06-04-A-1024x640.png\" alt=\"\" class=\"wp-image-3520\" srcset=\"https:\/\/europa2velos.com\/wp-content\/uploads\/2021\/06\/2021-06-04-A-1024x640.png 1024w, https:\/\/europa2velos.com\/wp-content\/uploads\/2021\/06\/2021-06-04-A-300x188.png 300w, https:\/\/europa2velos.com\/wp-content\/uploads\/2021\/06\/2021-06-04-A-768x480.png 768w, https:\/\/europa2velos.com\/wp-content\/uploads\/2021\/06\/2021-06-04-A-1536x960.png 1536w, https:\/\/europa2velos.com\/wp-content\/uploads\/2021\/06\/2021-06-04-A-2048x1280.png 2048w\" sizes=\"(max-width: 1024px) 100vw, 1024px\" \/><figcaption>4 juin 2021<\/figcaption><\/figure>\n\n\n\n<p>Vendredi 4 juin&nbsp;: Ce serait tentant de prendre de nouveau le train pour aller \u00e0 Monterosso, le cinqui\u00e8me village des Cinque Terre, mais JP veut nous filmer sur ces routes incroyables et on roule deux heures en transpirant au soleil, avec par moment des \u00e9pingles \u00e0 cheveux avec des pentes \u00e0 45% (apparemment pas facile du tout en voiture non plus, surtout pour se croiser). Magnifiques points de vue et grande descente vers Monterosso, qui est toutefois moins attrayant, d\u2019autant que le ciel a blanchi et qu\u2019il fait lourd.<\/p>\n\n\n\n<figure class=\"wp-block-image size-large\"><img loading=\"lazy\" width=\"1024\" height=\"576\" src=\"http:\/\/europa2velos.com\/wp-content\/uploads\/2021\/06\/Capture-de\u0301cran-2021-06-05-a\u0300-08.03.28-1024x576.jpg\" alt=\"\" class=\"wp-image-3561\" srcset=\"https:\/\/europa2velos.com\/wp-content\/uploads\/2021\/06\/Capture-de\u0301cran-2021-06-05-a\u0300-08.03.28-1024x576.jpg 1024w, https:\/\/europa2velos.com\/wp-content\/uploads\/2021\/06\/Capture-de\u0301cran-2021-06-05-a\u0300-08.03.28-300x169.jpg 300w, https:\/\/europa2velos.com\/wp-content\/uploads\/2021\/06\/Capture-de\u0301cran-2021-06-05-a\u0300-08.03.28-768x432.jpg 768w, https:\/\/europa2velos.com\/wp-content\/uploads\/2021\/06\/Capture-de\u0301cran-2021-06-05-a\u0300-08.03.28-1536x864.jpg 1536w, https:\/\/europa2velos.com\/wp-content\/uploads\/2021\/06\/Capture-de\u0301cran-2021-06-05-a\u0300-08.03.28-2048x1152.jpg 2048w, https:\/\/europa2velos.com\/wp-content\/uploads\/2021\/06\/Capture-de\u0301cran-2021-06-05-a\u0300-08.03.28-1104x621.jpg 1104w, https:\/\/europa2velos.com\/wp-content\/uploads\/2021\/06\/Capture-de\u0301cran-2021-06-05-a\u0300-08.03.28-366x205.jpg 366w, https:\/\/europa2velos.com\/wp-content\/uploads\/2021\/06\/Capture-de\u0301cran-2021-06-05-a\u0300-08.03.28-534x300.jpg 534w, https:\/\/europa2velos.com\/wp-content\/uploads\/2021\/06\/Capture-de\u0301cran-2021-06-05-a\u0300-08.03.28-165x92.jpg 165w, https:\/\/europa2velos.com\/wp-content\/uploads\/2021\/06\/Capture-de\u0301cran-2021-06-05-a\u0300-08.03.28-249x140.jpg 249w, https:\/\/europa2velos.com\/wp-content\/uploads\/2021\/06\/Capture-de\u0301cran-2021-06-05-a\u0300-08.03.28-232x130.jpg 232w, https:\/\/europa2velos.com\/wp-content\/uploads\/2021\/06\/Capture-de\u0301cran-2021-06-05-a\u0300-08.03.28-344x193.jpg 344w\" sizes=\"(max-width: 1024px) 100vw, 1024px\" \/><\/figure>\n\n\n\n<figure class=\"wp-block-image size-large\"><img loading=\"lazy\" width=\"1024\" height=\"576\" src=\"http:\/\/europa2velos.com\/wp-content\/uploads\/2021\/06\/Capture-de\u0301cran-2021-06-05-a\u0300-08.04.02-1024x576.jpg\" alt=\"\" class=\"wp-image-3562\" srcset=\"https:\/\/europa2velos.com\/wp-content\/uploads\/2021\/06\/Capture-de\u0301cran-2021-06-05-a\u0300-08.04.02-1024x576.jpg 1024w, https:\/\/europa2velos.com\/wp-content\/uploads\/2021\/06\/Capture-de\u0301cran-2021-06-05-a\u0300-08.04.02-300x169.jpg 300w, https:\/\/europa2velos.com\/wp-content\/uploads\/2021\/06\/Capture-de\u0301cran-2021-06-05-a\u0300-08.04.02-768x432.jpg 768w, https:\/\/europa2velos.com\/wp-content\/uploads\/2021\/06\/Capture-de\u0301cran-2021-06-05-a\u0300-08.04.02-1536x864.jpg 1536w, https:\/\/europa2velos.com\/wp-content\/uploads\/2021\/06\/Capture-de\u0301cran-2021-06-05-a\u0300-08.04.02-2048x1152.jpg 2048w, https:\/\/europa2velos.com\/wp-content\/uploads\/2021\/06\/Capture-de\u0301cran-2021-06-05-a\u0300-08.04.02-1104x621.jpg 1104w, https:\/\/europa2velos.com\/wp-content\/uploads\/2021\/06\/Capture-de\u0301cran-2021-06-05-a\u0300-08.04.02-366x205.jpg 366w, https:\/\/europa2velos.com\/wp-content\/uploads\/2021\/06\/Capture-de\u0301cran-2021-06-05-a\u0300-08.04.02-534x300.jpg 534w, https:\/\/europa2velos.com\/wp-content\/uploads\/2021\/06\/Capture-de\u0301cran-2021-06-05-a\u0300-08.04.02-165x92.jpg 165w, https:\/\/europa2velos.com\/wp-content\/uploads\/2021\/06\/Capture-de\u0301cran-2021-06-05-a\u0300-08.04.02-249x140.jpg 249w, https:\/\/europa2velos.com\/wp-content\/uploads\/2021\/06\/Capture-de\u0301cran-2021-06-05-a\u0300-08.04.02-232x130.jpg 232w, https:\/\/europa2velos.com\/wp-content\/uploads\/2021\/06\/Capture-de\u0301cran-2021-06-05-a\u0300-08.04.02-344x193.jpg 344w\" sizes=\"(max-width: 1024px) 100vw, 1024px\" \/><\/figure>\n\n\n\n<figure class=\"wp-block-image size-large\"><img loading=\"lazy\" width=\"1024\" height=\"576\" src=\"http:\/\/europa2velos.com\/wp-content\/uploads\/2021\/06\/Capture-de\u0301cran-2021-06-05-a\u0300-08.04.29-1024x576.jpg\" alt=\"\" class=\"wp-image-3563\" srcset=\"https:\/\/europa2velos.com\/wp-content\/uploads\/2021\/06\/Capture-de\u0301cran-2021-06-05-a\u0300-08.04.29-1024x576.jpg 1024w, https:\/\/europa2velos.com\/wp-content\/uploads\/2021\/06\/Capture-de\u0301cran-2021-06-05-a\u0300-08.04.29-300x169.jpg 300w, https:\/\/europa2velos.com\/wp-content\/uploads\/2021\/06\/Capture-de\u0301cran-2021-06-05-a\u0300-08.04.29-768x432.jpg 768w, https:\/\/europa2velos.com\/wp-content\/uploads\/2021\/06\/Capture-de\u0301cran-2021-06-05-a\u0300-08.04.29-1536x864.jpg 1536w, https:\/\/europa2velos.com\/wp-content\/uploads\/2021\/06\/Capture-de\u0301cran-2021-06-05-a\u0300-08.04.29-2048x1152.jpg 2048w, https:\/\/europa2velos.com\/wp-content\/uploads\/2021\/06\/Capture-de\u0301cran-2021-06-05-a\u0300-08.04.29-1104x621.jpg 1104w, https:\/\/europa2velos.com\/wp-content\/uploads\/2021\/06\/Capture-de\u0301cran-2021-06-05-a\u0300-08.04.29-366x205.jpg 366w, https:\/\/europa2velos.com\/wp-content\/uploads\/2021\/06\/Capture-de\u0301cran-2021-06-05-a\u0300-08.04.29-534x300.jpg 534w, https:\/\/europa2velos.com\/wp-content\/uploads\/2021\/06\/Capture-de\u0301cran-2021-06-05-a\u0300-08.04.29-165x92.jpg 165w, https:\/\/europa2velos.com\/wp-content\/uploads\/2021\/06\/Capture-de\u0301cran-2021-06-05-a\u0300-08.04.29-249x140.jpg 249w, https:\/\/europa2velos.com\/wp-content\/uploads\/2021\/06\/Capture-de\u0301cran-2021-06-05-a\u0300-08.04.29-232x130.jpg 232w, https:\/\/europa2velos.com\/wp-content\/uploads\/2021\/06\/Capture-de\u0301cran-2021-06-05-a\u0300-08.04.29-344x193.jpg 344w\" sizes=\"(max-width: 1024px) 100vw, 1024px\" \/><\/figure>\n\n\n\n<figure class=\"wp-block-image size-large\"><img loading=\"lazy\" width=\"1024\" height=\"576\" src=\"http:\/\/europa2velos.com\/wp-content\/uploads\/2021\/06\/20210604_123426-1024x576.jpg\" alt=\"\" class=\"wp-image-3564\" srcset=\"https:\/\/europa2velos.com\/wp-content\/uploads\/2021\/06\/20210604_123426-1024x576.jpg 1024w, https:\/\/europa2velos.com\/wp-content\/uploads\/2021\/06\/20210604_123426-300x169.jpg 300w, https:\/\/europa2velos.com\/wp-content\/uploads\/2021\/06\/20210604_123426-768x432.jpg 768w, https:\/\/europa2velos.com\/wp-content\/uploads\/2021\/06\/20210604_123426-1536x864.jpg 1536w, https:\/\/europa2velos.com\/wp-content\/uploads\/2021\/06\/20210604_123426-2048x1152.jpg 2048w, https:\/\/europa2velos.com\/wp-content\/uploads\/2021\/06\/20210604_123426-1104x621.jpg 1104w, https:\/\/europa2velos.com\/wp-content\/uploads\/2021\/06\/20210604_123426-366x205.jpg 366w, https:\/\/europa2velos.com\/wp-content\/uploads\/2021\/06\/20210604_123426-534x300.jpg 534w, https:\/\/europa2velos.com\/wp-content\/uploads\/2021\/06\/20210604_123426-165x92.jpg 165w, https:\/\/europa2velos.com\/wp-content\/uploads\/2021\/06\/20210604_123426-249x140.jpg 249w, https:\/\/europa2velos.com\/wp-content\/uploads\/2021\/06\/20210604_123426-232x130.jpg 232w, https:\/\/europa2velos.com\/wp-content\/uploads\/2021\/06\/20210604_123426-344x193.jpg 344w\" sizes=\"(max-width: 1024px) 100vw, 1024px\" \/><\/figure>\n\n\n\n<figure class=\"wp-block-image size-large\"><img loading=\"lazy\" width=\"1024\" height=\"576\" src=\"http:\/\/europa2velos.com\/wp-content\/uploads\/2021\/06\/Capture-de\u0301cran-2021-06-05-a\u0300-08.05.27-1024x576.jpg\" alt=\"\" class=\"wp-image-3565\" srcset=\"https:\/\/europa2velos.com\/wp-content\/uploads\/2021\/06\/Capture-de\u0301cran-2021-06-05-a\u0300-08.05.27-1024x576.jpg 1024w, https:\/\/europa2velos.com\/wp-content\/uploads\/2021\/06\/Capture-de\u0301cran-2021-06-05-a\u0300-08.05.27-300x169.jpg 300w, https:\/\/europa2velos.com\/wp-content\/uploads\/2021\/06\/Capture-de\u0301cran-2021-06-05-a\u0300-08.05.27-768x432.jpg 768w, https:\/\/europa2velos.com\/wp-content\/uploads\/2021\/06\/Capture-de\u0301cran-2021-06-05-a\u0300-08.05.27-1536x864.jpg 1536w, https:\/\/europa2velos.com\/wp-content\/uploads\/2021\/06\/Capture-de\u0301cran-2021-06-05-a\u0300-08.05.27-2048x1152.jpg 2048w, https:\/\/europa2velos.com\/wp-content\/uploads\/2021\/06\/Capture-de\u0301cran-2021-06-05-a\u0300-08.05.27-1104x621.jpg 1104w, https:\/\/europa2velos.com\/wp-content\/uploads\/2021\/06\/Capture-de\u0301cran-2021-06-05-a\u0300-08.05.27-366x205.jpg 366w, https:\/\/europa2velos.com\/wp-content\/uploads\/2021\/06\/Capture-de\u0301cran-2021-06-05-a\u0300-08.05.27-534x300.jpg 534w, https:\/\/europa2velos.com\/wp-content\/uploads\/2021\/06\/Capture-de\u0301cran-2021-06-05-a\u0300-08.05.27-165x92.jpg 165w, https:\/\/europa2velos.com\/wp-content\/uploads\/2021\/06\/Capture-de\u0301cran-2021-06-05-a\u0300-08.05.27-249x140.jpg 249w, https:\/\/europa2velos.com\/wp-content\/uploads\/2021\/06\/Capture-de\u0301cran-2021-06-05-a\u0300-08.05.27-232x130.jpg 232w, https:\/\/europa2velos.com\/wp-content\/uploads\/2021\/06\/Capture-de\u0301cran-2021-06-05-a\u0300-08.05.27-344x193.jpg 344w\" sizes=\"(max-width: 1024px) 100vw, 1024px\" \/><\/figure>\n\n\n\n<p>On repart ensuite pour Levanto, \u00e0 l\u2019Ouest des Cinque Terre, o\u00f9 Vittorio, le p\u00e8re de Nicola, le copain d\u2019une cousine d\u2019Elio, nous accueille et nous conduit \u00e0 un camping touristique tr\u00e8s bien am\u00e9nag\u00e9 sur des terrasses \u00e0 l\u2019ombre de grands oliviers, qui nous accueille gratuitement. Vittorio est tr\u00e8s sympa et a l\u2019air de conna\u00eetre tout le monde ici.<\/p>\n\n\n\n<p>JP et Justin d\u00eenent en t\u00eate \u00e0 t\u00eate, pour faire un point sur le voyage et le film, qui se terminent bient\u00f4t, et pour parler tranquilou. Un beau moment pour tous les deux. Pendant ce temps, Elio et Cl\u00e9ment d\u00e9gustent des pizzas d\u2019une des meilleure pizzeria du monde, qui a remport\u00e9 plusieurs concours internationaux.<\/p>\n\n\n\n<figure class=\"wp-block-image size-large\"><img loading=\"lazy\" width=\"1024\" height=\"576\" src=\"http:\/\/europa2velos.com\/wp-content\/uploads\/2021\/06\/Capture-de\u0301cran-2021-06-05-a\u0300-08.01.43-1024x576.jpg\" alt=\"\" class=\"wp-image-3566\" srcset=\"https:\/\/europa2velos.com\/wp-content\/uploads\/2021\/06\/Capture-de\u0301cran-2021-06-05-a\u0300-08.01.43-1024x576.jpg 1024w, https:\/\/europa2velos.com\/wp-content\/uploads\/2021\/06\/Capture-de\u0301cran-2021-06-05-a\u0300-08.01.43-300x169.jpg 300w, https:\/\/europa2velos.com\/wp-content\/uploads\/2021\/06\/Capture-de\u0301cran-2021-06-05-a\u0300-08.01.43-768x432.jpg 768w, https:\/\/europa2velos.com\/wp-content\/uploads\/2021\/06\/Capture-de\u0301cran-2021-06-05-a\u0300-08.01.43-1536x864.jpg 1536w, https:\/\/europa2velos.com\/wp-content\/uploads\/2021\/06\/Capture-de\u0301cran-2021-06-05-a\u0300-08.01.43-2048x1152.jpg 2048w, https:\/\/europa2velos.com\/wp-content\/uploads\/2021\/06\/Capture-de\u0301cran-2021-06-05-a\u0300-08.01.43-1104x621.jpg 1104w, https:\/\/europa2velos.com\/wp-content\/uploads\/2021\/06\/Capture-de\u0301cran-2021-06-05-a\u0300-08.01.43-366x205.jpg 366w, https:\/\/europa2velos.com\/wp-content\/uploads\/2021\/06\/Capture-de\u0301cran-2021-06-05-a\u0300-08.01.43-534x300.jpg 534w, https:\/\/europa2velos.com\/wp-content\/uploads\/2021\/06\/Capture-de\u0301cran-2021-06-05-a\u0300-08.01.43-165x92.jpg 165w, https:\/\/europa2velos.com\/wp-content\/uploads\/2021\/06\/Capture-de\u0301cran-2021-06-05-a\u0300-08.01.43-249x140.jpg 249w, https:\/\/europa2velos.com\/wp-content\/uploads\/2021\/06\/Capture-de\u0301cran-2021-06-05-a\u0300-08.01.43-232x130.jpg 232w, https:\/\/europa2velos.com\/wp-content\/uploads\/2021\/06\/Capture-de\u0301cran-2021-06-05-a\u0300-08.01.43-344x193.jpg 344w\" sizes=\"(max-width: 1024px) 100vw, 1024px\" \/><figcaption>Vittorio e Elio<\/figcaption><\/figure>\n\n\n\n<figure class=\"wp-block-image size-large\"><img loading=\"lazy\" width=\"1024\" height=\"576\" src=\"http:\/\/europa2velos.com\/wp-content\/uploads\/2021\/06\/20210604_204345-2-1024x576.jpg\" alt=\"\" class=\"wp-image-3567\" srcset=\"https:\/\/europa2velos.com\/wp-content\/uploads\/2021\/06\/20210604_204345-2-1024x576.jpg 1024w, https:\/\/europa2velos.com\/wp-content\/uploads\/2021\/06\/20210604_204345-2-300x169.jpg 300w, https:\/\/europa2velos.com\/wp-content\/uploads\/2021\/06\/20210604_204345-2-768x432.jpg 768w, https:\/\/europa2velos.com\/wp-content\/uploads\/2021\/06\/20210604_204345-2-1536x864.jpg 1536w, https:\/\/europa2velos.com\/wp-content\/uploads\/2021\/06\/20210604_204345-2-2048x1152.jpg 2048w, https:\/\/europa2velos.com\/wp-content\/uploads\/2021\/06\/20210604_204345-2-1104x621.jpg 1104w, https:\/\/europa2velos.com\/wp-content\/uploads\/2021\/06\/20210604_204345-2-366x205.jpg 366w, https:\/\/europa2velos.com\/wp-content\/uploads\/2021\/06\/20210604_204345-2-534x300.jpg 534w, https:\/\/europa2velos.com\/wp-content\/uploads\/2021\/06\/20210604_204345-2-165x92.jpg 165w, https:\/\/europa2velos.com\/wp-content\/uploads\/2021\/06\/20210604_204345-2-249x140.jpg 249w, https:\/\/europa2velos.com\/wp-content\/uploads\/2021\/06\/20210604_204345-2-232x130.jpg 232w, https:\/\/europa2velos.com\/wp-content\/uploads\/2021\/06\/20210604_204345-2-344x193.jpg 344w\" sizes=\"(max-width: 1024px) 100vw, 1024px\" \/><figcaption>Diner avec JP<\/figcaption><\/figure>\n\n\n\n<figure class=\"wp-block-image size-large\"><img loading=\"lazy\" width=\"1024\" height=\"640\" src=\"http:\/\/europa2velos.com\/wp-content\/uploads\/2021\/06\/2021-06-05-A-1024x640.png\" alt=\"\" class=\"wp-image-3521\" srcset=\"https:\/\/europa2velos.com\/wp-content\/uploads\/2021\/06\/2021-06-05-A-1024x640.png 1024w, https:\/\/europa2velos.com\/wp-content\/uploads\/2021\/06\/2021-06-05-A-300x188.png 300w, https:\/\/europa2velos.com\/wp-content\/uploads\/2021\/06\/2021-06-05-A-768x480.png 768w, https:\/\/europa2velos.com\/wp-content\/uploads\/2021\/06\/2021-06-05-A-1536x960.png 1536w, https:\/\/europa2velos.com\/wp-content\/uploads\/2021\/06\/2021-06-05-A-2048x1280.png 2048w\" sizes=\"(max-width: 1024px) 100vw, 1024px\" \/><figcaption>5 juin 2021<\/figcaption><\/figure>\n\n\n\n<p>Samedi 5 juin\u00a0: Apr\u00e8s un au-revoir \u00e0 Vittorio, qui s&#8217;est occup\u00e9 des probl\u00e8mes de t\u00e9l\u00e9phone d&#8217;Elio, on retourne tous les quatre \u00e0 la fameuse pizzeria pour s\u2019acheter de quoi manger, face \u00e0 la mer, puis c\u2019est le d\u00e9part en direction de G\u00eanes, o\u00f9 nous avons pr\u00e9vu d\u2019arriver le lendemain. Une longue mont\u00e9e assez harassante, pour arriver \u00e0 un col suivi par une tr\u00e8s longue descente jusqu\u2019\u00e0 une c\u00f4te plus plate. Mais ensuite, on a beaucoup de mal \u00e0 trouver o\u00f9 se poser pour la nuit, car soit c\u2019est tr\u00e8s urbanis\u00e9, avec des stations baln\u00e9aires o\u00f9 les plages priv\u00e9es alignent parasols et chaises longues, soit c\u2019est des falaises rocheuses ou des coins tr\u00e8s \u00e9troits entre la mer et la route, sans possibilit\u00e9 de planter la tente ou sur lesquels on est s\u00fbr de se faire verbaliser. On a rep\u00e9r\u00e9 un endroit sur Maps, qui se r\u00e9v\u00e8le \u00eatre une plateforme en b\u00e9ton, assez isol\u00e9e, o\u00f9 on peut s\u2019installer. La m\u00e9t\u00e9o promettait de l\u2019orage, mais la soir\u00e9e est plut\u00f4t belle et calme. Quand on raccompagne JP \u00e0 sa voiture, la nuit \u00e9tant vraiment tomb\u00e9e, le chemin est bord\u00e9 de lucioles, c\u2019est incroyable et po\u00e9tique.<\/p>\n\n\n\n<figure class=\"wp-block-image size-large\"><img loading=\"lazy\" width=\"1024\" height=\"769\" src=\"http:\/\/europa2velos.com\/wp-content\/uploads\/2021\/06\/image0-1024x769.jpeg\" alt=\"\" class=\"wp-image-3607\" srcset=\"https:\/\/europa2velos.com\/wp-content\/uploads\/2021\/06\/image0-1024x769.jpeg 1024w, https:\/\/europa2velos.com\/wp-content\/uploads\/2021\/06\/image0-300x225.jpeg 300w, https:\/\/europa2velos.com\/wp-content\/uploads\/2021\/06\/image0-768x577.jpeg 768w, https:\/\/europa2velos.com\/wp-content\/uploads\/2021\/06\/image0-1536x1154.jpeg 1536w, https:\/\/europa2velos.com\/wp-content\/uploads\/2021\/06\/image0.jpeg 2048w\" sizes=\"(max-width: 1024px) 100vw, 1024px\" \/><figcaption>Vittorio, Giustino, Elio, GP, Clemente<\/figcaption><\/figure>\n\n\n\n<figure class=\"wp-block-image size-large\"><img loading=\"lazy\" width=\"576\" height=\"1024\" src=\"http:\/\/europa2velos.com\/wp-content\/uploads\/2021\/06\/20210605_122922-576x1024.jpg\" alt=\"\" class=\"wp-image-3568\" srcset=\"https:\/\/europa2velos.com\/wp-content\/uploads\/2021\/06\/20210605_122922-576x1024.jpg 576w, https:\/\/europa2velos.com\/wp-content\/uploads\/2021\/06\/20210605_122922-169x300.jpg 169w, https:\/\/europa2velos.com\/wp-content\/uploads\/2021\/06\/20210605_122922-768x1365.jpg 768w, https:\/\/europa2velos.com\/wp-content\/uploads\/2021\/06\/20210605_122922-864x1536.jpg 864w, https:\/\/europa2velos.com\/wp-content\/uploads\/2021\/06\/20210605_122922-1152x2048.jpg 1152w, https:\/\/europa2velos.com\/wp-content\/uploads\/2021\/06\/20210605_122922-scaled.jpg 1440w\" sizes=\"(max-width: 576px) 100vw, 576px\" \/><figcaption>Miam, miam !<\/figcaption><\/figure>\n\n\n\n<figure class=\"wp-block-image size-large\"><img loading=\"lazy\" width=\"1024\" height=\"576\" src=\"http:\/\/europa2velos.com\/wp-content\/uploads\/2021\/06\/Capture-de\u0301cran-2021-06-06-a\u0300-07.29.40-1-1024x576.jpg\" alt=\"\" class=\"wp-image-3570\" srcset=\"https:\/\/europa2velos.com\/wp-content\/uploads\/2021\/06\/Capture-de\u0301cran-2021-06-06-a\u0300-07.29.40-1-1024x576.jpg 1024w, https:\/\/europa2velos.com\/wp-content\/uploads\/2021\/06\/Capture-de\u0301cran-2021-06-06-a\u0300-07.29.40-1-300x169.jpg 300w, https:\/\/europa2velos.com\/wp-content\/uploads\/2021\/06\/Capture-de\u0301cran-2021-06-06-a\u0300-07.29.40-1-768x432.jpg 768w, https:\/\/europa2velos.com\/wp-content\/uploads\/2021\/06\/Capture-de\u0301cran-2021-06-06-a\u0300-07.29.40-1-1536x864.jpg 1536w, https:\/\/europa2velos.com\/wp-content\/uploads\/2021\/06\/Capture-de\u0301cran-2021-06-06-a\u0300-07.29.40-1-2048x1152.jpg 2048w, https:\/\/europa2velos.com\/wp-content\/uploads\/2021\/06\/Capture-de\u0301cran-2021-06-06-a\u0300-07.29.40-1-1104x621.jpg 1104w, https:\/\/europa2velos.com\/wp-content\/uploads\/2021\/06\/Capture-de\u0301cran-2021-06-06-a\u0300-07.29.40-1-366x205.jpg 366w, https:\/\/europa2velos.com\/wp-content\/uploads\/2021\/06\/Capture-de\u0301cran-2021-06-06-a\u0300-07.29.40-1-534x300.jpg 534w, https:\/\/europa2velos.com\/wp-content\/uploads\/2021\/06\/Capture-de\u0301cran-2021-06-06-a\u0300-07.29.40-1-165x92.jpg 165w, https:\/\/europa2velos.com\/wp-content\/uploads\/2021\/06\/Capture-de\u0301cran-2021-06-06-a\u0300-07.29.40-1-249x140.jpg 249w, https:\/\/europa2velos.com\/wp-content\/uploads\/2021\/06\/Capture-de\u0301cran-2021-06-06-a\u0300-07.29.40-1-232x130.jpg 232w, https:\/\/europa2velos.com\/wp-content\/uploads\/2021\/06\/Capture-de\u0301cran-2021-06-06-a\u0300-07.29.40-1-344x193.jpg 344w\" sizes=\"(max-width: 1024px) 100vw, 1024px\" \/><figcaption>La mont\u00e9e&#8230;<\/figcaption><\/figure>\n\n\n\n<figure class=\"wp-block-image size-large\"><img loading=\"lazy\" width=\"1024\" height=\"474\" src=\"http:\/\/europa2velos.com\/wp-content\/uploads\/2021\/06\/IMG_20210605_141606-1024x474.jpg\" alt=\"\" class=\"wp-image-3571\" srcset=\"https:\/\/europa2velos.com\/wp-content\/uploads\/2021\/06\/IMG_20210605_141606-1024x474.jpg 1024w, https:\/\/europa2velos.com\/wp-content\/uploads\/2021\/06\/IMG_20210605_141606-300x139.jpg 300w, https:\/\/europa2velos.com\/wp-content\/uploads\/2021\/06\/IMG_20210605_141606-768x355.jpg 768w, https:\/\/europa2velos.com\/wp-content\/uploads\/2021\/06\/IMG_20210605_141606-1536x710.jpg 1536w, https:\/\/europa2velos.com\/wp-content\/uploads\/2021\/06\/IMG_20210605_141606-2048x947.jpg 2048w\" sizes=\"(max-width: 1024px) 100vw, 1024px\" \/><figcaption>&#8230;toujours la mont\u00e9e&#8230;<\/figcaption><\/figure>\n\n\n\n<figure class=\"wp-block-image size-large\"><img loading=\"lazy\" width=\"1024\" height=\"576\" src=\"http:\/\/europa2velos.com\/wp-content\/uploads\/2021\/06\/Capture-de\u0301cran-2021-06-06-a\u0300-07.29.46-1024x576.jpg\" alt=\"\" class=\"wp-image-3572\" srcset=\"https:\/\/europa2velos.com\/wp-content\/uploads\/2021\/06\/Capture-de\u0301cran-2021-06-06-a\u0300-07.29.46-1024x576.jpg 1024w, https:\/\/europa2velos.com\/wp-content\/uploads\/2021\/06\/Capture-de\u0301cran-2021-06-06-a\u0300-07.29.46-300x169.jpg 300w, https:\/\/europa2velos.com\/wp-content\/uploads\/2021\/06\/Capture-de\u0301cran-2021-06-06-a\u0300-07.29.46-768x432.jpg 768w, https:\/\/europa2velos.com\/wp-content\/uploads\/2021\/06\/Capture-de\u0301cran-2021-06-06-a\u0300-07.29.46-1536x864.jpg 1536w, https:\/\/europa2velos.com\/wp-content\/uploads\/2021\/06\/Capture-de\u0301cran-2021-06-06-a\u0300-07.29.46-2048x1152.jpg 2048w, https:\/\/europa2velos.com\/wp-content\/uploads\/2021\/06\/Capture-de\u0301cran-2021-06-06-a\u0300-07.29.46-1104x621.jpg 1104w, https:\/\/europa2velos.com\/wp-content\/uploads\/2021\/06\/Capture-de\u0301cran-2021-06-06-a\u0300-07.29.46-366x205.jpg 366w, https:\/\/europa2velos.com\/wp-content\/uploads\/2021\/06\/Capture-de\u0301cran-2021-06-06-a\u0300-07.29.46-534x300.jpg 534w, https:\/\/europa2velos.com\/wp-content\/uploads\/2021\/06\/Capture-de\u0301cran-2021-06-06-a\u0300-07.29.46-165x92.jpg 165w, https:\/\/europa2velos.com\/wp-content\/uploads\/2021\/06\/Capture-de\u0301cran-2021-06-06-a\u0300-07.29.46-249x140.jpg 249w, https:\/\/europa2velos.com\/wp-content\/uploads\/2021\/06\/Capture-de\u0301cran-2021-06-06-a\u0300-07.29.46-232x130.jpg 232w, https:\/\/europa2velos.com\/wp-content\/uploads\/2021\/06\/Capture-de\u0301cran-2021-06-06-a\u0300-07.29.46-344x193.jpg 344w\" sizes=\"(max-width: 1024px) 100vw, 1024px\" \/><figcaption>&#8230;encore la mont\u00e9e&#8230;<\/figcaption><\/figure>\n\n\n\n<figure class=\"wp-block-image size-large\"><img loading=\"lazy\" width=\"1024\" height=\"576\" src=\"http:\/\/europa2velos.com\/wp-content\/uploads\/2021\/06\/Capture-de\u0301cran-2021-06-06-a\u0300-07.31.02-1024x576.jpg\" alt=\"\" class=\"wp-image-3573\" srcset=\"https:\/\/europa2velos.com\/wp-content\/uploads\/2021\/06\/Capture-de\u0301cran-2021-06-06-a\u0300-07.31.02-1024x576.jpg 1024w, https:\/\/europa2velos.com\/wp-content\/uploads\/2021\/06\/Capture-de\u0301cran-2021-06-06-a\u0300-07.31.02-300x169.jpg 300w, https:\/\/europa2velos.com\/wp-content\/uploads\/2021\/06\/Capture-de\u0301cran-2021-06-06-a\u0300-07.31.02-768x432.jpg 768w, https:\/\/europa2velos.com\/wp-content\/uploads\/2021\/06\/Capture-de\u0301cran-2021-06-06-a\u0300-07.31.02-1536x864.jpg 1536w, https:\/\/europa2velos.com\/wp-content\/uploads\/2021\/06\/Capture-de\u0301cran-2021-06-06-a\u0300-07.31.02-2048x1152.jpg 2048w, https:\/\/europa2velos.com\/wp-content\/uploads\/2021\/06\/Capture-de\u0301cran-2021-06-06-a\u0300-07.31.02-1104x621.jpg 1104w, https:\/\/europa2velos.com\/wp-content\/uploads\/2021\/06\/Capture-de\u0301cran-2021-06-06-a\u0300-07.31.02-366x205.jpg 366w, https:\/\/europa2velos.com\/wp-content\/uploads\/2021\/06\/Capture-de\u0301cran-2021-06-06-a\u0300-07.31.02-534x300.jpg 534w, https:\/\/europa2velos.com\/wp-content\/uploads\/2021\/06\/Capture-de\u0301cran-2021-06-06-a\u0300-07.31.02-165x92.jpg 165w, https:\/\/europa2velos.com\/wp-content\/uploads\/2021\/06\/Capture-de\u0301cran-2021-06-06-a\u0300-07.31.02-249x140.jpg 249w, https:\/\/europa2velos.com\/wp-content\/uploads\/2021\/06\/Capture-de\u0301cran-2021-06-06-a\u0300-07.31.02-232x130.jpg 232w, https:\/\/europa2velos.com\/wp-content\/uploads\/2021\/06\/Capture-de\u0301cran-2021-06-06-a\u0300-07.31.02-344x193.jpg 344w\" sizes=\"(max-width: 1024px) 100vw, 1024px\" \/><figcaption>&#8230;et la descente !<\/figcaption><\/figure>\n\n\n\n<figure class=\"wp-block-image size-large\"><img loading=\"lazy\" width=\"1024\" height=\"576\" src=\"http:\/\/europa2velos.com\/wp-content\/uploads\/2021\/06\/DSC00043-1024x576.jpg\" alt=\"\" class=\"wp-image-3574\" srcset=\"https:\/\/europa2velos.com\/wp-content\/uploads\/2021\/06\/DSC00043-1024x576.jpg 1024w, https:\/\/europa2velos.com\/wp-content\/uploads\/2021\/06\/DSC00043-300x169.jpg 300w, https:\/\/europa2velos.com\/wp-content\/uploads\/2021\/06\/DSC00043-768x432.jpg 768w, https:\/\/europa2velos.com\/wp-content\/uploads\/2021\/06\/DSC00043-1536x864.jpg 1536w, https:\/\/europa2velos.com\/wp-content\/uploads\/2021\/06\/DSC00043-2048x1152.jpg 2048w, https:\/\/europa2velos.com\/wp-content\/uploads\/2021\/06\/DSC00043-1104x621.jpg 1104w, https:\/\/europa2velos.com\/wp-content\/uploads\/2021\/06\/DSC00043-366x205.jpg 366w, https:\/\/europa2velos.com\/wp-content\/uploads\/2021\/06\/DSC00043-534x300.jpg 534w, https:\/\/europa2velos.com\/wp-content\/uploads\/2021\/06\/DSC00043-165x92.jpg 165w, https:\/\/europa2velos.com\/wp-content\/uploads\/2021\/06\/DSC00043-249x140.jpg 249w, https:\/\/europa2velos.com\/wp-content\/uploads\/2021\/06\/DSC00043-232x130.jpg 232w, https:\/\/europa2velos.com\/wp-content\/uploads\/2021\/06\/DSC00043-344x193.jpg 344w\" sizes=\"(max-width: 1024px) 100vw, 1024px\" \/><figcaption>Pause (ou pose ?) \u00e0 Sestri Levante<\/figcaption><\/figure>\n\n\n\n<figure class=\"wp-block-image size-large\"><img loading=\"lazy\" width=\"1024\" height=\"576\" src=\"http:\/\/europa2velos.com\/wp-content\/uploads\/2021\/06\/Capture-de\u0301cran-2021-06-06-a\u0300-07.32.49-1024x576.jpg\" alt=\"\" class=\"wp-image-3575\" srcset=\"https:\/\/europa2velos.com\/wp-content\/uploads\/2021\/06\/Capture-de\u0301cran-2021-06-06-a\u0300-07.32.49-1024x576.jpg 1024w, https:\/\/europa2velos.com\/wp-content\/uploads\/2021\/06\/Capture-de\u0301cran-2021-06-06-a\u0300-07.32.49-300x169.jpg 300w, https:\/\/europa2velos.com\/wp-content\/uploads\/2021\/06\/Capture-de\u0301cran-2021-06-06-a\u0300-07.32.49-768x432.jpg 768w, https:\/\/europa2velos.com\/wp-content\/uploads\/2021\/06\/Capture-de\u0301cran-2021-06-06-a\u0300-07.32.49-1536x864.jpg 1536w, https:\/\/europa2velos.com\/wp-content\/uploads\/2021\/06\/Capture-de\u0301cran-2021-06-06-a\u0300-07.32.49-2048x1152.jpg 2048w, https:\/\/europa2velos.com\/wp-content\/uploads\/2021\/06\/Capture-de\u0301cran-2021-06-06-a\u0300-07.32.49-1104x621.jpg 1104w, https:\/\/europa2velos.com\/wp-content\/uploads\/2021\/06\/Capture-de\u0301cran-2021-06-06-a\u0300-07.32.49-366x205.jpg 366w, https:\/\/europa2velos.com\/wp-content\/uploads\/2021\/06\/Capture-de\u0301cran-2021-06-06-a\u0300-07.32.49-534x300.jpg 534w, https:\/\/europa2velos.com\/wp-content\/uploads\/2021\/06\/Capture-de\u0301cran-2021-06-06-a\u0300-07.32.49-165x92.jpg 165w, https:\/\/europa2velos.com\/wp-content\/uploads\/2021\/06\/Capture-de\u0301cran-2021-06-06-a\u0300-07.32.49-249x140.jpg 249w, https:\/\/europa2velos.com\/wp-content\/uploads\/2021\/06\/Capture-de\u0301cran-2021-06-06-a\u0300-07.32.49-232x130.jpg 232w, https:\/\/europa2velos.com\/wp-content\/uploads\/2021\/06\/Capture-de\u0301cran-2021-06-06-a\u0300-07.32.49-344x193.jpg 344w\" sizes=\"(max-width: 1024px) 100vw, 1024px\" \/><figcaption>Bivouac \u00e0 Chiavari<\/figcaption><\/figure>\n\n\n\n<figure class=\"wp-block-image size-large\"><img loading=\"lazy\" width=\"1024\" height=\"576\" src=\"http:\/\/europa2velos.com\/wp-content\/uploads\/2021\/06\/Capture-de\u0301cran-2021-06-06-a\u0300-07.33.51-1024x576.jpg\" alt=\"\" class=\"wp-image-3576\" srcset=\"https:\/\/europa2velos.com\/wp-content\/uploads\/2021\/06\/Capture-de\u0301cran-2021-06-06-a\u0300-07.33.51-1024x576.jpg 1024w, https:\/\/europa2velos.com\/wp-content\/uploads\/2021\/06\/Capture-de\u0301cran-2021-06-06-a\u0300-07.33.51-300x169.jpg 300w, https:\/\/europa2velos.com\/wp-content\/uploads\/2021\/06\/Capture-de\u0301cran-2021-06-06-a\u0300-07.33.51-768x432.jpg 768w, https:\/\/europa2velos.com\/wp-content\/uploads\/2021\/06\/Capture-de\u0301cran-2021-06-06-a\u0300-07.33.51-1536x864.jpg 1536w, https:\/\/europa2velos.com\/wp-content\/uploads\/2021\/06\/Capture-de\u0301cran-2021-06-06-a\u0300-07.33.51-2048x1152.jpg 2048w, https:\/\/europa2velos.com\/wp-content\/uploads\/2021\/06\/Capture-de\u0301cran-2021-06-06-a\u0300-07.33.51-1104x621.jpg 1104w, https:\/\/europa2velos.com\/wp-content\/uploads\/2021\/06\/Capture-de\u0301cran-2021-06-06-a\u0300-07.33.51-366x205.jpg 366w, https:\/\/europa2velos.com\/wp-content\/uploads\/2021\/06\/Capture-de\u0301cran-2021-06-06-a\u0300-07.33.51-534x300.jpg 534w, https:\/\/europa2velos.com\/wp-content\/uploads\/2021\/06\/Capture-de\u0301cran-2021-06-06-a\u0300-07.33.51-165x92.jpg 165w, https:\/\/europa2velos.com\/wp-content\/uploads\/2021\/06\/Capture-de\u0301cran-2021-06-06-a\u0300-07.33.51-249x140.jpg 249w, https:\/\/europa2velos.com\/wp-content\/uploads\/2021\/06\/Capture-de\u0301cran-2021-06-06-a\u0300-07.33.51-232x130.jpg 232w, https:\/\/europa2velos.com\/wp-content\/uploads\/2021\/06\/Capture-de\u0301cran-2021-06-06-a\u0300-07.33.51-344x193.jpg 344w\" sizes=\"(max-width: 1024px) 100vw, 1024px\" \/><\/figure>\n\n\n\n<figure class=\"wp-block-image size-large\"><img loading=\"lazy\" width=\"1024\" height=\"576\" src=\"http:\/\/europa2velos.com\/wp-content\/uploads\/2021\/06\/Capture-de\u0301cran-2021-06-06-a\u0300-07.34.47-1024x576.jpg\" alt=\"\" class=\"wp-image-3577\" srcset=\"https:\/\/europa2velos.com\/wp-content\/uploads\/2021\/06\/Capture-de\u0301cran-2021-06-06-a\u0300-07.34.47-1024x576.jpg 1024w, https:\/\/europa2velos.com\/wp-content\/uploads\/2021\/06\/Capture-de\u0301cran-2021-06-06-a\u0300-07.34.47-300x169.jpg 300w, https:\/\/europa2velos.com\/wp-content\/uploads\/2021\/06\/Capture-de\u0301cran-2021-06-06-a\u0300-07.34.47-768x432.jpg 768w, https:\/\/europa2velos.com\/wp-content\/uploads\/2021\/06\/Capture-de\u0301cran-2021-06-06-a\u0300-07.34.47-1536x864.jpg 1536w, https:\/\/europa2velos.com\/wp-content\/uploads\/2021\/06\/Capture-de\u0301cran-2021-06-06-a\u0300-07.34.47-2048x1152.jpg 2048w, https:\/\/europa2velos.com\/wp-content\/uploads\/2021\/06\/Capture-de\u0301cran-2021-06-06-a\u0300-07.34.47-1104x621.jpg 1104w, https:\/\/europa2velos.com\/wp-content\/uploads\/2021\/06\/Capture-de\u0301cran-2021-06-06-a\u0300-07.34.47-366x205.jpg 366w, https:\/\/europa2velos.com\/wp-content\/uploads\/2021\/06\/Capture-de\u0301cran-2021-06-06-a\u0300-07.34.47-534x300.jpg 534w, https:\/\/europa2velos.com\/wp-content\/uploads\/2021\/06\/Capture-de\u0301cran-2021-06-06-a\u0300-07.34.47-165x92.jpg 165w, https:\/\/europa2velos.com\/wp-content\/uploads\/2021\/06\/Capture-de\u0301cran-2021-06-06-a\u0300-07.34.47-249x140.jpg 249w, https:\/\/europa2velos.com\/wp-content\/uploads\/2021\/06\/Capture-de\u0301cran-2021-06-06-a\u0300-07.34.47-232x130.jpg 232w, https:\/\/europa2velos.com\/wp-content\/uploads\/2021\/06\/Capture-de\u0301cran-2021-06-06-a\u0300-07.34.47-344x193.jpg 344w\" sizes=\"(max-width: 1024px) 100vw, 1024px\" \/><\/figure>\n\n\n\n<figure class=\"wp-block-image size-large\"><img loading=\"lazy\" width=\"1024\" height=\"576\" src=\"http:\/\/europa2velos.com\/wp-content\/uploads\/2021\/06\/Capture-de\u0301cran-2021-06-06-a\u0300-07.37.29-1024x576.jpg\" alt=\"\" class=\"wp-image-3578\" srcset=\"https:\/\/europa2velos.com\/wp-content\/uploads\/2021\/06\/Capture-de\u0301cran-2021-06-06-a\u0300-07.37.29-1024x576.jpg 1024w, https:\/\/europa2velos.com\/wp-content\/uploads\/2021\/06\/Capture-de\u0301cran-2021-06-06-a\u0300-07.37.29-300x169.jpg 300w, https:\/\/europa2velos.com\/wp-content\/uploads\/2021\/06\/Capture-de\u0301cran-2021-06-06-a\u0300-07.37.29-768x432.jpg 768w, https:\/\/europa2velos.com\/wp-content\/uploads\/2021\/06\/Capture-de\u0301cran-2021-06-06-a\u0300-07.37.29-1536x864.jpg 1536w, https:\/\/europa2velos.com\/wp-content\/uploads\/2021\/06\/Capture-de\u0301cran-2021-06-06-a\u0300-07.37.29-2048x1152.jpg 2048w, https:\/\/europa2velos.com\/wp-content\/uploads\/2021\/06\/Capture-de\u0301cran-2021-06-06-a\u0300-07.37.29-1104x621.jpg 1104w, https:\/\/europa2velos.com\/wp-content\/uploads\/2021\/06\/Capture-de\u0301cran-2021-06-06-a\u0300-07.37.29-366x205.jpg 366w, https:\/\/europa2velos.com\/wp-content\/uploads\/2021\/06\/Capture-de\u0301cran-2021-06-06-a\u0300-07.37.29-534x300.jpg 534w, https:\/\/europa2velos.com\/wp-content\/uploads\/2021\/06\/Capture-de\u0301cran-2021-06-06-a\u0300-07.37.29-165x92.jpg 165w, https:\/\/europa2velos.com\/wp-content\/uploads\/2021\/06\/Capture-de\u0301cran-2021-06-06-a\u0300-07.37.29-249x140.jpg 249w, https:\/\/europa2velos.com\/wp-content\/uploads\/2021\/06\/Capture-de\u0301cran-2021-06-06-a\u0300-07.37.29-232x130.jpg 232w, https:\/\/europa2velos.com\/wp-content\/uploads\/2021\/06\/Capture-de\u0301cran-2021-06-06-a\u0300-07.37.29-344x193.jpg 344w\" sizes=\"(max-width: 1024px) 100vw, 1024px\" \/><\/figure>\n\n\n\n<figure class=\"wp-block-image size-large\"><img loading=\"lazy\" width=\"1024\" height=\"576\" src=\"http:\/\/europa2velos.com\/wp-content\/uploads\/2021\/06\/Capture-de\u0301cran-2021-06-06-a\u0300-07.35.57-1024x576.jpg\" alt=\"\" class=\"wp-image-3579\" srcset=\"https:\/\/europa2velos.com\/wp-content\/uploads\/2021\/06\/Capture-de\u0301cran-2021-06-06-a\u0300-07.35.57-1024x576.jpg 1024w, https:\/\/europa2velos.com\/wp-content\/uploads\/2021\/06\/Capture-de\u0301cran-2021-06-06-a\u0300-07.35.57-300x169.jpg 300w, https:\/\/europa2velos.com\/wp-content\/uploads\/2021\/06\/Capture-de\u0301cran-2021-06-06-a\u0300-07.35.57-768x432.jpg 768w, https:\/\/europa2velos.com\/wp-content\/uploads\/2021\/06\/Capture-de\u0301cran-2021-06-06-a\u0300-07.35.57-1536x864.jpg 1536w, https:\/\/europa2velos.com\/wp-content\/uploads\/2021\/06\/Capture-de\u0301cran-2021-06-06-a\u0300-07.35.57-2048x1152.jpg 2048w, https:\/\/europa2velos.com\/wp-content\/uploads\/2021\/06\/Capture-de\u0301cran-2021-06-06-a\u0300-07.35.57-1104x621.jpg 1104w, https:\/\/europa2velos.com\/wp-content\/uploads\/2021\/06\/Capture-de\u0301cran-2021-06-06-a\u0300-07.35.57-366x205.jpg 366w, https:\/\/europa2velos.com\/wp-content\/uploads\/2021\/06\/Capture-de\u0301cran-2021-06-06-a\u0300-07.35.57-534x300.jpg 534w, https:\/\/europa2velos.com\/wp-content\/uploads\/2021\/06\/Capture-de\u0301cran-2021-06-06-a\u0300-07.35.57-165x92.jpg 165w, https:\/\/europa2velos.com\/wp-content\/uploads\/2021\/06\/Capture-de\u0301cran-2021-06-06-a\u0300-07.35.57-249x140.jpg 249w, https:\/\/europa2velos.com\/wp-content\/uploads\/2021\/06\/Capture-de\u0301cran-2021-06-06-a\u0300-07.35.57-232x130.jpg 232w, https:\/\/europa2velos.com\/wp-content\/uploads\/2021\/06\/Capture-de\u0301cran-2021-06-06-a\u0300-07.35.57-344x193.jpg 344w\" sizes=\"(max-width: 1024px) 100vw, 1024px\" \/><\/figure>\n\n\n\n<figure class=\"wp-block-image size-large\"><img loading=\"lazy\" width=\"1024\" height=\"640\" src=\"http:\/\/europa2velos.com\/wp-content\/uploads\/2021\/06\/2021-06-06-A-1024x640.png\" alt=\"\" class=\"wp-image-3522\" srcset=\"https:\/\/europa2velos.com\/wp-content\/uploads\/2021\/06\/2021-06-06-A-1024x640.png 1024w, https:\/\/europa2velos.com\/wp-content\/uploads\/2021\/06\/2021-06-06-A-300x188.png 300w, https:\/\/europa2velos.com\/wp-content\/uploads\/2021\/06\/2021-06-06-A-768x480.png 768w, https:\/\/europa2velos.com\/wp-content\/uploads\/2021\/06\/2021-06-06-A-1536x960.png 1536w, https:\/\/europa2velos.com\/wp-content\/uploads\/2021\/06\/2021-06-06-A-2048x1280.png 2048w\" sizes=\"(max-width: 1024px) 100vw, 1024px\" \/><figcaption>6 juin 2021<\/figcaption><\/figure>\n\n\n\n<p>Dimanche 6 juin&nbsp;: La route est loin d\u2019\u00eatre plate pour aller d\u2019abord \u00e0 Rapallo, puis \u00e0 G\u00eanes&nbsp;! On y rejoint JP pour d\u00e9jeuner pr\u00e8s de la partie du port qui est devant la vieille ville, zone qui a \u00e9t\u00e9 am\u00e9nag\u00e9e avec un grand aquarium, des restos, des attractions, etc. Autour, un grand port avec des porte-containers, des bateaux de croisi\u00e8re, etc. JP nous fait le guide pour la visite de la ville ancienne. De beaux palais, des rues pav\u00e9es tr\u00e8s \u00e9troites, une cath\u00e9drale romane, un quartier \u00ab&nbsp;chaud&nbsp;\u00bb\u2026<\/p>\n\n\n\n<p>Cette fois-ci c\u2019est Elio qui d\u00eene en t\u00eate-\u00e0-t\u00eate avec JP&nbsp;!<\/p>\n\n\n\n<figure class=\"wp-block-image size-large\"><img loading=\"lazy\" width=\"1024\" height=\"576\" src=\"http:\/\/europa2velos.com\/wp-content\/uploads\/2021\/06\/Capture-de\u0301cran-2021-06-08-a\u0300-19.40.10-1024x576.jpg\" alt=\"\" class=\"wp-image-3580\" srcset=\"https:\/\/europa2velos.com\/wp-content\/uploads\/2021\/06\/Capture-de\u0301cran-2021-06-08-a\u0300-19.40.10-1024x576.jpg 1024w, https:\/\/europa2velos.com\/wp-content\/uploads\/2021\/06\/Capture-de\u0301cran-2021-06-08-a\u0300-19.40.10-300x169.jpg 300w, https:\/\/europa2velos.com\/wp-content\/uploads\/2021\/06\/Capture-de\u0301cran-2021-06-08-a\u0300-19.40.10-768x432.jpg 768w, https:\/\/europa2velos.com\/wp-content\/uploads\/2021\/06\/Capture-de\u0301cran-2021-06-08-a\u0300-19.40.10-1536x864.jpg 1536w, https:\/\/europa2velos.com\/wp-content\/uploads\/2021\/06\/Capture-de\u0301cran-2021-06-08-a\u0300-19.40.10-2048x1152.jpg 2048w, https:\/\/europa2velos.com\/wp-content\/uploads\/2021\/06\/Capture-de\u0301cran-2021-06-08-a\u0300-19.40.10-1104x621.jpg 1104w, https:\/\/europa2velos.com\/wp-content\/uploads\/2021\/06\/Capture-de\u0301cran-2021-06-08-a\u0300-19.40.10-366x205.jpg 366w, https:\/\/europa2velos.com\/wp-content\/uploads\/2021\/06\/Capture-de\u0301cran-2021-06-08-a\u0300-19.40.10-534x300.jpg 534w, https:\/\/europa2velos.com\/wp-content\/uploads\/2021\/06\/Capture-de\u0301cran-2021-06-08-a\u0300-19.40.10-165x92.jpg 165w, https:\/\/europa2velos.com\/wp-content\/uploads\/2021\/06\/Capture-de\u0301cran-2021-06-08-a\u0300-19.40.10-249x140.jpg 249w, https:\/\/europa2velos.com\/wp-content\/uploads\/2021\/06\/Capture-de\u0301cran-2021-06-08-a\u0300-19.40.10-232x130.jpg 232w, https:\/\/europa2velos.com\/wp-content\/uploads\/2021\/06\/Capture-de\u0301cran-2021-06-08-a\u0300-19.40.10-344x193.jpg 344w\" sizes=\"(max-width: 1024px) 100vw, 1024px\" \/><figcaption>Rapallo<\/figcaption><\/figure>\n\n\n\n<figure class=\"wp-block-image size-large is-resized\"><img loading=\"lazy\" src=\"http:\/\/europa2velos.com\/wp-content\/uploads\/2021\/06\/Capture-de\u0301cran-2021-06-08-a\u0300-19.40.50-1024x576.jpg\" alt=\"\" class=\"wp-image-3581\" width=\"798\" height=\"448\" srcset=\"https:\/\/europa2velos.com\/wp-content\/uploads\/2021\/06\/Capture-de\u0301cran-2021-06-08-a\u0300-19.40.50-1024x576.jpg 1024w, https:\/\/europa2velos.com\/wp-content\/uploads\/2021\/06\/Capture-de\u0301cran-2021-06-08-a\u0300-19.40.50-300x169.jpg 300w, https:\/\/europa2velos.com\/wp-content\/uploads\/2021\/06\/Capture-de\u0301cran-2021-06-08-a\u0300-19.40.50-768x432.jpg 768w, https:\/\/europa2velos.com\/wp-content\/uploads\/2021\/06\/Capture-de\u0301cran-2021-06-08-a\u0300-19.40.50-1536x864.jpg 1536w, https:\/\/europa2velos.com\/wp-content\/uploads\/2021\/06\/Capture-de\u0301cran-2021-06-08-a\u0300-19.40.50-2048x1152.jpg 2048w, https:\/\/europa2velos.com\/wp-content\/uploads\/2021\/06\/Capture-de\u0301cran-2021-06-08-a\u0300-19.40.50-1104x621.jpg 1104w, https:\/\/europa2velos.com\/wp-content\/uploads\/2021\/06\/Capture-de\u0301cran-2021-06-08-a\u0300-19.40.50-366x205.jpg 366w, https:\/\/europa2velos.com\/wp-content\/uploads\/2021\/06\/Capture-de\u0301cran-2021-06-08-a\u0300-19.40.50-534x300.jpg 534w, https:\/\/europa2velos.com\/wp-content\/uploads\/2021\/06\/Capture-de\u0301cran-2021-06-08-a\u0300-19.40.50-165x92.jpg 165w, https:\/\/europa2velos.com\/wp-content\/uploads\/2021\/06\/Capture-de\u0301cran-2021-06-08-a\u0300-19.40.50-249x140.jpg 249w, https:\/\/europa2velos.com\/wp-content\/uploads\/2021\/06\/Capture-de\u0301cran-2021-06-08-a\u0300-19.40.50-232x130.jpg 232w, https:\/\/europa2velos.com\/wp-content\/uploads\/2021\/06\/Capture-de\u0301cran-2021-06-08-a\u0300-19.40.50-344x193.jpg 344w\" sizes=\"(max-width: 798px) 100vw, 798px\" \/><figcaption>Genova<\/figcaption><\/figure>\n\n\n\n<figure class=\"wp-block-image size-large\"><img loading=\"lazy\" width=\"1024\" height=\"672\" src=\"http:\/\/europa2velos.com\/wp-content\/uploads\/2021\/06\/Capture-de\u0301cran-2021-06-08-a\u0300-19.41.26-1024x672.jpg\" alt=\"\" class=\"wp-image-3582\" srcset=\"https:\/\/europa2velos.com\/wp-content\/uploads\/2021\/06\/Capture-de\u0301cran-2021-06-08-a\u0300-19.41.26-1024x672.jpg 1024w, https:\/\/europa2velos.com\/wp-content\/uploads\/2021\/06\/Capture-de\u0301cran-2021-06-08-a\u0300-19.41.26-300x197.jpg 300w, https:\/\/europa2velos.com\/wp-content\/uploads\/2021\/06\/Capture-de\u0301cran-2021-06-08-a\u0300-19.41.26-768x504.jpg 768w, https:\/\/europa2velos.com\/wp-content\/uploads\/2021\/06\/Capture-de\u0301cran-2021-06-08-a\u0300-19.41.26-1536x1008.jpg 1536w, https:\/\/europa2velos.com\/wp-content\/uploads\/2021\/06\/Capture-de\u0301cran-2021-06-08-a\u0300-19.41.26-2048x1344.jpg 2048w, https:\/\/europa2velos.com\/wp-content\/uploads\/2021\/06\/Capture-de\u0301cran-2021-06-08-a\u0300-19.41.26-76x50.jpg 76w, https:\/\/europa2velos.com\/wp-content\/uploads\/2021\/06\/Capture-de\u0301cran-2021-06-08-a\u0300-19.41.26-123x82.jpg 123w, https:\/\/europa2velos.com\/wp-content\/uploads\/2021\/06\/Capture-de\u0301cran-2021-06-08-a\u0300-19.41.26-83x55.jpg 83w, https:\/\/europa2velos.com\/wp-content\/uploads\/2021\/06\/Capture-de\u0301cran-2021-06-08-a\u0300-19.41.26-125x83.jpg 125w\" sizes=\"(max-width: 1024px) 100vw, 1024px\" \/><figcaption>Genova, il Duomo<\/figcaption><\/figure>\n\n\n\n<figure class=\"wp-block-image size-large\"><img loading=\"lazy\" width=\"1024\" height=\"576\" src=\"http:\/\/europa2velos.com\/wp-content\/uploads\/2021\/06\/Capture-de\u0301cran-2021-06-08-a\u0300-19.41.56-1024x576.jpg\" alt=\"\" class=\"wp-image-3583\" srcset=\"https:\/\/europa2velos.com\/wp-content\/uploads\/2021\/06\/Capture-de\u0301cran-2021-06-08-a\u0300-19.41.56-1024x576.jpg 1024w, https:\/\/europa2velos.com\/wp-content\/uploads\/2021\/06\/Capture-de\u0301cran-2021-06-08-a\u0300-19.41.56-300x169.jpg 300w, https:\/\/europa2velos.com\/wp-content\/uploads\/2021\/06\/Capture-de\u0301cran-2021-06-08-a\u0300-19.41.56-768x432.jpg 768w, https:\/\/europa2velos.com\/wp-content\/uploads\/2021\/06\/Capture-de\u0301cran-2021-06-08-a\u0300-19.41.56-1536x864.jpg 1536w, https:\/\/europa2velos.com\/wp-content\/uploads\/2021\/06\/Capture-de\u0301cran-2021-06-08-a\u0300-19.41.56-2048x1152.jpg 2048w, https:\/\/europa2velos.com\/wp-content\/uploads\/2021\/06\/Capture-de\u0301cran-2021-06-08-a\u0300-19.41.56-1104x621.jpg 1104w, https:\/\/europa2velos.com\/wp-content\/uploads\/2021\/06\/Capture-de\u0301cran-2021-06-08-a\u0300-19.41.56-366x205.jpg 366w, https:\/\/europa2velos.com\/wp-content\/uploads\/2021\/06\/Capture-de\u0301cran-2021-06-08-a\u0300-19.41.56-534x300.jpg 534w, https:\/\/europa2velos.com\/wp-content\/uploads\/2021\/06\/Capture-de\u0301cran-2021-06-08-a\u0300-19.41.56-165x92.jpg 165w, https:\/\/europa2velos.com\/wp-content\/uploads\/2021\/06\/Capture-de\u0301cran-2021-06-08-a\u0300-19.41.56-249x140.jpg 249w, https:\/\/europa2velos.com\/wp-content\/uploads\/2021\/06\/Capture-de\u0301cran-2021-06-08-a\u0300-19.41.56-232x130.jpg 232w, https:\/\/europa2velos.com\/wp-content\/uploads\/2021\/06\/Capture-de\u0301cran-2021-06-08-a\u0300-19.41.56-344x193.jpg 344w\" sizes=\"(max-width: 1024px) 100vw, 1024px\" \/><\/figure>\n\n\n\n<figure class=\"wp-block-image size-large\"><img loading=\"lazy\" width=\"1024\" height=\"576\" src=\"http:\/\/europa2velos.com\/wp-content\/uploads\/2021\/06\/Capture-de\u0301cran-2021-06-08-a\u0300-19.42.48-1024x576.jpg\" alt=\"\" class=\"wp-image-3584\" srcset=\"https:\/\/europa2velos.com\/wp-content\/uploads\/2021\/06\/Capture-de\u0301cran-2021-06-08-a\u0300-19.42.48-1024x576.jpg 1024w, https:\/\/europa2velos.com\/wp-content\/uploads\/2021\/06\/Capture-de\u0301cran-2021-06-08-a\u0300-19.42.48-300x169.jpg 300w, https:\/\/europa2velos.com\/wp-content\/uploads\/2021\/06\/Capture-de\u0301cran-2021-06-08-a\u0300-19.42.48-768x432.jpg 768w, https:\/\/europa2velos.com\/wp-content\/uploads\/2021\/06\/Capture-de\u0301cran-2021-06-08-a\u0300-19.42.48-1536x864.jpg 1536w, https:\/\/europa2velos.com\/wp-content\/uploads\/2021\/06\/Capture-de\u0301cran-2021-06-08-a\u0300-19.42.48-2048x1152.jpg 2048w, https:\/\/europa2velos.com\/wp-content\/uploads\/2021\/06\/Capture-de\u0301cran-2021-06-08-a\u0300-19.42.48-1104x621.jpg 1104w, https:\/\/europa2velos.com\/wp-content\/uploads\/2021\/06\/Capture-de\u0301cran-2021-06-08-a\u0300-19.42.48-366x205.jpg 366w, https:\/\/europa2velos.com\/wp-content\/uploads\/2021\/06\/Capture-de\u0301cran-2021-06-08-a\u0300-19.42.48-534x300.jpg 534w, https:\/\/europa2velos.com\/wp-content\/uploads\/2021\/06\/Capture-de\u0301cran-2021-06-08-a\u0300-19.42.48-165x92.jpg 165w, https:\/\/europa2velos.com\/wp-content\/uploads\/2021\/06\/Capture-de\u0301cran-2021-06-08-a\u0300-19.42.48-249x140.jpg 249w, https:\/\/europa2velos.com\/wp-content\/uploads\/2021\/06\/Capture-de\u0301cran-2021-06-08-a\u0300-19.42.48-232x130.jpg 232w, https:\/\/europa2velos.com\/wp-content\/uploads\/2021\/06\/Capture-de\u0301cran-2021-06-08-a\u0300-19.42.48-344x193.jpg 344w\" sizes=\"(max-width: 1024px) 100vw, 1024px\" \/><figcaption>Genova<\/figcaption><\/figure>\n\n\n\n<figure class=\"wp-block-image size-large\"><img loading=\"lazy\" width=\"1024\" height=\"576\" src=\"http:\/\/europa2velos.com\/wp-content\/uploads\/2021\/06\/Capture-de\u0301cran-2021-06-08-a\u0300-19.43.24-1024x576.jpg\" alt=\"\" class=\"wp-image-3585\" srcset=\"https:\/\/europa2velos.com\/wp-content\/uploads\/2021\/06\/Capture-de\u0301cran-2021-06-08-a\u0300-19.43.24-1024x576.jpg 1024w, https:\/\/europa2velos.com\/wp-content\/uploads\/2021\/06\/Capture-de\u0301cran-2021-06-08-a\u0300-19.43.24-300x169.jpg 300w, https:\/\/europa2velos.com\/wp-content\/uploads\/2021\/06\/Capture-de\u0301cran-2021-06-08-a\u0300-19.43.24-768x432.jpg 768w, https:\/\/europa2velos.com\/wp-content\/uploads\/2021\/06\/Capture-de\u0301cran-2021-06-08-a\u0300-19.43.24-1536x864.jpg 1536w, https:\/\/europa2velos.com\/wp-content\/uploads\/2021\/06\/Capture-de\u0301cran-2021-06-08-a\u0300-19.43.24-2048x1152.jpg 2048w, https:\/\/europa2velos.com\/wp-content\/uploads\/2021\/06\/Capture-de\u0301cran-2021-06-08-a\u0300-19.43.24-1104x621.jpg 1104w, https:\/\/europa2velos.com\/wp-content\/uploads\/2021\/06\/Capture-de\u0301cran-2021-06-08-a\u0300-19.43.24-366x205.jpg 366w, https:\/\/europa2velos.com\/wp-content\/uploads\/2021\/06\/Capture-de\u0301cran-2021-06-08-a\u0300-19.43.24-534x300.jpg 534w, https:\/\/europa2velos.com\/wp-content\/uploads\/2021\/06\/Capture-de\u0301cran-2021-06-08-a\u0300-19.43.24-165x92.jpg 165w, https:\/\/europa2velos.com\/wp-content\/uploads\/2021\/06\/Capture-de\u0301cran-2021-06-08-a\u0300-19.43.24-249x140.jpg 249w, https:\/\/europa2velos.com\/wp-content\/uploads\/2021\/06\/Capture-de\u0301cran-2021-06-08-a\u0300-19.43.24-232x130.jpg 232w, https:\/\/europa2velos.com\/wp-content\/uploads\/2021\/06\/Capture-de\u0301cran-2021-06-08-a\u0300-19.43.24-344x193.jpg 344w\" sizes=\"(max-width: 1024px) 100vw, 1024px\" \/><figcaption>Genova<\/figcaption><\/figure>\n\n\n\n<figure class=\"wp-block-image size-large\"><img loading=\"lazy\" width=\"1024\" height=\"1024\" src=\"http:\/\/europa2velos.com\/wp-content\/uploads\/2021\/06\/20210606_212707-1024x1024.jpg\" alt=\"\" class=\"wp-image-3586\" srcset=\"https:\/\/europa2velos.com\/wp-content\/uploads\/2021\/06\/20210606_212707-1024x1024.jpg 1024w, https:\/\/europa2velos.com\/wp-content\/uploads\/2021\/06\/20210606_212707-300x300.jpg 300w, https:\/\/europa2velos.com\/wp-content\/uploads\/2021\/06\/20210606_212707-150x150.jpg 150w, https:\/\/europa2velos.com\/wp-content\/uploads\/2021\/06\/20210606_212707-768x768.jpg 768w, https:\/\/europa2velos.com\/wp-content\/uploads\/2021\/06\/20210606_212707-1536x1536.jpg 1536w, https:\/\/europa2velos.com\/wp-content\/uploads\/2021\/06\/20210606_212707-2048x2048.jpg 2048w\" sizes=\"(max-width: 1024px) 100vw, 1024px\" \/><figcaption>Diner avec JP<\/figcaption><\/figure>\n\n\n\n<figure class=\"wp-block-image size-large\"><img loading=\"lazy\" width=\"1024\" height=\"640\" src=\"http:\/\/europa2velos.com\/wp-content\/uploads\/2021\/06\/2021-06-07-A-1024x640.png\" alt=\"\" class=\"wp-image-3523\" srcset=\"https:\/\/europa2velos.com\/wp-content\/uploads\/2021\/06\/2021-06-07-A-1024x640.png 1024w, https:\/\/europa2velos.com\/wp-content\/uploads\/2021\/06\/2021-06-07-A-300x188.png 300w, https:\/\/europa2velos.com\/wp-content\/uploads\/2021\/06\/2021-06-07-A-768x480.png 768w, https:\/\/europa2velos.com\/wp-content\/uploads\/2021\/06\/2021-06-07-A-1536x960.png 1536w, https:\/\/europa2velos.com\/wp-content\/uploads\/2021\/06\/2021-06-07-A-2048x1280.png 2048w\" sizes=\"(max-width: 1024px) 100vw, 1024px\" \/><figcaption>7 juin 2021<\/figcaption><\/figure>\n\n\n\n<p>Lundi 7 juin&nbsp;: On continue le p\u00e9riple le long de la c\u00f4te, qui descend au Sud-Ouest. Quelques beaux endroits, des plages o\u00f9 on peut se baigner, mais aussi beaucoup d\u2019urbanisation et une grande ville pas tr\u00e8s agr\u00e9able \u00e0 traverser, Savona. Derni\u00e8re soir\u00e9e avec JP dans un Airbnb tr\u00e8s bon march\u00e9 et plut\u00f4t sympathique, au rez-de-chauss\u00e9e d\u2019une maison.<\/p>\n\n\n\n<figure class=\"wp-block-image size-large\"><img loading=\"lazy\" width=\"1024\" height=\"576\" src=\"http:\/\/europa2velos.com\/wp-content\/uploads\/2021\/06\/Capture-de\u0301cran-2021-06-08-a\u0300-20.15.06-1024x576.jpg\" alt=\"\" class=\"wp-image-3587\" srcset=\"https:\/\/europa2velos.com\/wp-content\/uploads\/2021\/06\/Capture-de\u0301cran-2021-06-08-a\u0300-20.15.06-1024x576.jpg 1024w, https:\/\/europa2velos.com\/wp-content\/uploads\/2021\/06\/Capture-de\u0301cran-2021-06-08-a\u0300-20.15.06-300x169.jpg 300w, https:\/\/europa2velos.com\/wp-content\/uploads\/2021\/06\/Capture-de\u0301cran-2021-06-08-a\u0300-20.15.06-768x432.jpg 768w, https:\/\/europa2velos.com\/wp-content\/uploads\/2021\/06\/Capture-de\u0301cran-2021-06-08-a\u0300-20.15.06-1536x864.jpg 1536w, https:\/\/europa2velos.com\/wp-content\/uploads\/2021\/06\/Capture-de\u0301cran-2021-06-08-a\u0300-20.15.06-2048x1152.jpg 2048w, https:\/\/europa2velos.com\/wp-content\/uploads\/2021\/06\/Capture-de\u0301cran-2021-06-08-a\u0300-20.15.06-1104x621.jpg 1104w, https:\/\/europa2velos.com\/wp-content\/uploads\/2021\/06\/Capture-de\u0301cran-2021-06-08-a\u0300-20.15.06-366x205.jpg 366w, https:\/\/europa2velos.com\/wp-content\/uploads\/2021\/06\/Capture-de\u0301cran-2021-06-08-a\u0300-20.15.06-534x300.jpg 534w, https:\/\/europa2velos.com\/wp-content\/uploads\/2021\/06\/Capture-de\u0301cran-2021-06-08-a\u0300-20.15.06-165x92.jpg 165w, https:\/\/europa2velos.com\/wp-content\/uploads\/2021\/06\/Capture-de\u0301cran-2021-06-08-a\u0300-20.15.06-249x140.jpg 249w, https:\/\/europa2velos.com\/wp-content\/uploads\/2021\/06\/Capture-de\u0301cran-2021-06-08-a\u0300-20.15.06-232x130.jpg 232w, https:\/\/europa2velos.com\/wp-content\/uploads\/2021\/06\/Capture-de\u0301cran-2021-06-08-a\u0300-20.15.06-344x193.jpg 344w\" sizes=\"(max-width: 1024px) 100vw, 1024px\" \/><figcaption>Vers la plage, pour aller d\u00e9jeuner<\/figcaption><\/figure>\n\n\n\n<figure class=\"wp-block-image size-large\"><img loading=\"lazy\" width=\"1024\" height=\"576\" src=\"http:\/\/europa2velos.com\/wp-content\/uploads\/2021\/06\/Capture-de\u0301cran-2021-06-08-a\u0300-20.10.22-1024x576.jpg\" alt=\"\" class=\"wp-image-3588\" srcset=\"https:\/\/europa2velos.com\/wp-content\/uploads\/2021\/06\/Capture-de\u0301cran-2021-06-08-a\u0300-20.10.22-1024x576.jpg 1024w, https:\/\/europa2velos.com\/wp-content\/uploads\/2021\/06\/Capture-de\u0301cran-2021-06-08-a\u0300-20.10.22-300x169.jpg 300w, https:\/\/europa2velos.com\/wp-content\/uploads\/2021\/06\/Capture-de\u0301cran-2021-06-08-a\u0300-20.10.22-768x432.jpg 768w, https:\/\/europa2velos.com\/wp-content\/uploads\/2021\/06\/Capture-de\u0301cran-2021-06-08-a\u0300-20.10.22-1536x864.jpg 1536w, https:\/\/europa2velos.com\/wp-content\/uploads\/2021\/06\/Capture-de\u0301cran-2021-06-08-a\u0300-20.10.22-2048x1152.jpg 2048w, https:\/\/europa2velos.com\/wp-content\/uploads\/2021\/06\/Capture-de\u0301cran-2021-06-08-a\u0300-20.10.22-1104x621.jpg 1104w, https:\/\/europa2velos.com\/wp-content\/uploads\/2021\/06\/Capture-de\u0301cran-2021-06-08-a\u0300-20.10.22-366x205.jpg 366w, https:\/\/europa2velos.com\/wp-content\/uploads\/2021\/06\/Capture-de\u0301cran-2021-06-08-a\u0300-20.10.22-534x300.jpg 534w, https:\/\/europa2velos.com\/wp-content\/uploads\/2021\/06\/Capture-de\u0301cran-2021-06-08-a\u0300-20.10.22-165x92.jpg 165w, https:\/\/europa2velos.com\/wp-content\/uploads\/2021\/06\/Capture-de\u0301cran-2021-06-08-a\u0300-20.10.22-249x140.jpg 249w, https:\/\/europa2velos.com\/wp-content\/uploads\/2021\/06\/Capture-de\u0301cran-2021-06-08-a\u0300-20.10.22-232x130.jpg 232w, https:\/\/europa2velos.com\/wp-content\/uploads\/2021\/06\/Capture-de\u0301cran-2021-06-08-a\u0300-20.10.22-344x193.jpg 344w\" sizes=\"(max-width: 1024px) 100vw, 1024px\" \/><figcaption>A la pause go\u00fbter<\/figcaption><\/figure>\n\n\n\n<figure class=\"wp-block-image size-large\"><img loading=\"lazy\" width=\"1024\" height=\"576\" src=\"http:\/\/europa2velos.com\/wp-content\/uploads\/2021\/06\/Capture-de\u0301cran-2021-06-08-a\u0300-20.08.30-1024x576.jpg\" alt=\"\" class=\"wp-image-3589\" srcset=\"https:\/\/europa2velos.com\/wp-content\/uploads\/2021\/06\/Capture-de\u0301cran-2021-06-08-a\u0300-20.08.30-1024x576.jpg 1024w, https:\/\/europa2velos.com\/wp-content\/uploads\/2021\/06\/Capture-de\u0301cran-2021-06-08-a\u0300-20.08.30-300x169.jpg 300w, https:\/\/europa2velos.com\/wp-content\/uploads\/2021\/06\/Capture-de\u0301cran-2021-06-08-a\u0300-20.08.30-768x432.jpg 768w, https:\/\/europa2velos.com\/wp-content\/uploads\/2021\/06\/Capture-de\u0301cran-2021-06-08-a\u0300-20.08.30-1536x864.jpg 1536w, https:\/\/europa2velos.com\/wp-content\/uploads\/2021\/06\/Capture-de\u0301cran-2021-06-08-a\u0300-20.08.30-2048x1152.jpg 2048w, https:\/\/europa2velos.com\/wp-content\/uploads\/2021\/06\/Capture-de\u0301cran-2021-06-08-a\u0300-20.08.30-1104x621.jpg 1104w, https:\/\/europa2velos.com\/wp-content\/uploads\/2021\/06\/Capture-de\u0301cran-2021-06-08-a\u0300-20.08.30-366x205.jpg 366w, https:\/\/europa2velos.com\/wp-content\/uploads\/2021\/06\/Capture-de\u0301cran-2021-06-08-a\u0300-20.08.30-534x300.jpg 534w, https:\/\/europa2velos.com\/wp-content\/uploads\/2021\/06\/Capture-de\u0301cran-2021-06-08-a\u0300-20.08.30-165x92.jpg 165w, https:\/\/europa2velos.com\/wp-content\/uploads\/2021\/06\/Capture-de\u0301cran-2021-06-08-a\u0300-20.08.30-249x140.jpg 249w, https:\/\/europa2velos.com\/wp-content\/uploads\/2021\/06\/Capture-de\u0301cran-2021-06-08-a\u0300-20.08.30-232x130.jpg 232w, https:\/\/europa2velos.com\/wp-content\/uploads\/2021\/06\/Capture-de\u0301cran-2021-06-08-a\u0300-20.08.30-344x193.jpg 344w\" sizes=\"(max-width: 1024px) 100vw, 1024px\" \/><figcaption>et c&#8217;est reparti&#8230;<\/figcaption><\/figure>\n\n\n\n<figure class=\"wp-block-image size-large\"><img loading=\"lazy\" width=\"1024\" height=\"640\" src=\"http:\/\/europa2velos.com\/wp-content\/uploads\/2021\/06\/2021-06-08-A-1024x640.png\" alt=\"\" class=\"wp-image-3524\" srcset=\"https:\/\/europa2velos.com\/wp-content\/uploads\/2021\/06\/2021-06-08-A-1024x640.png 1024w, https:\/\/europa2velos.com\/wp-content\/uploads\/2021\/06\/2021-06-08-A-300x188.png 300w, https:\/\/europa2velos.com\/wp-content\/uploads\/2021\/06\/2021-06-08-A-768x480.png 768w, https:\/\/europa2velos.com\/wp-content\/uploads\/2021\/06\/2021-06-08-A-1536x960.png 1536w, https:\/\/europa2velos.com\/wp-content\/uploads\/2021\/06\/2021-06-08-A-2048x1280.png 2048w\" sizes=\"(max-width: 1024px) 100vw, 1024px\" \/><figcaption>8 juin 2021<\/figcaption><\/figure>\n\n\n\n<p>Mardi 8 juin&nbsp;: Un peu de temps pour d\u00e9marrer ce matin\u2026 Rendez-vous en visio avec les classes de Terminale, puis d\u00e9part \u00e0 11h. On se pose pour le repas sur la plage, avant de repartir. A 40km de l\u2019arriv\u00e9e, on rejoint notre h\u00f4te, Alain, avec qui on fait 20km sur la piste cyclable, entre Imperia et Sanremo. Alain et Virginie, une soixantaine d&#8217;ann\u00e9es, sont nos h\u00f4tes pour la nuit. Ce sont deux Belges (Virginie est italo-belge) pour qui Olivier, le p\u00e8re d\u2019Elio, a fait une yourte il y a quelques ann\u00e9es. Ils se sont exil\u00e9s en Italie pour refaire leur vie sur les hauteurs de San Remo, dans un petit havre de paix. On passe une super soir\u00e9e, avec une bonne ratatouille !<\/p>\n\n\n\n<p>\u2026et on va dormir dans un bon lit, face \u00e0 l&#8217;orage qui reprend de plus belle pour cette fin de voyage \ud83d\ude01<\/p>\n\n\n\n<figure class=\"wp-block-image size-large\"><img loading=\"lazy\" width=\"1024\" height=\"472\" src=\"http:\/\/europa2velos.com\/wp-content\/uploads\/2021\/06\/IMG_20210608_234116-1024x472.jpg\" alt=\"\" class=\"wp-image-3593\" srcset=\"https:\/\/europa2velos.com\/wp-content\/uploads\/2021\/06\/IMG_20210608_234116-1024x472.jpg 1024w, https:\/\/europa2velos.com\/wp-content\/uploads\/2021\/06\/IMG_20210608_234116-300x138.jpg 300w, https:\/\/europa2velos.com\/wp-content\/uploads\/2021\/06\/IMG_20210608_234116-768x354.jpg 768w, https:\/\/europa2velos.com\/wp-content\/uploads\/2021\/06\/IMG_20210608_234116-1536x708.jpg 1536w, https:\/\/europa2velos.com\/wp-content\/uploads\/2021\/06\/IMG_20210608_234116-2048x944.jpg 2048w\" sizes=\"(max-width: 1024px) 100vw, 1024px\" \/><\/figure>\n","protected":false},"excerpt":{"rendered":"<p>du 2 au 8 juin : Riviera Ligure<\/p>\n","protected":false},"author":1,"featured_media":3516,"comment_status":"open","ping_status":"open","sticky":false,"template":"","format":"standard","meta":[],"categories":[7],"tags":[],"yoast_head":"<!-- This site is optimized with the Yoast SEO plugin v14.0.4 - https:\/\/yoast.com\/wordpress\/plugins\/seo\/ -->\n<title>Parcours : semaine 46 - Europa2velos<\/title>\n<meta name=\"description\" content=\"46\u00e8me semaine du tour d&#039;Europe \u00e0 v\u00e9lo de deux ados sur le th\u00e8me de la transition \u00e9cologique et de la citoyennet\u00e9 europ\u00e9enne : des Cinque Terre \u00e0 G\u00eanes.\" \/>\n<meta name=\"robots\" content=\"index, follow\" \/>\n<meta name=\"googlebot\" content=\"index, follow, max-snippet:-1, max-image-preview:large, max-video-preview:-1\" \/>\n<meta name=\"bingbot\" content=\"index, follow, max-snippet:-1, max-image-preview:large, max-video-preview:-1\" \/>\n<link rel=\"canonical\" href=\"http:\/\/europa2velos.com\/index.php\/2021\/06\/09\/parcours-semaine-46\/\" \/>\n<meta property=\"og:locale\" content=\"fr_FR\" \/>\n<meta property=\"og:type\" content=\"article\" \/>\n<meta property=\"og:title\" content=\"Parcours : semaine 46 - Europa2velos\" \/>\n<meta property=\"og:description\" content=\"46\u00e8me semaine du tour d&#039;Europe \u00e0 v\u00e9lo de deux ados sur le th\u00e8me de la transition \u00e9cologique et de la citoyennet\u00e9 europ\u00e9enne : des Cinque Terre \u00e0 G\u00eanes.\" \/>\n<meta property=\"og:url\" content=\"http:\/\/europa2velos.com\/index.php\/2021\/06\/09\/parcours-semaine-46\/\" \/>\n<meta property=\"og:site_name\" content=\"Europa2velos\" \/>\n<meta property=\"article:published_time\" content=\"2021-06-09T06:33:58+00:00\" \/>\n<meta property=\"article:modified_time\" content=\"2021-06-14T16:14:23+00:00\" \/>\n<meta property=\"og:image\" content=\"http:\/\/europa2velos.com\/wp-content\/uploads\/2021\/06\/0-2021-06-01-a\u0300-08-Cartes-1024x640.png\" \/>\n\t<meta property=\"og:image:width\" content=\"1024\" \/>\n\t<meta property=\"og:image:height\" content=\"640\" \/>\n<meta name=\"twitter:card\" content=\"summary_large_image\" \/>\n<script type=\"application\/ld+json\" class=\"yoast-schema-graph\">{\"@context\":\"https:\/\/schema.org\",\"@graph\":[{\"@type\":\"WebSite\",\"@id\":\"https:\/\/europa2velos.com\/#website\",\"url\":\"https:\/\/europa2velos.com\/\",\"name\":\"Europa2velos\",\"description\":\"Le tour d&#039;Europe \\u00e0 v\\u00e9lo de deux ados\",\"potentialAction\":[{\"@type\":\"SearchAction\",\"target\":\"https:\/\/europa2velos.com\/?s={search_term_string}\",\"query-input\":\"required name=search_term_string\"}],\"inLanguage\":\"fr-FR\"},{\"@type\":\"ImageObject\",\"@id\":\"http:\/\/europa2velos.com\/index.php\/2021\/06\/09\/parcours-semaine-46\/#primaryimage\",\"inLanguage\":\"fr-FR\",\"url\":\"https:\/\/europa2velos.com\/wp-content\/uploads\/2021\/06\/0-2021-06-01-a\\u0300-08-Cartes.png\",\"width\":3360,\"height\":2100},{\"@type\":\"WebPage\",\"@id\":\"http:\/\/europa2velos.com\/index.php\/2021\/06\/09\/parcours-semaine-46\/#webpage\",\"url\":\"http:\/\/europa2velos.com\/index.php\/2021\/06\/09\/parcours-semaine-46\/\",\"name\":\"Parcours : semaine 46 - Europa2velos\",\"isPartOf\":{\"@id\":\"https:\/\/europa2velos.com\/#website\"},\"primaryImageOfPage\":{\"@id\":\"http:\/\/europa2velos.com\/index.php\/2021\/06\/09\/parcours-semaine-46\/#primaryimage\"},\"datePublished\":\"2021-06-09T06:33:58+00:00\",\"dateModified\":\"2021-06-14T16:14:23+00:00\",\"author\":{\"@id\":\"https:\/\/europa2velos.com\/#\/schema\/person\/d5f282be03e5aec06ad6591da1af0324\"},\"description\":\"46\\u00e8me semaine du tour d'Europe \\u00e0 v\\u00e9lo de deux ados sur le th\\u00e8me de la transition \\u00e9cologique et de la citoyennet\\u00e9 europ\\u00e9enne : des Cinque Terre \\u00e0 G\\u00eanes.\",\"inLanguage\":\"fr-FR\",\"potentialAction\":[{\"@type\":\"ReadAction\",\"target\":[\"http:\/\/europa2velos.com\/index.php\/2021\/06\/09\/parcours-semaine-46\/\"]}]},{\"@type\":[\"Person\"],\"@id\":\"https:\/\/europa2velos.com\/#\/schema\/person\/d5f282be03e5aec06ad6591da1af0324\",\"name\":\"Europa2v\\u00e9los\",\"image\":{\"@type\":\"ImageObject\",\"@id\":\"https:\/\/europa2velos.com\/#personlogo\",\"inLanguage\":\"fr-FR\",\"url\":\"https:\/\/secure.gravatar.com\/avatar\/7e55f9fc671b5244d75c5978bf0e7c51?s=96&d=mm&r=g\",\"caption\":\"Europa2v\\u00e9los\"}}]}<\/script>\n<!-- \/ Yoast SEO plugin. -->","_links":{"self":[{"href":"https:\/\/europa2velos.com\/index.php\/wp-json\/wp\/v2\/posts\/3515"}],"collection":[{"href":"https:\/\/europa2velos.com\/index.php\/wp-json\/wp\/v2\/posts"}],"about":[{"href":"https:\/\/europa2velos.com\/index.php\/wp-json\/wp\/v2\/types\/post"}],"author":[{"embeddable":true,"href":"https:\/\/europa2velos.com\/index.php\/wp-json\/wp\/v2\/users\/1"}],"replies":[{"embeddable":true,"href":"https:\/\/europa2velos.com\/index.php\/wp-json\/wp\/v2\/comments?post=3515"}],"version-history":[{"count":3,"href":"https:\/\/europa2velos.com\/index.php\/wp-json\/wp\/v2\/posts\/3515\/revisions"}],"predecessor-version":[{"id":3608,"href":"https:\/\/europa2velos.com\/index.php\/wp-json\/wp\/v2\/posts\/3515\/revisions\/3608"}],"wp:featuredmedia":[{"embeddable":true,"href":"https:\/\/europa2velos.com\/index.php\/wp-json\/wp\/v2\/media\/3516"}],"wp:attachment":[{"href":"https:\/\/europa2velos.com\/index.php\/wp-json\/wp\/v2\/media?parent=3515"}],"wp:term":[{"taxonomy":"category","embeddable":true,"href":"https:\/\/europa2velos.com\/index.php\/wp-json\/wp\/v2\/categories?post=3515"},{"taxonomy":"post_tag","embeddable":true,"href":"https:\/\/europa2velos.com\/index.php\/wp-json\/wp\/v2\/tags?post=3515"}],"curies":[{"name":"wp","href":"https:\/\/api.w.org\/{rel}","templated":true}]}}