{"id":2469,"date":"2021-03-17T16:00:06","date_gmt":"2021-03-17T15:00:06","guid":{"rendered":"http:\/\/europa2velos.com\/?p=2469"},"modified":"2021-03-27T08:33:01","modified_gmt":"2021-03-27T07:33:01","slug":"parcours-semaine-34","status":"publish","type":"post","link":"https:\/\/europa2velos.com\/index.php\/2021\/03\/17\/parcours-semaine-34\/","title":{"rendered":"Parcours : semaine 34"},"content":{"rendered":"\n<figure class=\"wp-block-image size-large\"><img loading=\"lazy\" width=\"1024\" height=\"576\" src=\"http:\/\/europa2velos.com\/wp-content\/uploads\/2021\/03\/1-2021-03-10-a\u0300-03-16-A-1024x576.png\" alt=\"\" class=\"wp-image-2471\" srcset=\"https:\/\/europa2velos.com\/wp-content\/uploads\/2021\/03\/1-2021-03-10-a\u0300-03-16-A-1024x576.png 1024w, https:\/\/europa2velos.com\/wp-content\/uploads\/2021\/03\/1-2021-03-10-a\u0300-03-16-A-300x169.png 300w, https:\/\/europa2velos.com\/wp-content\/uploads\/2021\/03\/1-2021-03-10-a\u0300-03-16-A-768x432.png 768w, https:\/\/europa2velos.com\/wp-content\/uploads\/2021\/03\/1-2021-03-10-a\u0300-03-16-A-1536x864.png 1536w, https:\/\/europa2velos.com\/wp-content\/uploads\/2021\/03\/1-2021-03-10-a\u0300-03-16-A-1104x621.png 1104w, https:\/\/europa2velos.com\/wp-content\/uploads\/2021\/03\/1-2021-03-10-a\u0300-03-16-A-366x205.png 366w, https:\/\/europa2velos.com\/wp-content\/uploads\/2021\/03\/1-2021-03-10-a\u0300-03-16-A-534x300.png 534w, https:\/\/europa2velos.com\/wp-content\/uploads\/2021\/03\/1-2021-03-10-a\u0300-03-16-A-165x92.png 165w, https:\/\/europa2velos.com\/wp-content\/uploads\/2021\/03\/1-2021-03-10-a\u0300-03-16-A-249x140.png 249w, https:\/\/europa2velos.com\/wp-content\/uploads\/2021\/03\/1-2021-03-10-a\u0300-03-16-A-232x130.png 232w, https:\/\/europa2velos.com\/wp-content\/uploads\/2021\/03\/1-2021-03-10-a\u0300-03-16-A-344x193.png 344w, https:\/\/europa2velos.com\/wp-content\/uploads\/2021\/03\/1-2021-03-10-a\u0300-03-16-A.png 1920w\" sizes=\"(max-width: 1024px) 100vw, 1024px\" \/><\/figure>\n\n\n\n<p>Du mercredi 10 au mardi 16 mars : trois jours pour rejoindre Istanbul, o\u00f9 nous sommes re\u00e7us en Couchsurfing par deux jeunes femmes, qui se r\u00e9v\u00e8lent \u00ab&nbsp;les meilleures h\u00f4tes depuis le d\u00e9but du voyage&nbsp;\u00bb, selon notre palmar\u00e8s officiel&nbsp;!<\/p>\n\n\n\n<p>Au total, nous avons fait maintenant presque 8000 km \u00e0 v\u00e9lo depuis le d\u00e9part et travers\u00e9 21 pays.<\/p>\n\n\n\n<p><strong><em>Cartes, photos et journal de voyage de la semaine :<\/em><\/strong><\/p>\n\n\n\n<figure class=\"wp-block-image size-large\"><img loading=\"lazy\" width=\"1024\" height=\"576\" src=\"http:\/\/europa2velos.com\/wp-content\/uploads\/2021\/03\/2021-03-10-A-1024x576.png\" alt=\"\" class=\"wp-image-2472\" srcset=\"https:\/\/europa2velos.com\/wp-content\/uploads\/2021\/03\/2021-03-10-A-1024x576.png 1024w, https:\/\/europa2velos.com\/wp-content\/uploads\/2021\/03\/2021-03-10-A-300x169.png 300w, https:\/\/europa2velos.com\/wp-content\/uploads\/2021\/03\/2021-03-10-A-768x432.png 768w, https:\/\/europa2velos.com\/wp-content\/uploads\/2021\/03\/2021-03-10-A-1536x864.png 1536w, https:\/\/europa2velos.com\/wp-content\/uploads\/2021\/03\/2021-03-10-A-1104x621.png 1104w, https:\/\/europa2velos.com\/wp-content\/uploads\/2021\/03\/2021-03-10-A-366x205.png 366w, https:\/\/europa2velos.com\/wp-content\/uploads\/2021\/03\/2021-03-10-A-534x300.png 534w, https:\/\/europa2velos.com\/wp-content\/uploads\/2021\/03\/2021-03-10-A-165x92.png 165w, https:\/\/europa2velos.com\/wp-content\/uploads\/2021\/03\/2021-03-10-A-249x140.png 249w, https:\/\/europa2velos.com\/wp-content\/uploads\/2021\/03\/2021-03-10-A-232x130.png 232w, https:\/\/europa2velos.com\/wp-content\/uploads\/2021\/03\/2021-03-10-A-344x193.png 344w, https:\/\/europa2velos.com\/wp-content\/uploads\/2021\/03\/2021-03-10-A.png 1920w\" sizes=\"(max-width: 1024px) 100vw, 1024px\" \/><\/figure>\n\n\n\n<p>Mercredi 10 mars : Deuxi\u00e8me jour en Turquie. On ach\u00e8te des SIM pour nos t\u00e9l\u00e9phones, nos abonnements ne fonctionnent plus ici. Le soir, on est h\u00e9berg\u00e9s par Ali, un Couchsurfer turc d\u2019une soixantaine d\u2019ann\u00e9es super sympa, avec qui on passe une chouette soir\u00e9e.<\/p>\n\n\n\n<figure class=\"wp-block-image size-large\"><img loading=\"lazy\" width=\"1024\" height=\"613\" src=\"http:\/\/europa2velos.com\/wp-content\/uploads\/2021\/03\/IMG_20210310_094235-1024x613.jpg\" alt=\"\" class=\"wp-image-2485\" srcset=\"https:\/\/europa2velos.com\/wp-content\/uploads\/2021\/03\/IMG_20210310_094235-1024x613.jpg 1024w, https:\/\/europa2velos.com\/wp-content\/uploads\/2021\/03\/IMG_20210310_094235-300x180.jpg 300w, https:\/\/europa2velos.com\/wp-content\/uploads\/2021\/03\/IMG_20210310_094235-768x460.jpg 768w, https:\/\/europa2velos.com\/wp-content\/uploads\/2021\/03\/IMG_20210310_094235-1536x920.jpg 1536w, https:\/\/europa2velos.com\/wp-content\/uploads\/2021\/03\/IMG_20210310_094235-2048x1227.jpg 2048w\" sizes=\"(max-width: 1024px) 100vw, 1024px\" \/><figcaption>Euh, un d\u00e9tour par la Bretagne ?<\/figcaption><\/figure>\n\n\n\n<figure class=\"wp-block-image size-large\"><img loading=\"lazy\" width=\"1024\" height=\"645\" src=\"http:\/\/europa2velos.com\/wp-content\/uploads\/2021\/03\/IMG_20210310_111612-1024x645.jpg\" alt=\"\" class=\"wp-image-2481\" srcset=\"https:\/\/europa2velos.com\/wp-content\/uploads\/2021\/03\/IMG_20210310_111612-1024x645.jpg 1024w, https:\/\/europa2velos.com\/wp-content\/uploads\/2021\/03\/IMG_20210310_111612-300x189.jpg 300w, https:\/\/europa2velos.com\/wp-content\/uploads\/2021\/03\/IMG_20210310_111612-768x484.jpg 768w, https:\/\/europa2velos.com\/wp-content\/uploads\/2021\/03\/IMG_20210310_111612-1536x967.jpg 1536w, https:\/\/europa2velos.com\/wp-content\/uploads\/2021\/03\/IMG_20210310_111612-2048x1290.jpg 2048w\" sizes=\"(max-width: 1024px) 100vw, 1024px\" \/><figcaption>L&#8217;avantage c&#8217;est que nos v\u00e9los sont plus rapides que leurs chars&#8230;<\/figcaption><\/figure>\n\n\n\n<figure class=\"wp-block-image size-large\"><img loading=\"lazy\" width=\"768\" height=\"1024\" src=\"http:\/\/europa2velos.com\/wp-content\/uploads\/2021\/03\/IMG_20210310_155051_1-768x1024.jpg\" alt=\"\" class=\"wp-image-2482\" srcset=\"https:\/\/europa2velos.com\/wp-content\/uploads\/2021\/03\/IMG_20210310_155051_1-768x1024.jpg 768w, https:\/\/europa2velos.com\/wp-content\/uploads\/2021\/03\/IMG_20210310_155051_1-225x300.jpg 225w, https:\/\/europa2velos.com\/wp-content\/uploads\/2021\/03\/IMG_20210310_155051_1-1152x1536.jpg 1152w, https:\/\/europa2velos.com\/wp-content\/uploads\/2021\/03\/IMG_20210310_155051_1-1536x2048.jpg 1536w, https:\/\/europa2velos.com\/wp-content\/uploads\/2021\/03\/IMG_20210310_155051_1-scaled.jpg 1920w\" sizes=\"(max-width: 768px) 100vw, 768px\" \/><figcaption>Ici, m\u00eame les hommes ont le visage dont on ne voit que les yeux&#8230;<\/figcaption><\/figure>\n\n\n\n<figure class=\"wp-block-image size-large\"><img loading=\"lazy\" width=\"1024\" height=\"576\" src=\"http:\/\/europa2velos.com\/wp-content\/uploads\/2021\/03\/2021-03-11-1024x576.png\" alt=\"\" class=\"wp-image-2473\" srcset=\"https:\/\/europa2velos.com\/wp-content\/uploads\/2021\/03\/2021-03-11-1024x576.png 1024w, https:\/\/europa2velos.com\/wp-content\/uploads\/2021\/03\/2021-03-11-300x169.png 300w, https:\/\/europa2velos.com\/wp-content\/uploads\/2021\/03\/2021-03-11-768x432.png 768w, https:\/\/europa2velos.com\/wp-content\/uploads\/2021\/03\/2021-03-11-1536x864.png 1536w, https:\/\/europa2velos.com\/wp-content\/uploads\/2021\/03\/2021-03-11-1104x621.png 1104w, https:\/\/europa2velos.com\/wp-content\/uploads\/2021\/03\/2021-03-11-366x205.png 366w, https:\/\/europa2velos.com\/wp-content\/uploads\/2021\/03\/2021-03-11-534x300.png 534w, https:\/\/europa2velos.com\/wp-content\/uploads\/2021\/03\/2021-03-11-165x92.png 165w, https:\/\/europa2velos.com\/wp-content\/uploads\/2021\/03\/2021-03-11-249x140.png 249w, https:\/\/europa2velos.com\/wp-content\/uploads\/2021\/03\/2021-03-11-232x130.png 232w, https:\/\/europa2velos.com\/wp-content\/uploads\/2021\/03\/2021-03-11-344x193.png 344w, https:\/\/europa2velos.com\/wp-content\/uploads\/2021\/03\/2021-03-11.png 1920w\" sizes=\"(max-width: 1024px) 100vw, 1024px\" \/><\/figure>\n\n\n\n<p>Jeudi 11 mars : Finalement, on d\u00e9cide de rester une journ\u00e9e \u00e0 Corlu, chez Ali. Le matin, il nous montre sa passion : la fabrication de couteaux\u2026 Il est vraiment tr\u00e8s passionn\u00e9 et c\u2019est impressionnant ! L\u2019apr\u00e8s-midi, on visite la ville avec lui, il nous offre une assiette de kebab excellente dans une de ses bonnes adresses.&nbsp;<\/p>\n\n\n\n<figure class=\"wp-block-image size-large\"><img loading=\"lazy\" width=\"900\" height=\"1024\" src=\"http:\/\/europa2velos.com\/wp-content\/uploads\/2021\/03\/IMG_20210311_101142-900x1024.jpg\" alt=\"\" class=\"wp-image-2493\" srcset=\"https:\/\/europa2velos.com\/wp-content\/uploads\/2021\/03\/IMG_20210311_101142-900x1024.jpg 900w, https:\/\/europa2velos.com\/wp-content\/uploads\/2021\/03\/IMG_20210311_101142-264x300.jpg 264w, https:\/\/europa2velos.com\/wp-content\/uploads\/2021\/03\/IMG_20210311_101142-768x874.jpg 768w, https:\/\/europa2velos.com\/wp-content\/uploads\/2021\/03\/IMG_20210311_101142-1350x1536.jpg 1350w, https:\/\/europa2velos.com\/wp-content\/uploads\/2021\/03\/IMG_20210311_101142-1801x2048.jpg 1801w\" sizes=\"(max-width: 900px) 100vw, 900px\" \/><figcaption>Un petit passe-temps viril, non ?<\/figcaption><\/figure>\n\n\n\n<figure class=\"wp-block-image size-large\"><img loading=\"lazy\" width=\"1024\" height=\"616\" src=\"http:\/\/europa2velos.com\/wp-content\/uploads\/2021\/03\/IMG_20210311_104734_BURST007-1024x616.jpg\" alt=\"\" class=\"wp-image-2483\" srcset=\"https:\/\/europa2velos.com\/wp-content\/uploads\/2021\/03\/IMG_20210311_104734_BURST007-1024x616.jpg 1024w, https:\/\/europa2velos.com\/wp-content\/uploads\/2021\/03\/IMG_20210311_104734_BURST007-300x181.jpg 300w, https:\/\/europa2velos.com\/wp-content\/uploads\/2021\/03\/IMG_20210311_104734_BURST007-768x462.jpg 768w, https:\/\/europa2velos.com\/wp-content\/uploads\/2021\/03\/IMG_20210311_104734_BURST007-1536x924.jpg 1536w, https:\/\/europa2velos.com\/wp-content\/uploads\/2021\/03\/IMG_20210311_104734_BURST007-2048x1232.jpg 2048w\" sizes=\"(max-width: 1024px) 100vw, 1024px\" \/><figcaption>Une fine lame.<\/figcaption><\/figure>\n\n\n\n<figure class=\"wp-block-image size-large\"><img loading=\"lazy\" width=\"885\" height=\"1024\" src=\"http:\/\/europa2velos.com\/wp-content\/uploads\/2021\/03\/IMG_20210311_141321-885x1024.jpg\" alt=\"\" class=\"wp-image-2484\" srcset=\"https:\/\/europa2velos.com\/wp-content\/uploads\/2021\/03\/IMG_20210311_141321-885x1024.jpg 885w, https:\/\/europa2velos.com\/wp-content\/uploads\/2021\/03\/IMG_20210311_141321-259x300.jpg 259w, https:\/\/europa2velos.com\/wp-content\/uploads\/2021\/03\/IMG_20210311_141321-768x888.jpg 768w, https:\/\/europa2velos.com\/wp-content\/uploads\/2021\/03\/IMG_20210311_141321-1328x1536.jpg 1328w, https:\/\/europa2velos.com\/wp-content\/uploads\/2021\/03\/IMG_20210311_141321-1771x2048.jpg 1771w\" sizes=\"(max-width: 885px) 100vw, 885px\" \/><figcaption>On va pas vous mentir, on se r\u00e9gale !<\/figcaption><\/figure>\n\n\n\n<figure class=\"wp-block-image size-large\"><img loading=\"lazy\" width=\"1024\" height=\"807\" src=\"http:\/\/europa2velos.com\/wp-content\/uploads\/2021\/03\/IMG_20210311_145031-1024x807.jpg\" alt=\"\" class=\"wp-image-2487\" srcset=\"https:\/\/europa2velos.com\/wp-content\/uploads\/2021\/03\/IMG_20210311_145031-1024x807.jpg 1024w, https:\/\/europa2velos.com\/wp-content\/uploads\/2021\/03\/IMG_20210311_145031-300x237.jpg 300w, https:\/\/europa2velos.com\/wp-content\/uploads\/2021\/03\/IMG_20210311_145031-768x605.jpg 768w, https:\/\/europa2velos.com\/wp-content\/uploads\/2021\/03\/IMG_20210311_145031-1536x1211.jpg 1536w, https:\/\/europa2velos.com\/wp-content\/uploads\/2021\/03\/IMG_20210311_145031-2048x1615.jpg 2048w\" sizes=\"(max-width: 1024px) 100vw, 1024px\" \/><figcaption>Juste un petit dessert&#8230;<\/figcaption><\/figure>\n\n\n\n<figure class=\"wp-block-image size-large\"><img loading=\"lazy\" width=\"1024\" height=\"576\" src=\"http:\/\/europa2velos.com\/wp-content\/uploads\/2021\/03\/2021-03-12-A-1024x576.png\" alt=\"\" class=\"wp-image-2475\" srcset=\"https:\/\/europa2velos.com\/wp-content\/uploads\/2021\/03\/2021-03-12-A-1024x576.png 1024w, https:\/\/europa2velos.com\/wp-content\/uploads\/2021\/03\/2021-03-12-A-300x169.png 300w, https:\/\/europa2velos.com\/wp-content\/uploads\/2021\/03\/2021-03-12-A-768x432.png 768w, https:\/\/europa2velos.com\/wp-content\/uploads\/2021\/03\/2021-03-12-A-1536x864.png 1536w, https:\/\/europa2velos.com\/wp-content\/uploads\/2021\/03\/2021-03-12-A-1104x621.png 1104w, https:\/\/europa2velos.com\/wp-content\/uploads\/2021\/03\/2021-03-12-A-366x205.png 366w, https:\/\/europa2velos.com\/wp-content\/uploads\/2021\/03\/2021-03-12-A-534x300.png 534w, https:\/\/europa2velos.com\/wp-content\/uploads\/2021\/03\/2021-03-12-A-165x92.png 165w, https:\/\/europa2velos.com\/wp-content\/uploads\/2021\/03\/2021-03-12-A-249x140.png 249w, https:\/\/europa2velos.com\/wp-content\/uploads\/2021\/03\/2021-03-12-A-232x130.png 232w, https:\/\/europa2velos.com\/wp-content\/uploads\/2021\/03\/2021-03-12-A-344x193.png 344w, https:\/\/europa2velos.com\/wp-content\/uploads\/2021\/03\/2021-03-12-A.png 1920w\" sizes=\"(max-width: 1024px) 100vw, 1024px\" \/><\/figure>\n\n\n\n<p>Vendredi 12 mars : On repart en direction d\u2019Istanbul. Une journ\u00e9e banale, le long de la c\u00f4te de la Mer \u00c9g\u00e9e, tr\u00e8s jolie mais avec beaucoup de trafic. Le midi, un cycliste turc rencontr\u00e9 sur la route nous offre le repas. Le soir, on fait du porte-\u00e0-porte et un employ\u00e9 d\u2019une sorte de mini g\u00eete nous propose de dormir l\u00e0. On passe la soir\u00e9e \u00e0 \u00e9changer par Google Traduction avec ce Turkm\u00e8ne d\u2019origine, tr\u00e8s sympa.<\/p>\n\n\n\n<figure class=\"wp-block-image size-large\"><img loading=\"lazy\" width=\"1024\" height=\"498\" src=\"http:\/\/europa2velos.com\/wp-content\/uploads\/2021\/03\/IMG_20210312_132643-1024x498.jpg\" alt=\"\" class=\"wp-image-2486\" srcset=\"https:\/\/europa2velos.com\/wp-content\/uploads\/2021\/03\/IMG_20210312_132643-1024x498.jpg 1024w, https:\/\/europa2velos.com\/wp-content\/uploads\/2021\/03\/IMG_20210312_132643-300x146.jpg 300w, https:\/\/europa2velos.com\/wp-content\/uploads\/2021\/03\/IMG_20210312_132643-768x373.jpg 768w, https:\/\/europa2velos.com\/wp-content\/uploads\/2021\/03\/IMG_20210312_132643-1536x747.jpg 1536w, https:\/\/europa2velos.com\/wp-content\/uploads\/2021\/03\/IMG_20210312_132643-2048x996.jpg 2048w\" sizes=\"(max-width: 1024px) 100vw, 1024px\" \/><figcaption>C&#8217;est d\u00e9j\u00e0 presque l&#8217;agglom\u00e9ration d&#8217;Istanbul&#8230;<\/figcaption><\/figure>\n\n\n\n<figure class=\"wp-block-image size-large\"><img loading=\"lazy\" width=\"1024\" height=\"596\" src=\"http:\/\/europa2velos.com\/wp-content\/uploads\/2021\/03\/IMG_20210312_141345-1024x596.jpg\" alt=\"\" class=\"wp-image-2488\" srcset=\"https:\/\/europa2velos.com\/wp-content\/uploads\/2021\/03\/IMG_20210312_141345-1024x596.jpg 1024w, https:\/\/europa2velos.com\/wp-content\/uploads\/2021\/03\/IMG_20210312_141345-300x175.jpg 300w, https:\/\/europa2velos.com\/wp-content\/uploads\/2021\/03\/IMG_20210312_141345-768x447.jpg 768w, https:\/\/europa2velos.com\/wp-content\/uploads\/2021\/03\/IMG_20210312_141345-1536x895.jpg 1536w, https:\/\/europa2velos.com\/wp-content\/uploads\/2021\/03\/IMG_20210312_141345-2048x1193.jpg 2048w\" sizes=\"(max-width: 1024px) 100vw, 1024px\" \/><figcaption>Audaces architecturales turques !<\/figcaption><\/figure>\n\n\n\n<figure class=\"wp-block-image size-large\"><img loading=\"lazy\" width=\"1024\" height=\"588\" src=\"http:\/\/europa2velos.com\/wp-content\/uploads\/2021\/03\/IMG_20210312_141452-1024x588.jpg\" alt=\"\" class=\"wp-image-2490\" srcset=\"https:\/\/europa2velos.com\/wp-content\/uploads\/2021\/03\/IMG_20210312_141452-1024x588.jpg 1024w, https:\/\/europa2velos.com\/wp-content\/uploads\/2021\/03\/IMG_20210312_141452-300x172.jpg 300w, https:\/\/europa2velos.com\/wp-content\/uploads\/2021\/03\/IMG_20210312_141452-768x441.jpg 768w, https:\/\/europa2velos.com\/wp-content\/uploads\/2021\/03\/IMG_20210312_141452-1536x881.jpg 1536w, https:\/\/europa2velos.com\/wp-content\/uploads\/2021\/03\/IMG_20210312_141452-2048x1175.jpg 2048w\" sizes=\"(max-width: 1024px) 100vw, 1024px\" \/><\/figure>\n\n\n\n<figure class=\"wp-block-image size-large\"><img loading=\"lazy\" width=\"1024\" height=\"705\" src=\"http:\/\/europa2velos.com\/wp-content\/uploads\/2021\/03\/IMG_20210312_144906-1024x705.jpg\" alt=\"\" class=\"wp-image-2492\" srcset=\"https:\/\/europa2velos.com\/wp-content\/uploads\/2021\/03\/IMG_20210312_144906-1024x705.jpg 1024w, https:\/\/europa2velos.com\/wp-content\/uploads\/2021\/03\/IMG_20210312_144906-300x207.jpg 300w, https:\/\/europa2velos.com\/wp-content\/uploads\/2021\/03\/IMG_20210312_144906-768x529.jpg 768w, https:\/\/europa2velos.com\/wp-content\/uploads\/2021\/03\/IMG_20210312_144906-1536x1057.jpg 1536w, https:\/\/europa2velos.com\/wp-content\/uploads\/2021\/03\/IMG_20210312_144906-2048x1410.jpg 2048w\" sizes=\"(max-width: 1024px) 100vw, 1024px\" \/><figcaption>Solidarit\u00e9 cycliste.<\/figcaption><\/figure>\n\n\n\n<figure class=\"wp-block-image size-large\"><img loading=\"lazy\" width=\"1024\" height=\"602\" src=\"http:\/\/europa2velos.com\/wp-content\/uploads\/2021\/03\/IMG_20210312_222446-1024x602.jpg\" alt=\"\" class=\"wp-image-2489\" srcset=\"https:\/\/europa2velos.com\/wp-content\/uploads\/2021\/03\/IMG_20210312_222446-1024x602.jpg 1024w, https:\/\/europa2velos.com\/wp-content\/uploads\/2021\/03\/IMG_20210312_222446-300x176.jpg 300w, https:\/\/europa2velos.com\/wp-content\/uploads\/2021\/03\/IMG_20210312_222446-768x451.jpg 768w, https:\/\/europa2velos.com\/wp-content\/uploads\/2021\/03\/IMG_20210312_222446-1536x902.jpg 1536w, https:\/\/europa2velos.com\/wp-content\/uploads\/2021\/03\/IMG_20210312_222446-2048x1203.jpg 2048w\" sizes=\"(max-width: 1024px) 100vw, 1024px\" \/><figcaption>Un accueil pour ce soir&#8230;<\/figcaption><\/figure>\n\n\n\n<figure class=\"wp-block-image size-large\"><img loading=\"lazy\" width=\"1024\" height=\"576\" src=\"http:\/\/europa2velos.com\/wp-content\/uploads\/2021\/03\/2021-03-13-A-1024x576.png\" alt=\"\" class=\"wp-image-2474\" srcset=\"https:\/\/europa2velos.com\/wp-content\/uploads\/2021\/03\/2021-03-13-A-1024x576.png 1024w, https:\/\/europa2velos.com\/wp-content\/uploads\/2021\/03\/2021-03-13-A-300x169.png 300w, https:\/\/europa2velos.com\/wp-content\/uploads\/2021\/03\/2021-03-13-A-768x432.png 768w, https:\/\/europa2velos.com\/wp-content\/uploads\/2021\/03\/2021-03-13-A-1536x864.png 1536w, https:\/\/europa2velos.com\/wp-content\/uploads\/2021\/03\/2021-03-13-A-1104x621.png 1104w, https:\/\/europa2velos.com\/wp-content\/uploads\/2021\/03\/2021-03-13-A-366x205.png 366w, https:\/\/europa2velos.com\/wp-content\/uploads\/2021\/03\/2021-03-13-A-534x300.png 534w, https:\/\/europa2velos.com\/wp-content\/uploads\/2021\/03\/2021-03-13-A-165x92.png 165w, https:\/\/europa2velos.com\/wp-content\/uploads\/2021\/03\/2021-03-13-A-249x140.png 249w, https:\/\/europa2velos.com\/wp-content\/uploads\/2021\/03\/2021-03-13-A-232x130.png 232w, https:\/\/europa2velos.com\/wp-content\/uploads\/2021\/03\/2021-03-13-A-344x193.png 344w, https:\/\/europa2velos.com\/wp-content\/uploads\/2021\/03\/2021-03-13-A.png 1920w\" sizes=\"(max-width: 1024px) 100vw, 1024px\" \/><\/figure>\n\n\n\n<p>Samedi 13 mars : On passe une journ\u00e9e tr\u00e8s mouvement\u00e9e sur les routes (p\u00e9riph, nationales). C\u2019est certainement la journ\u00e9e avec le plus de trafic qu\u2019on a eu depuis le d\u00e9but du voyage&nbsp;! Le soir, on arrive chez nos h\u00f4tes, du c\u00f4t\u00e9 asiatique d\u2019Istanbul (apr\u00e8s avoir travers\u00e9 le Bosphore en bateau). Nous sommes accueillis par deux s\u0153urs de 21 et 23 ans, Berra et Elif, l\u2019une \u00e9tudiante en psychologie, l\u2019autre en gastronomie, super sympas ! Elio va se couper les cheveux ce soir-l\u00e0 \u2013 pas comme Justin apparemment \ud83d\ude09<\/p>\n\n\n\n<figure class=\"wp-block-image size-large\"><img loading=\"lazy\" width=\"1024\" height=\"574\" src=\"http:\/\/europa2velos.com\/wp-content\/uploads\/2021\/03\/IMG_20210313_112137-1024x574.jpg\" alt=\"\" class=\"wp-image-2494\" srcset=\"https:\/\/europa2velos.com\/wp-content\/uploads\/2021\/03\/IMG_20210313_112137-1024x574.jpg 1024w, https:\/\/europa2velos.com\/wp-content\/uploads\/2021\/03\/IMG_20210313_112137-300x168.jpg 300w, https:\/\/europa2velos.com\/wp-content\/uploads\/2021\/03\/IMG_20210313_112137-768x432.jpg 768w, https:\/\/europa2velos.com\/wp-content\/uploads\/2021\/03\/IMG_20210313_112137-1536x861.jpg 1536w, https:\/\/europa2velos.com\/wp-content\/uploads\/2021\/03\/IMG_20210313_112137-2048x1148.jpg 2048w, https:\/\/europa2velos.com\/wp-content\/uploads\/2021\/03\/IMG_20210313_112137-366x205.jpg 366w, https:\/\/europa2velos.com\/wp-content\/uploads\/2021\/03\/IMG_20210313_112137-534x300.jpg 534w, https:\/\/europa2velos.com\/wp-content\/uploads\/2021\/03\/IMG_20210313_112137-165x92.jpg 165w, https:\/\/europa2velos.com\/wp-content\/uploads\/2021\/03\/IMG_20210313_112137-249x140.jpg 249w, https:\/\/europa2velos.com\/wp-content\/uploads\/2021\/03\/IMG_20210313_112137-232x130.jpg 232w, https:\/\/europa2velos.com\/wp-content\/uploads\/2021\/03\/IMG_20210313_112137-344x193.jpg 344w\" sizes=\"(max-width: 1024px) 100vw, 1024px\" \/><figcaption>Le trafic routier nous a mis la t^\u00eate \u00e0 l&#8217;envers.<\/figcaption><\/figure>\n\n\n\n<figure class=\"wp-block-image size-large\"><img loading=\"lazy\" width=\"1024\" height=\"479\" src=\"http:\/\/europa2velos.com\/wp-content\/uploads\/2021\/03\/IMG_20210313_151720-1024x479.jpg\" alt=\"\" class=\"wp-image-2491\" srcset=\"https:\/\/europa2velos.com\/wp-content\/uploads\/2021\/03\/IMG_20210313_151720-1024x479.jpg 1024w, https:\/\/europa2velos.com\/wp-content\/uploads\/2021\/03\/IMG_20210313_151720-300x140.jpg 300w, https:\/\/europa2velos.com\/wp-content\/uploads\/2021\/03\/IMG_20210313_151720-768x360.jpg 768w, https:\/\/europa2velos.com\/wp-content\/uploads\/2021\/03\/IMG_20210313_151720-1536x719.jpg 1536w, https:\/\/europa2velos.com\/wp-content\/uploads\/2021\/03\/IMG_20210313_151720-2048x959.jpg 2048w\" sizes=\"(max-width: 1024px) 100vw, 1024px\" \/><figcaption>Premi\u00e8re travers\u00e9e du Bosphore. On quitte l&#8217;Europe pour l&#8217;Asie&#8230; d\u00e9but du tour du monde ?<\/figcaption><\/figure>\n\n\n\n<figure class=\"wp-block-image size-large\"><img loading=\"lazy\" width=\"1024\" height=\"576\" src=\"http:\/\/europa2velos.com\/wp-content\/uploads\/2021\/03\/2021-03-14-A-1024x576.png\" alt=\"\" class=\"wp-image-2476\" srcset=\"https:\/\/europa2velos.com\/wp-content\/uploads\/2021\/03\/2021-03-14-A-1024x576.png 1024w, https:\/\/europa2velos.com\/wp-content\/uploads\/2021\/03\/2021-03-14-A-300x169.png 300w, https:\/\/europa2velos.com\/wp-content\/uploads\/2021\/03\/2021-03-14-A-768x432.png 768w, https:\/\/europa2velos.com\/wp-content\/uploads\/2021\/03\/2021-03-14-A-366x205.png 366w, https:\/\/europa2velos.com\/wp-content\/uploads\/2021\/03\/2021-03-14-A-534x300.png 534w, https:\/\/europa2velos.com\/wp-content\/uploads\/2021\/03\/2021-03-14-A-165x92.png 165w, https:\/\/europa2velos.com\/wp-content\/uploads\/2021\/03\/2021-03-14-A-249x140.png 249w, https:\/\/europa2velos.com\/wp-content\/uploads\/2021\/03\/2021-03-14-A-232x130.png 232w, https:\/\/europa2velos.com\/wp-content\/uploads\/2021\/03\/2021-03-14-A-344x193.png 344w, https:\/\/europa2velos.com\/wp-content\/uploads\/2021\/03\/2021-03-14-A.png 1067w\" sizes=\"(max-width: 1024px) 100vw, 1024px\" \/><\/figure>\n\n\n\n<p>Dimanche 14 mars&nbsp;: Aujourd\u2019hui, Elio part seul en ville, pour&nbsp;:<\/p>\n\n\n\n<ul><li>une interview du Ministre turc de la transition \u00e9cologique et solidaire<\/li><li>un rendez-vous galant<\/li><li>une consultation du professeur Erdogan, sp\u00e9cialiste mondial de l\u2019engelure du pied gauche, \u00e0 l\u2019h\u00f4pital international d\u2019Istanbul<\/li><li>un concours de rap protestataire place Taksim (sur les conseils de Sylvie Poux)<\/li><\/ul>\n\n\n\n<p><em>(*) <em>Cocher la bonne r\u00e9ponse :<\/em><\/em> <em>voir en fin de blog les r\u00e8gles de notre grand jeu-concours<\/em><\/p>\n\n\n\n<p>Pendant ce temps, Justin va avec nos h\u00f4tes chez des amies \u00e0 elles, trois s\u0153urs, Ceren, 28 ans, professeur de musique, Menek\u015fe, 25 ans, infirmi\u00e8re et Gulcihan, 22 ans, \u00e9tudiante en gastronomie comme Elif. Il y a aussi Zehra, 22 ans, une de leurs amies, \u00e9tudiante en finance et \u00e9conomie, la seule \u00e0 \u00eatre musulmane, en tout cas \u00e0 le montrer. Apr\u00e8s le d\u00e9jeuner, on passe l&#8217;aprem ensemble \u00e0 parler. C\u2019est super sympa.<\/p>\n\n\n\n<p>Le soir Elio nous rejoint et on fait une petite soir\u00e9e avec ce qu\u2019on appelle ici de la Golden Rakia, une sorte de Pastis.<\/p>\n\n\n\n<figure class=\"wp-block-image size-large\"><img loading=\"lazy\" width=\"1024\" height=\"567\" src=\"http:\/\/europa2velos.com\/wp-content\/uploads\/2021\/03\/IMG_20210314_124154-1024x567.jpg\" alt=\"\" class=\"wp-image-2497\" srcset=\"https:\/\/europa2velos.com\/wp-content\/uploads\/2021\/03\/IMG_20210314_124154-1024x567.jpg 1024w, https:\/\/europa2velos.com\/wp-content\/uploads\/2021\/03\/IMG_20210314_124154-300x166.jpg 300w, https:\/\/europa2velos.com\/wp-content\/uploads\/2021\/03\/IMG_20210314_124154-768x425.jpg 768w, https:\/\/europa2velos.com\/wp-content\/uploads\/2021\/03\/IMG_20210314_124154-1536x851.jpg 1536w, https:\/\/europa2velos.com\/wp-content\/uploads\/2021\/03\/IMG_20210314_124154-2048x1135.jpg 2048w, https:\/\/europa2velos.com\/wp-content\/uploads\/2021\/03\/IMG_20210314_124154-165x92.jpg 165w\" sizes=\"(max-width: 1024px) 100vw, 1024px\" \/><figcaption>L&#8217;accueil turc&#8230;<\/figcaption><\/figure>\n\n\n\n<figure class=\"wp-block-image size-large\"><img loading=\"lazy\" width=\"1024\" height=\"517\" src=\"http:\/\/europa2velos.com\/wp-content\/uploads\/2021\/03\/3F4A9C13-C3F2-4886-AB93-2CCA3F606EC7-1024x517.jpg\" alt=\"\" class=\"wp-image-2498\" srcset=\"https:\/\/europa2velos.com\/wp-content\/uploads\/2021\/03\/3F4A9C13-C3F2-4886-AB93-2CCA3F606EC7-1024x517.jpg 1024w, https:\/\/europa2velos.com\/wp-content\/uploads\/2021\/03\/3F4A9C13-C3F2-4886-AB93-2CCA3F606EC7-300x151.jpg 300w, https:\/\/europa2velos.com\/wp-content\/uploads\/2021\/03\/3F4A9C13-C3F2-4886-AB93-2CCA3F606EC7-768x388.jpg 768w, https:\/\/europa2velos.com\/wp-content\/uploads\/2021\/03\/3F4A9C13-C3F2-4886-AB93-2CCA3F606EC7-1536x775.jpg 1536w, https:\/\/europa2velos.com\/wp-content\/uploads\/2021\/03\/3F4A9C13-C3F2-4886-AB93-2CCA3F606EC7-2048x1034.jpg 2048w\" sizes=\"(max-width: 1024px) 100vw, 1024px\" \/><figcaption>Jeunesse, jeunesse&#8230;<\/figcaption><\/figure>\n\n\n\n<figure class=\"wp-block-image size-large\"><img loading=\"lazy\" width=\"1024\" height=\"877\" src=\"http:\/\/europa2velos.com\/wp-content\/uploads\/2021\/03\/Capture-de\u0301cran-2021-03-17-a\u0300-10.37.10-1024x877.jpg\" alt=\"\" class=\"wp-image-2495\" srcset=\"https:\/\/europa2velos.com\/wp-content\/uploads\/2021\/03\/Capture-de\u0301cran-2021-03-17-a\u0300-10.37.10-1024x877.jpg 1024w, https:\/\/europa2velos.com\/wp-content\/uploads\/2021\/03\/Capture-de\u0301cran-2021-03-17-a\u0300-10.37.10-300x257.jpg 300w, https:\/\/europa2velos.com\/wp-content\/uploads\/2021\/03\/Capture-de\u0301cran-2021-03-17-a\u0300-10.37.10-768x658.jpg 768w, https:\/\/europa2velos.com\/wp-content\/uploads\/2021\/03\/Capture-de\u0301cran-2021-03-17-a\u0300-10.37.10.jpg 1178w\" sizes=\"(max-width: 1024px) 100vw, 1024px\" \/><figcaption>Avec ?<\/figcaption><\/figure>\n\n\n\n<figure class=\"wp-block-image size-large\"><img loading=\"lazy\" width=\"1024\" height=\"860\" src=\"http:\/\/europa2velos.com\/wp-content\/uploads\/2021\/03\/Capture-de\u0301cran-2021-03-17-a\u0300-10.37.20-1024x860.jpg\" alt=\"\" class=\"wp-image-2496\" srcset=\"https:\/\/europa2velos.com\/wp-content\/uploads\/2021\/03\/Capture-de\u0301cran-2021-03-17-a\u0300-10.37.20-1024x860.jpg 1024w, https:\/\/europa2velos.com\/wp-content\/uploads\/2021\/03\/Capture-de\u0301cran-2021-03-17-a\u0300-10.37.20-300x252.jpg 300w, https:\/\/europa2velos.com\/wp-content\/uploads\/2021\/03\/Capture-de\u0301cran-2021-03-17-a\u0300-10.37.20-768x645.jpg 768w, https:\/\/europa2velos.com\/wp-content\/uploads\/2021\/03\/Capture-de\u0301cran-2021-03-17-a\u0300-10.37.20.jpg 1176w\" sizes=\"(max-width: 1024px) 100vw, 1024px\" \/><figcaption>&#8230;ou sans ?<\/figcaption><\/figure>\n\n\n\n<figure class=\"wp-block-image size-large\"><img loading=\"lazy\" width=\"804\" height=\"793\" src=\"http:\/\/europa2velos.com\/wp-content\/uploads\/2021\/03\/Capture-de\u0301cran-2021-03-17-a\u0300-10.40.04.jpg\" alt=\"\" class=\"wp-image-2499\" srcset=\"https:\/\/europa2velos.com\/wp-content\/uploads\/2021\/03\/Capture-de\u0301cran-2021-03-17-a\u0300-10.40.04.jpg 804w, https:\/\/europa2velos.com\/wp-content\/uploads\/2021\/03\/Capture-de\u0301cran-2021-03-17-a\u0300-10.40.04-300x296.jpg 300w, https:\/\/europa2velos.com\/wp-content\/uploads\/2021\/03\/Capture-de\u0301cran-2021-03-17-a\u0300-10.40.04-768x757.jpg 768w\" sizes=\"(max-width: 804px) 100vw, 804px\" \/><figcaption>No comment.<\/figcaption><\/figure>\n\n\n\n<figure class=\"wp-block-image size-large is-resized\"><img loading=\"lazy\" src=\"http:\/\/europa2velos.com\/wp-content\/uploads\/2021\/03\/Capture-de\u0301cran-2021-03-17-a\u0300-11.39.56-2-1024x491.jpg\" alt=\"\" class=\"wp-image-2564\" width=\"798\" height=\"382\" srcset=\"https:\/\/europa2velos.com\/wp-content\/uploads\/2021\/03\/Capture-de\u0301cran-2021-03-17-a\u0300-11.39.56-2-1024x491.jpg 1024w, https:\/\/europa2velos.com\/wp-content\/uploads\/2021\/03\/Capture-de\u0301cran-2021-03-17-a\u0300-11.39.56-2-300x144.jpg 300w, https:\/\/europa2velos.com\/wp-content\/uploads\/2021\/03\/Capture-de\u0301cran-2021-03-17-a\u0300-11.39.56-2-768x368.jpg 768w, https:\/\/europa2velos.com\/wp-content\/uploads\/2021\/03\/Capture-de\u0301cran-2021-03-17-a\u0300-11.39.56-2-1536x737.jpg 1536w, https:\/\/europa2velos.com\/wp-content\/uploads\/2021\/03\/Capture-de\u0301cran-2021-03-17-a\u0300-11.39.56-2.jpg 1920w\" sizes=\"(max-width: 798px) 100vw, 798px\" \/><figcaption>Oley et son femmes-club<\/figcaption><\/figure>\n\n\n\n<figure class=\"wp-block-image size-large\"><img loading=\"lazy\" width=\"1024\" height=\"576\" src=\"http:\/\/europa2velos.com\/wp-content\/uploads\/2021\/03\/2021-03-15-B-1024x576.png\" alt=\"\" class=\"wp-image-2478\" srcset=\"https:\/\/europa2velos.com\/wp-content\/uploads\/2021\/03\/2021-03-15-B-1024x576.png 1024w, https:\/\/europa2velos.com\/wp-content\/uploads\/2021\/03\/2021-03-15-B-300x169.png 300w, https:\/\/europa2velos.com\/wp-content\/uploads\/2021\/03\/2021-03-15-B-768x432.png 768w, https:\/\/europa2velos.com\/wp-content\/uploads\/2021\/03\/2021-03-15-B-1536x864.png 1536w, https:\/\/europa2velos.com\/wp-content\/uploads\/2021\/03\/2021-03-15-B-1104x621.png 1104w, https:\/\/europa2velos.com\/wp-content\/uploads\/2021\/03\/2021-03-15-B-366x205.png 366w, https:\/\/europa2velos.com\/wp-content\/uploads\/2021\/03\/2021-03-15-B-534x300.png 534w, https:\/\/europa2velos.com\/wp-content\/uploads\/2021\/03\/2021-03-15-B-165x92.png 165w, https:\/\/europa2velos.com\/wp-content\/uploads\/2021\/03\/2021-03-15-B-249x140.png 249w, https:\/\/europa2velos.com\/wp-content\/uploads\/2021\/03\/2021-03-15-B-232x130.png 232w, https:\/\/europa2velos.com\/wp-content\/uploads\/2021\/03\/2021-03-15-B-344x193.png 344w, https:\/\/europa2velos.com\/wp-content\/uploads\/2021\/03\/2021-03-15-B.png 1920w\" sizes=\"(max-width: 1024px) 100vw, 1024px\" \/><\/figure>\n\n\n\n<p>Lundi 15 mars<\/p>\n\n\n\n<p>Visite de la ville avec les filles, on mange quelques sp\u00e9cialit\u00e9s et on rigole bien.<\/p>\n\n\n\n<p>Le soir on boit des bi\u00e8res dans un parc, puis on va&nbsp;:<\/p>\n\n\n\n<ul><li>\u00e9couter un concert de musique turque traditionnel dans une salle des quartiers chics<\/li><li>sagement au lit de bonne heure pour \u00eatre en forme demain en vue de visiter le vieil Istanbul<\/li><li>finir la soir\u00e9e en beaut\u00e9 chez nos nouvelles amies, Ceren, Menek\u015fe et Gulcihan<\/li><li>filmer la vie nocturne d\u2019Istanbul \u00e0 la demande de JP<\/li><\/ul>\n\n\n\n<p><em>(*) Cocher la bonne r\u00e9ponse : voir en fin de blog les r\u00e8gles de notre grand jeu-concours<\/em><\/p>\n\n\n\n<figure class=\"wp-block-image size-large\"><img loading=\"lazy\" width=\"821\" height=\"1024\" src=\"http:\/\/europa2velos.com\/wp-content\/uploads\/2021\/03\/3D02F5B1-B4AD-4883-8B1D-30E9786EBE7F-821x1024.jpg\" alt=\"\" class=\"wp-image-2521\" srcset=\"https:\/\/europa2velos.com\/wp-content\/uploads\/2021\/03\/3D02F5B1-B4AD-4883-8B1D-30E9786EBE7F-821x1024.jpg 821w, https:\/\/europa2velos.com\/wp-content\/uploads\/2021\/03\/3D02F5B1-B4AD-4883-8B1D-30E9786EBE7F-241x300.jpg 241w, https:\/\/europa2velos.com\/wp-content\/uploads\/2021\/03\/3D02F5B1-B4AD-4883-8B1D-30E9786EBE7F-768x958.jpg 768w, https:\/\/europa2velos.com\/wp-content\/uploads\/2021\/03\/3D02F5B1-B4AD-4883-8B1D-30E9786EBE7F-1232x1536.jpg 1232w, https:\/\/europa2velos.com\/wp-content\/uploads\/2021\/03\/3D02F5B1-B4AD-4883-8B1D-30E9786EBE7F-1642x2048.jpg 1642w\" sizes=\"(max-width: 821px) 100vw, 821px\" \/><figcaption>Arts de la table, encore une fois&#8230;<\/figcaption><\/figure>\n\n\n\n<figure class=\"wp-block-image size-large\"><img loading=\"lazy\" width=\"1024\" height=\"576\" src=\"http:\/\/europa2velos.com\/wp-content\/uploads\/2021\/03\/BE8AD639-D17A-4AB6-B38B-EAACD6557B4C-1024x576.jpg\" alt=\"\" class=\"wp-image-2500\" srcset=\"https:\/\/europa2velos.com\/wp-content\/uploads\/2021\/03\/BE8AD639-D17A-4AB6-B38B-EAACD6557B4C-1024x576.jpg 1024w, https:\/\/europa2velos.com\/wp-content\/uploads\/2021\/03\/BE8AD639-D17A-4AB6-B38B-EAACD6557B4C-300x169.jpg 300w, https:\/\/europa2velos.com\/wp-content\/uploads\/2021\/03\/BE8AD639-D17A-4AB6-B38B-EAACD6557B4C-768x432.jpg 768w, https:\/\/europa2velos.com\/wp-content\/uploads\/2021\/03\/BE8AD639-D17A-4AB6-B38B-EAACD6557B4C-1536x864.jpg 1536w, https:\/\/europa2velos.com\/wp-content\/uploads\/2021\/03\/BE8AD639-D17A-4AB6-B38B-EAACD6557B4C-2048x1152.jpg 2048w, https:\/\/europa2velos.com\/wp-content\/uploads\/2021\/03\/BE8AD639-D17A-4AB6-B38B-EAACD6557B4C-1104x621.jpg 1104w, https:\/\/europa2velos.com\/wp-content\/uploads\/2021\/03\/BE8AD639-D17A-4AB6-B38B-EAACD6557B4C-366x205.jpg 366w, https:\/\/europa2velos.com\/wp-content\/uploads\/2021\/03\/BE8AD639-D17A-4AB6-B38B-EAACD6557B4C-534x300.jpg 534w, https:\/\/europa2velos.com\/wp-content\/uploads\/2021\/03\/BE8AD639-D17A-4AB6-B38B-EAACD6557B4C-165x92.jpg 165w, https:\/\/europa2velos.com\/wp-content\/uploads\/2021\/03\/BE8AD639-D17A-4AB6-B38B-EAACD6557B4C-249x140.jpg 249w, https:\/\/europa2velos.com\/wp-content\/uploads\/2021\/03\/BE8AD639-D17A-4AB6-B38B-EAACD6557B4C-232x130.jpg 232w, https:\/\/europa2velos.com\/wp-content\/uploads\/2021\/03\/BE8AD639-D17A-4AB6-B38B-EAACD6557B4C-344x193.jpg 344w\" sizes=\"(max-width: 1024px) 100vw, 1024px\" \/><figcaption>Istanbul en bonne compagnie.<\/figcaption><\/figure>\n\n\n\n<figure class=\"wp-block-image size-large\"><img loading=\"lazy\" width=\"1024\" height=\"576\" src=\"http:\/\/europa2velos.com\/wp-content\/uploads\/2021\/03\/18C981D1-15D4-4750-A391-3FF910BB871C-1024x576.jpg\" alt=\"\" class=\"wp-image-2501\" srcset=\"https:\/\/europa2velos.com\/wp-content\/uploads\/2021\/03\/18C981D1-15D4-4750-A391-3FF910BB871C-1024x576.jpg 1024w, https:\/\/europa2velos.com\/wp-content\/uploads\/2021\/03\/18C981D1-15D4-4750-A391-3FF910BB871C-300x169.jpg 300w, https:\/\/europa2velos.com\/wp-content\/uploads\/2021\/03\/18C981D1-15D4-4750-A391-3FF910BB871C-768x432.jpg 768w, https:\/\/europa2velos.com\/wp-content\/uploads\/2021\/03\/18C981D1-15D4-4750-A391-3FF910BB871C-1536x864.jpg 1536w, https:\/\/europa2velos.com\/wp-content\/uploads\/2021\/03\/18C981D1-15D4-4750-A391-3FF910BB871C-2048x1152.jpg 2048w, https:\/\/europa2velos.com\/wp-content\/uploads\/2021\/03\/18C981D1-15D4-4750-A391-3FF910BB871C-1104x621.jpg 1104w, https:\/\/europa2velos.com\/wp-content\/uploads\/2021\/03\/18C981D1-15D4-4750-A391-3FF910BB871C-366x205.jpg 366w, https:\/\/europa2velos.com\/wp-content\/uploads\/2021\/03\/18C981D1-15D4-4750-A391-3FF910BB871C-534x300.jpg 534w, https:\/\/europa2velos.com\/wp-content\/uploads\/2021\/03\/18C981D1-15D4-4750-A391-3FF910BB871C-165x92.jpg 165w, https:\/\/europa2velos.com\/wp-content\/uploads\/2021\/03\/18C981D1-15D4-4750-A391-3FF910BB871C-249x140.jpg 249w, https:\/\/europa2velos.com\/wp-content\/uploads\/2021\/03\/18C981D1-15D4-4750-A391-3FF910BB871C-232x130.jpg 232w, https:\/\/europa2velos.com\/wp-content\/uploads\/2021\/03\/18C981D1-15D4-4750-A391-3FF910BB871C-344x193.jpg 344w\" sizes=\"(max-width: 1024px) 100vw, 1024px\" \/><figcaption>Toujours potes, quoi qu&#8217;il arrive !<\/figcaption><\/figure>\n\n\n\n<figure class=\"wp-block-image size-large\"><img loading=\"lazy\" width=\"1024\" height=\"535\" src=\"http:\/\/europa2velos.com\/wp-content\/uploads\/2021\/03\/IMG_20210315_154746-1024x535.jpg\" alt=\"\" class=\"wp-image-2502\" srcset=\"https:\/\/europa2velos.com\/wp-content\/uploads\/2021\/03\/IMG_20210315_154746-1024x535.jpg 1024w, https:\/\/europa2velos.com\/wp-content\/uploads\/2021\/03\/IMG_20210315_154746-300x157.jpg 300w, https:\/\/europa2velos.com\/wp-content\/uploads\/2021\/03\/IMG_20210315_154746-768x401.jpg 768w, https:\/\/europa2velos.com\/wp-content\/uploads\/2021\/03\/IMG_20210315_154746-1536x802.jpg 1536w, https:\/\/europa2velos.com\/wp-content\/uploads\/2021\/03\/IMG_20210315_154746-2048x1069.jpg 2048w\" sizes=\"(max-width: 1024px) 100vw, 1024px\" \/><figcaption>Au coeur d&#8217;Istanbul.<\/figcaption><\/figure>\n\n\n\n<figure class=\"wp-block-image size-large\"><img loading=\"lazy\" width=\"836\" height=\"1024\" src=\"http:\/\/europa2velos.com\/wp-content\/uploads\/2021\/03\/IMG_20210315_155758-836x1024.jpg\" alt=\"\" class=\"wp-image-2519\" srcset=\"https:\/\/europa2velos.com\/wp-content\/uploads\/2021\/03\/IMG_20210315_155758-836x1024.jpg 836w, https:\/\/europa2velos.com\/wp-content\/uploads\/2021\/03\/IMG_20210315_155758-245x300.jpg 245w, https:\/\/europa2velos.com\/wp-content\/uploads\/2021\/03\/IMG_20210315_155758-768x941.jpg 768w, https:\/\/europa2velos.com\/wp-content\/uploads\/2021\/03\/IMG_20210315_155758-1254x1536.jpg 1254w, https:\/\/europa2velos.com\/wp-content\/uploads\/2021\/03\/IMG_20210315_155758-1672x2048.jpg 1672w\" sizes=\"(max-width: 836px) 100vw, 836px\" \/><figcaption>On n&#8217;est pas l\u00e0 pour foutre le bazar (m\u00eame Justin a pas os\u00e9 la faire, celle-l\u00e0 !)<\/figcaption><\/figure>\n\n\n\n<figure class=\"wp-block-image size-large\"><img loading=\"lazy\" width=\"907\" height=\"1024\" src=\"http:\/\/europa2velos.com\/wp-content\/uploads\/2021\/03\/IMG_20210315_155243-907x1024.jpg\" alt=\"\" class=\"wp-image-2504\" srcset=\"https:\/\/europa2velos.com\/wp-content\/uploads\/2021\/03\/IMG_20210315_155243-907x1024.jpg 907w, https:\/\/europa2velos.com\/wp-content\/uploads\/2021\/03\/IMG_20210315_155243-266x300.jpg 266w, https:\/\/europa2velos.com\/wp-content\/uploads\/2021\/03\/IMG_20210315_155243-768x867.jpg 768w, https:\/\/europa2velos.com\/wp-content\/uploads\/2021\/03\/IMG_20210315_155243-1360x1536.jpg 1360w, https:\/\/europa2velos.com\/wp-content\/uploads\/2021\/03\/IMG_20210315_155243-1814x2048.jpg 1814w\" sizes=\"(max-width: 907px) 100vw, 907px\" \/><figcaption>&#8220;Maman, je te rapporte un beau tapis pas cher&#8221; (s&#8217;il survit aux 4000 km de v\u00e9los qui nous restent \u00e0 faire&#8230;)<\/figcaption><\/figure>\n\n\n\n<figure class=\"wp-block-image size-large\"><img loading=\"lazy\" width=\"913\" height=\"1024\" src=\"http:\/\/europa2velos.com\/wp-content\/uploads\/2021\/03\/IMG_20210315_155336-913x1024.jpg\" alt=\"\" class=\"wp-image-2503\" srcset=\"https:\/\/europa2velos.com\/wp-content\/uploads\/2021\/03\/IMG_20210315_155336-913x1024.jpg 913w, https:\/\/europa2velos.com\/wp-content\/uploads\/2021\/03\/IMG_20210315_155336-267x300.jpg 267w, https:\/\/europa2velos.com\/wp-content\/uploads\/2021\/03\/IMG_20210315_155336-768x861.jpg 768w, https:\/\/europa2velos.com\/wp-content\/uploads\/2021\/03\/IMG_20210315_155336-1369x1536.jpg 1369w, https:\/\/europa2velos.com\/wp-content\/uploads\/2021\/03\/IMG_20210315_155336-1826x2048.jpg 1826w\" sizes=\"(max-width: 913px) 100vw, 913px\" \/><figcaption>Une galerie commer\u00e7ante \u00e0 la fr\u00e9quentation tr\u00e8s f\u00e9minine&#8230;<\/figcaption><\/figure>\n\n\n\n<figure class=\"wp-block-image size-large\"><img loading=\"lazy\" width=\"892\" height=\"1024\" src=\"http:\/\/europa2velos.com\/wp-content\/uploads\/2021\/03\/IMG_20210315_155755-892x1024.jpg\" alt=\"\" class=\"wp-image-2505\" srcset=\"https:\/\/europa2velos.com\/wp-content\/uploads\/2021\/03\/IMG_20210315_155755-892x1024.jpg 892w, https:\/\/europa2velos.com\/wp-content\/uploads\/2021\/03\/IMG_20210315_155755-261x300.jpg 261w, https:\/\/europa2velos.com\/wp-content\/uploads\/2021\/03\/IMG_20210315_155755-768x882.jpg 768w, https:\/\/europa2velos.com\/wp-content\/uploads\/2021\/03\/IMG_20210315_155755-1338x1536.jpg 1338w, https:\/\/europa2velos.com\/wp-content\/uploads\/2021\/03\/IMG_20210315_155755-1784x2048.jpg 1784w\" sizes=\"(max-width: 892px) 100vw, 892px\" \/><figcaption>Elio va-t-il enfin trouver chaussure \u00e0 son pied (le gauche bien s\u00fbr) ?<\/figcaption><\/figure>\n\n\n\n<figure class=\"wp-block-image size-large\"><img loading=\"lazy\" width=\"1024\" height=\"951\" src=\"http:\/\/europa2velos.com\/wp-content\/uploads\/2021\/03\/IMG_20210315_161847-1024x951.jpg\" alt=\"\" class=\"wp-image-2506\" srcset=\"https:\/\/europa2velos.com\/wp-content\/uploads\/2021\/03\/IMG_20210315_161847-1024x951.jpg 1024w, https:\/\/europa2velos.com\/wp-content\/uploads\/2021\/03\/IMG_20210315_161847-300x279.jpg 300w, https:\/\/europa2velos.com\/wp-content\/uploads\/2021\/03\/IMG_20210315_161847-768x713.jpg 768w, https:\/\/europa2velos.com\/wp-content\/uploads\/2021\/03\/IMG_20210315_161847-1536x1426.jpg 1536w, https:\/\/europa2velos.com\/wp-content\/uploads\/2021\/03\/IMG_20210315_161847-2048x1901.jpg 2048w\" sizes=\"(max-width: 1024px) 100vw, 1024px\" \/><\/figure>\n\n\n\n<figure class=\"wp-block-image size-large\"><img loading=\"lazy\" width=\"1024\" height=\"991\" src=\"http:\/\/europa2velos.com\/wp-content\/uploads\/2021\/03\/IMG_20210315_162308-1024x991.jpg\" alt=\"\" class=\"wp-image-2511\" srcset=\"https:\/\/europa2velos.com\/wp-content\/uploads\/2021\/03\/IMG_20210315_162308-1024x991.jpg 1024w, https:\/\/europa2velos.com\/wp-content\/uploads\/2021\/03\/IMG_20210315_162308-300x290.jpg 300w, https:\/\/europa2velos.com\/wp-content\/uploads\/2021\/03\/IMG_20210315_162308-768x744.jpg 768w, https:\/\/europa2velos.com\/wp-content\/uploads\/2021\/03\/IMG_20210315_162308-1536x1487.jpg 1536w, https:\/\/europa2velos.com\/wp-content\/uploads\/2021\/03\/IMG_20210315_162308-2048x1983.jpg 2048w\" sizes=\"(max-width: 1024px) 100vw, 1024px\" \/><\/figure>\n\n\n\n<figure class=\"wp-block-image size-large\"><img loading=\"lazy\" width=\"892\" height=\"1024\" src=\"http:\/\/europa2velos.com\/wp-content\/uploads\/2021\/03\/IMG_20210315_162310-892x1024.jpg\" alt=\"\" class=\"wp-image-2509\" srcset=\"https:\/\/europa2velos.com\/wp-content\/uploads\/2021\/03\/IMG_20210315_162310-892x1024.jpg 892w, https:\/\/europa2velos.com\/wp-content\/uploads\/2021\/03\/IMG_20210315_162310-261x300.jpg 261w, https:\/\/europa2velos.com\/wp-content\/uploads\/2021\/03\/IMG_20210315_162310-768x881.jpg 768w, https:\/\/europa2velos.com\/wp-content\/uploads\/2021\/03\/IMG_20210315_162310-1339x1536.jpg 1339w, https:\/\/europa2velos.com\/wp-content\/uploads\/2021\/03\/IMG_20210315_162310-1785x2048.jpg 1785w\" sizes=\"(max-width: 892px) 100vw, 892px\" \/><\/figure>\n\n\n\n<figure class=\"wp-block-image size-large\"><img loading=\"lazy\" width=\"768\" height=\"1024\" src=\"http:\/\/europa2velos.com\/wp-content\/uploads\/2021\/03\/IMG_20210315_162605-768x1024.jpg\" alt=\"\" class=\"wp-image-2507\" srcset=\"https:\/\/europa2velos.com\/wp-content\/uploads\/2021\/03\/IMG_20210315_162605-768x1024.jpg 768w, https:\/\/europa2velos.com\/wp-content\/uploads\/2021\/03\/IMG_20210315_162605-225x300.jpg 225w, https:\/\/europa2velos.com\/wp-content\/uploads\/2021\/03\/IMG_20210315_162605-1152x1536.jpg 1152w, https:\/\/europa2velos.com\/wp-content\/uploads\/2021\/03\/IMG_20210315_162605-1536x2048.jpg 1536w, https:\/\/europa2velos.com\/wp-content\/uploads\/2021\/03\/IMG_20210315_162605-scaled.jpg 1920w\" sizes=\"(max-width: 768px) 100vw, 768px\" \/><figcaption>Ce serait juste magnifique, si&#8230;<\/figcaption><\/figure>\n\n\n\n<figure class=\"wp-block-image size-large\"><img loading=\"lazy\" width=\"1024\" height=\"576\" src=\"http:\/\/europa2velos.com\/wp-content\/uploads\/2021\/03\/Capture-de\u0301cran-2021-03-17-a\u0300-11.40.22-2-1024x576.jpg\" alt=\"\" class=\"wp-image-2510\" srcset=\"https:\/\/europa2velos.com\/wp-content\/uploads\/2021\/03\/Capture-de\u0301cran-2021-03-17-a\u0300-11.40.22-2-1024x576.jpg 1024w, https:\/\/europa2velos.com\/wp-content\/uploads\/2021\/03\/Capture-de\u0301cran-2021-03-17-a\u0300-11.40.22-2-300x169.jpg 300w, https:\/\/europa2velos.com\/wp-content\/uploads\/2021\/03\/Capture-de\u0301cran-2021-03-17-a\u0300-11.40.22-2-768x432.jpg 768w, https:\/\/europa2velos.com\/wp-content\/uploads\/2021\/03\/Capture-de\u0301cran-2021-03-17-a\u0300-11.40.22-2-1536x864.jpg 1536w, https:\/\/europa2velos.com\/wp-content\/uploads\/2021\/03\/Capture-de\u0301cran-2021-03-17-a\u0300-11.40.22-2-1104x621.jpg 1104w, https:\/\/europa2velos.com\/wp-content\/uploads\/2021\/03\/Capture-de\u0301cran-2021-03-17-a\u0300-11.40.22-2-366x205.jpg 366w, https:\/\/europa2velos.com\/wp-content\/uploads\/2021\/03\/Capture-de\u0301cran-2021-03-17-a\u0300-11.40.22-2-534x300.jpg 534w, https:\/\/europa2velos.com\/wp-content\/uploads\/2021\/03\/Capture-de\u0301cran-2021-03-17-a\u0300-11.40.22-2-165x92.jpg 165w, https:\/\/europa2velos.com\/wp-content\/uploads\/2021\/03\/Capture-de\u0301cran-2021-03-17-a\u0300-11.40.22-2-249x140.jpg 249w, https:\/\/europa2velos.com\/wp-content\/uploads\/2021\/03\/Capture-de\u0301cran-2021-03-17-a\u0300-11.40.22-2-232x130.jpg 232w, https:\/\/europa2velos.com\/wp-content\/uploads\/2021\/03\/Capture-de\u0301cran-2021-03-17-a\u0300-11.40.22-2-344x193.jpg 344w, https:\/\/europa2velos.com\/wp-content\/uploads\/2021\/03\/Capture-de\u0301cran-2021-03-17-a\u0300-11.40.22-2.jpg 1920w\" sizes=\"(max-width: 1024px) 100vw, 1024px\" \/><figcaption>&#8230;les touristes ne g\u00e2chaient pas tout avec leurs photos&#8230;<\/figcaption><\/figure>\n\n\n\n<figure class=\"wp-block-image size-large\"><img loading=\"lazy\" width=\"1024\" height=\"617\" src=\"http:\/\/europa2velos.com\/wp-content\/uploads\/2021\/03\/Capture-de\u0301cran-2021-03-17-a\u0300-11.40.49-2-1024x617.jpg\" alt=\"\" class=\"wp-image-2508\" srcset=\"https:\/\/europa2velos.com\/wp-content\/uploads\/2021\/03\/Capture-de\u0301cran-2021-03-17-a\u0300-11.40.49-2-1024x617.jpg 1024w, https:\/\/europa2velos.com\/wp-content\/uploads\/2021\/03\/Capture-de\u0301cran-2021-03-17-a\u0300-11.40.49-2-300x181.jpg 300w, https:\/\/europa2velos.com\/wp-content\/uploads\/2021\/03\/Capture-de\u0301cran-2021-03-17-a\u0300-11.40.49-2-768x463.jpg 768w, https:\/\/europa2velos.com\/wp-content\/uploads\/2021\/03\/Capture-de\u0301cran-2021-03-17-a\u0300-11.40.49-2-1536x926.jpg 1536w, https:\/\/europa2velos.com\/wp-content\/uploads\/2021\/03\/Capture-de\u0301cran-2021-03-17-a\u0300-11.40.49-2.jpg 1791w\" sizes=\"(max-width: 1024px) 100vw, 1024px\" \/><figcaption>&#8230;et leurs num\u00e9ros \u00e0 la Michael Jackson.<\/figcaption><\/figure>\n\n\n\n<figure class=\"wp-block-image size-large\"><img loading=\"lazy\" width=\"1024\" height=\"619\" src=\"http:\/\/europa2velos.com\/wp-content\/uploads\/2021\/03\/IMG_20210315_183339-1024x619.jpg\" alt=\"\" class=\"wp-image-2512\" srcset=\"https:\/\/europa2velos.com\/wp-content\/uploads\/2021\/03\/IMG_20210315_183339-1024x619.jpg 1024w, https:\/\/europa2velos.com\/wp-content\/uploads\/2021\/03\/IMG_20210315_183339-300x181.jpg 300w, https:\/\/europa2velos.com\/wp-content\/uploads\/2021\/03\/IMG_20210315_183339-768x464.jpg 768w, https:\/\/europa2velos.com\/wp-content\/uploads\/2021\/03\/IMG_20210315_183339-1536x929.jpg 1536w, https:\/\/europa2velos.com\/wp-content\/uploads\/2021\/03\/IMG_20210315_183339-2048x1238.jpg 2048w\" sizes=\"(max-width: 1024px) 100vw, 1024px\" \/><figcaption>Restent les couchers de soleil&#8230;<\/figcaption><\/figure>\n\n\n\n<figure class=\"wp-block-image size-large\"><img loading=\"lazy\" width=\"1024\" height=\"606\" src=\"http:\/\/europa2velos.com\/wp-content\/uploads\/2021\/03\/IMG_20210315_184334-1024x606.jpg\" alt=\"\" class=\"wp-image-2513\" srcset=\"https:\/\/europa2velos.com\/wp-content\/uploads\/2021\/03\/IMG_20210315_184334-1024x606.jpg 1024w, https:\/\/europa2velos.com\/wp-content\/uploads\/2021\/03\/IMG_20210315_184334-300x177.jpg 300w, https:\/\/europa2velos.com\/wp-content\/uploads\/2021\/03\/IMG_20210315_184334-768x454.jpg 768w, https:\/\/europa2velos.com\/wp-content\/uploads\/2021\/03\/IMG_20210315_184334-1536x909.jpg 1536w, https:\/\/europa2velos.com\/wp-content\/uploads\/2021\/03\/IMG_20210315_184334-2048x1212.jpg 2048w\" sizes=\"(max-width: 1024px) 100vw, 1024px\" \/><figcaption>&#8230;so romantic&#8230;<\/figcaption><\/figure>\n\n\n\n<figure class=\"wp-block-image size-large\"><img loading=\"lazy\" width=\"1024\" height=\"627\" src=\"http:\/\/europa2velos.com\/wp-content\/uploads\/2021\/03\/1969DBB0-9F3A-49CF-A5EF-DE9EB47ED862-1024x627.jpg\" alt=\"\" class=\"wp-image-2518\" srcset=\"https:\/\/europa2velos.com\/wp-content\/uploads\/2021\/03\/1969DBB0-9F3A-49CF-A5EF-DE9EB47ED862-1024x627.jpg 1024w, https:\/\/europa2velos.com\/wp-content\/uploads\/2021\/03\/1969DBB0-9F3A-49CF-A5EF-DE9EB47ED862-300x184.jpg 300w, https:\/\/europa2velos.com\/wp-content\/uploads\/2021\/03\/1969DBB0-9F3A-49CF-A5EF-DE9EB47ED862-768x470.jpg 768w, https:\/\/europa2velos.com\/wp-content\/uploads\/2021\/03\/1969DBB0-9F3A-49CF-A5EF-DE9EB47ED862-1536x940.jpg 1536w, https:\/\/europa2velos.com\/wp-content\/uploads\/2021\/03\/1969DBB0-9F3A-49CF-A5EF-DE9EB47ED862-2048x1253.jpg 2048w\" sizes=\"(max-width: 1024px) 100vw, 1024px\" \/><figcaption>&#8230;so romantic ?<\/figcaption><\/figure>\n\n\n\n<figure class=\"wp-block-image size-large\"><img loading=\"lazy\" width=\"1024\" height=\"576\" src=\"http:\/\/europa2velos.com\/wp-content\/uploads\/2021\/03\/2021-03-16-B-1024x576.png\" alt=\"\" class=\"wp-image-2479\" srcset=\"https:\/\/europa2velos.com\/wp-content\/uploads\/2021\/03\/2021-03-16-B-1024x576.png 1024w, https:\/\/europa2velos.com\/wp-content\/uploads\/2021\/03\/2021-03-16-B-300x169.png 300w, https:\/\/europa2velos.com\/wp-content\/uploads\/2021\/03\/2021-03-16-B-768x432.png 768w, https:\/\/europa2velos.com\/wp-content\/uploads\/2021\/03\/2021-03-16-B-1536x864.png 1536w, https:\/\/europa2velos.com\/wp-content\/uploads\/2021\/03\/2021-03-16-B-1104x621.png 1104w, https:\/\/europa2velos.com\/wp-content\/uploads\/2021\/03\/2021-03-16-B-366x205.png 366w, https:\/\/europa2velos.com\/wp-content\/uploads\/2021\/03\/2021-03-16-B-534x300.png 534w, https:\/\/europa2velos.com\/wp-content\/uploads\/2021\/03\/2021-03-16-B-165x92.png 165w, https:\/\/europa2velos.com\/wp-content\/uploads\/2021\/03\/2021-03-16-B-249x140.png 249w, https:\/\/europa2velos.com\/wp-content\/uploads\/2021\/03\/2021-03-16-B-232x130.png 232w, https:\/\/europa2velos.com\/wp-content\/uploads\/2021\/03\/2021-03-16-B-344x193.png 344w, https:\/\/europa2velos.com\/wp-content\/uploads\/2021\/03\/2021-03-16-B.png 1920w\" sizes=\"(max-width: 1024px) 100vw, 1024px\" \/><\/figure>\n\n\n\n<p>Mardi 16 mars<\/p>\n\n\n\n<p>Ce matin Justin se propose un nouveau challenge, il va&nbsp;:<\/p>\n\n\n\n<ul><li>dans la mer pas tr\u00e8s calme et bien fra\u00eeche&nbsp;: \u00ab&nbsp;<em>L&#8217;eau \u00e0 9 degr\u00e9s, \u00e7a pique<\/em> \ud83d\ude2c&nbsp;\u00bb<\/li><li>apprendre une danse traditionnelle turque avec Berra et Elif, sans qu\u2019Elio pique un fou rire \u00e0 son tour&nbsp;: \u00ab&nbsp;<em>Les pas de c\u00f4t\u00e9, c\u2019est pas \u00e9vident<\/em> \ud83d\ude44&nbsp;\u00bb<\/li><li>faire l\u2019aller-retour \u00e0 v\u00e9lo jusqu\u2019\u00e0 l\u2019embarcad\u00e8re du Bosphore en moins d\u2019une heure&nbsp;: \u00ab&nbsp;<em>Le probl\u00e8me avec la Rakia, c\u2019est que \u00e7a coupe les jambes<\/em> \ud83e\udd2a&nbsp;\u00bb<\/li><\/ul>\n\n\n\n<p>Puis on va de nouveau en ville avec toutes les filles.<\/p>\n\n\n\n<p>Le soir on refait une petite soir\u00e9e chez les trois s\u0153urs copines de nos h\u00f4tes. On se couche pour la troisi\u00e8me fois cons\u00e9cutive apr\u00e8s 3h du mat \ud83d\ude30<\/p>\n\n\n\n<p>Et en conclusion de notre jeu-concours, Justin esp\u00e8re arriver \u00e0 ses fins avec&nbsp;:<\/p>\n\n\n\n<ul><li>Berra&nbsp;?<\/li><li>Ceren&nbsp;?<\/li><li>Gulcihan&nbsp;?<\/li><\/ul>\n\n\n\n<p>Et Elio de son c\u00f4t\u00e9, est-ce avec&nbsp;:<\/p>\n\n\n\n<ul><li>Elif&nbsp;?<\/li><li>Menek\u015fe&nbsp;?<\/li><li>Zehra&nbsp;?<\/li><\/ul>\n\n\n\n<p><em>R\u00e9ponses \u00e0 donner dans les commentaires (ci-dessous). Celui ou celle qui aura le premier toutes les bonnes r\u00e9ponses gagne deux nuits sous la tente avec Elio et Justin, quand ils feront leur quarantaine roumaine dans un terrain vague de la banlieue de Bucarest. Trop bien, non ?<\/em><\/p>\n\n\n\n<figure class=\"wp-block-image size-large\"><img loading=\"lazy\" width=\"1024\" height=\"768\" src=\"http:\/\/europa2velos.com\/wp-content\/uploads\/2021\/03\/IMG-20210317-WA0029-1024x768.jpg\" alt=\"\" class=\"wp-image-2520\" srcset=\"https:\/\/europa2velos.com\/wp-content\/uploads\/2021\/03\/IMG-20210317-WA0029-1024x768.jpg 1024w, https:\/\/europa2velos.com\/wp-content\/uploads\/2021\/03\/IMG-20210317-WA0029-300x225.jpg 300w, https:\/\/europa2velos.com\/wp-content\/uploads\/2021\/03\/IMG-20210317-WA0029-768x576.jpg 768w, https:\/\/europa2velos.com\/wp-content\/uploads\/2021\/03\/IMG-20210317-WA0029-1536x1152.jpg 1536w, https:\/\/europa2velos.com\/wp-content\/uploads\/2021\/03\/IMG-20210317-WA0029.jpg 1600w\" sizes=\"(max-width: 1024px) 100vw, 1024px\" \/><figcaption>Toujours complices&#8230;<\/figcaption><\/figure>\n\n\n\n<figure class=\"wp-block-image size-large\"><img loading=\"lazy\" width=\"598\" height=\"373\" src=\"http:\/\/europa2velos.com\/wp-content\/uploads\/2021\/03\/Capture-de\u0301cran-2021-03-17-a\u0300-13.32.27-2.jpg\" alt=\"\" class=\"wp-image-2531\" srcset=\"https:\/\/europa2velos.com\/wp-content\/uploads\/2021\/03\/Capture-de\u0301cran-2021-03-17-a\u0300-13.32.27-2.jpg 598w, https:\/\/europa2velos.com\/wp-content\/uploads\/2021\/03\/Capture-de\u0301cran-2021-03-17-a\u0300-13.32.27-2-300x187.jpg 300w\" sizes=\"(max-width: 598px) 100vw, 598px\" \/><figcaption>Gla, gla&#8230;<\/figcaption><\/figure>\n\n\n\n<figure class=\"wp-block-image size-large\"><img loading=\"lazy\" width=\"1024\" height=\"680\" src=\"http:\/\/europa2velos.com\/wp-content\/uploads\/2021\/03\/IMG_20210316_184450-1024x680.jpg\" alt=\"\" class=\"wp-image-2517\" srcset=\"https:\/\/europa2velos.com\/wp-content\/uploads\/2021\/03\/IMG_20210316_184450-1024x680.jpg 1024w, https:\/\/europa2velos.com\/wp-content\/uploads\/2021\/03\/IMG_20210316_184450-300x199.jpg 300w, https:\/\/europa2velos.com\/wp-content\/uploads\/2021\/03\/IMG_20210316_184450-768x510.jpg 768w, https:\/\/europa2velos.com\/wp-content\/uploads\/2021\/03\/IMG_20210316_184450-1536x1021.jpg 1536w, https:\/\/europa2velos.com\/wp-content\/uploads\/2021\/03\/IMG_20210316_184450-2048x1361.jpg 2048w, https:\/\/europa2velos.com\/wp-content\/uploads\/2021\/03\/IMG_20210316_184450-76x50.jpg 76w, https:\/\/europa2velos.com\/wp-content\/uploads\/2021\/03\/IMG_20210316_184450-123x82.jpg 123w, https:\/\/europa2velos.com\/wp-content\/uploads\/2021\/03\/IMG_20210316_184450-83x55.jpg 83w, https:\/\/europa2velos.com\/wp-content\/uploads\/2021\/03\/IMG_20210316_184450-125x83.jpg 125w\" sizes=\"(max-width: 1024px) 100vw, 1024px\" \/><figcaption>Mmmh, cette tour dress\u00e9e vers le ciel, \u00e7a vous \u00e9voque quelque chose, Monsieur Poux ?<\/figcaption><\/figure>\n\n\n\n<figure class=\"wp-block-image size-large\"><img loading=\"lazy\" width=\"581\" height=\"622\" src=\"http:\/\/europa2velos.com\/wp-content\/uploads\/2021\/03\/IMG_20210317_110402_722.jpg\" alt=\"\" class=\"wp-image-2514\" srcset=\"https:\/\/europa2velos.com\/wp-content\/uploads\/2021\/03\/IMG_20210317_110402_722.jpg 581w, https:\/\/europa2velos.com\/wp-content\/uploads\/2021\/03\/IMG_20210317_110402_722-280x300.jpg 280w\" sizes=\"(max-width: 581px) 100vw, 581px\" \/><figcaption>C&#8217;est qui qu&#8217;a l&#8217;plus beau sourire ?<\/figcaption><\/figure>\n\n\n\n<figure class=\"wp-block-image size-large\"><img loading=\"lazy\" width=\"1024\" height=\"584\" src=\"http:\/\/europa2velos.com\/wp-content\/uploads\/2021\/03\/IMG_20210317_110405_377-1024x584.jpg\" alt=\"\" class=\"wp-image-2516\" srcset=\"https:\/\/europa2velos.com\/wp-content\/uploads\/2021\/03\/IMG_20210317_110405_377-1024x584.jpg 1024w, https:\/\/europa2velos.com\/wp-content\/uploads\/2021\/03\/IMG_20210317_110405_377-300x171.jpg 300w, https:\/\/europa2velos.com\/wp-content\/uploads\/2021\/03\/IMG_20210317_110405_377-768x438.jpg 768w, https:\/\/europa2velos.com\/wp-content\/uploads\/2021\/03\/IMG_20210317_110405_377.jpg 1472w\" sizes=\"(max-width: 1024px) 100vw, 1024px\" \/><figcaption>Deux gar\u00e7ons se cachent dans le harem, saurez-vous les reconna\u00eetre ?<\/figcaption><\/figure>\n\n\n\n<figure class=\"wp-block-image size-large\"><img loading=\"lazy\" width=\"745\" height=\"937\" src=\"http:\/\/europa2velos.com\/wp-content\/uploads\/2021\/03\/IMG_20210317_110451_089.jpg\" alt=\"\" class=\"wp-image-2515\" srcset=\"https:\/\/europa2velos.com\/wp-content\/uploads\/2021\/03\/IMG_20210317_110451_089.jpg 745w, https:\/\/europa2velos.com\/wp-content\/uploads\/2021\/03\/IMG_20210317_110451_089-239x300.jpg 239w\" sizes=\"(max-width: 745px) 100vw, 745px\" \/><figcaption>D&#8217;ici quelques mois, il aura la m\u00eame coiffure qu&#8217;elles&#8230;<\/figcaption><\/figure>\n\n\n\n<figure class=\"wp-block-image size-large\"><img loading=\"lazy\" width=\"1024\" height=\"597\" src=\"http:\/\/europa2velos.com\/wp-content\/uploads\/2021\/03\/IMG_20210316_165700-1024x597.jpg\" alt=\"\" class=\"wp-image-2568\" srcset=\"https:\/\/europa2velos.com\/wp-content\/uploads\/2021\/03\/IMG_20210316_165700-1024x597.jpg 1024w, https:\/\/europa2velos.com\/wp-content\/uploads\/2021\/03\/IMG_20210316_165700-300x175.jpg 300w, https:\/\/europa2velos.com\/wp-content\/uploads\/2021\/03\/IMG_20210316_165700-768x448.jpg 768w, https:\/\/europa2velos.com\/wp-content\/uploads\/2021\/03\/IMG_20210316_165700-1536x895.jpg 1536w, https:\/\/europa2velos.com\/wp-content\/uploads\/2021\/03\/IMG_20210316_165700-2048x1194.jpg 2048w\" sizes=\"(max-width: 1024px) 100vw, 1024px\" \/><figcaption>Bosphore, je t&#8217;adore !<\/figcaption><\/figure>\n\n\n\n<figure class=\"wp-block-image size-large is-resized\"><img loading=\"lazy\" src=\"http:\/\/europa2velos.com\/wp-content\/uploads\/2021\/03\/Capture-de\u0301cran-2021-03-17-a\u0300-10.38.57-903x1024.jpg\" alt=\"\" class=\"wp-image-2522\" width=\"798\" height=\"904\" srcset=\"https:\/\/europa2velos.com\/wp-content\/uploads\/2021\/03\/Capture-de\u0301cran-2021-03-17-a\u0300-10.38.57-903x1024.jpg 903w, https:\/\/europa2velos.com\/wp-content\/uploads\/2021\/03\/Capture-de\u0301cran-2021-03-17-a\u0300-10.38.57-265x300.jpg 265w, https:\/\/europa2velos.com\/wp-content\/uploads\/2021\/03\/Capture-de\u0301cran-2021-03-17-a\u0300-10.38.57-768x870.jpg 768w, https:\/\/europa2velos.com\/wp-content\/uploads\/2021\/03\/Capture-de\u0301cran-2021-03-17-a\u0300-10.38.57.jpg 1147w\" sizes=\"(max-width: 798px) 100vw, 798px\" \/><figcaption>Bient\u00f4t en vid\u00e9o&#8230;<\/figcaption><\/figure>\n\n\n\n<figure class=\"wp-block-image size-large\"><img loading=\"lazy\" width=\"763\" height=\"1024\" src=\"http:\/\/europa2velos.com\/wp-content\/uploads\/2021\/03\/Capture-de\u0301cran-2021-03-17-a\u0300-10.39.09-763x1024.jpg\" alt=\"\" class=\"wp-image-2523\" srcset=\"https:\/\/europa2velos.com\/wp-content\/uploads\/2021\/03\/Capture-de\u0301cran-2021-03-17-a\u0300-10.39.09-763x1024.jpg 763w, https:\/\/europa2velos.com\/wp-content\/uploads\/2021\/03\/Capture-de\u0301cran-2021-03-17-a\u0300-10.39.09-224x300.jpg 224w, https:\/\/europa2velos.com\/wp-content\/uploads\/2021\/03\/Capture-de\u0301cran-2021-03-17-a\u0300-10.39.09-768x1031.jpg 768w, https:\/\/europa2velos.com\/wp-content\/uploads\/2021\/03\/Capture-de\u0301cran-2021-03-17-a\u0300-10.39.09-1144x1536.jpg 1144w, https:\/\/europa2velos.com\/wp-content\/uploads\/2021\/03\/Capture-de\u0301cran-2021-03-17-a\u0300-10.39.09.jpg 1163w\" sizes=\"(max-width: 763px) 100vw, 763px\" \/><figcaption>Sont-y pas mignons ?<\/figcaption><\/figure>\n\n\n\n<figure class=\"wp-block-image size-large\"><img loading=\"lazy\" width=\"1024\" height=\"746\" src=\"http:\/\/europa2velos.com\/wp-content\/uploads\/2021\/03\/Capture-de\u0301cran-2021-03-17-a\u0300-10.38.41-1024x746.jpg\" alt=\"\" class=\"wp-image-2524\" srcset=\"https:\/\/europa2velos.com\/wp-content\/uploads\/2021\/03\/Capture-de\u0301cran-2021-03-17-a\u0300-10.38.41-1024x746.jpg 1024w, https:\/\/europa2velos.com\/wp-content\/uploads\/2021\/03\/Capture-de\u0301cran-2021-03-17-a\u0300-10.38.41-300x219.jpg 300w, https:\/\/europa2velos.com\/wp-content\/uploads\/2021\/03\/Capture-de\u0301cran-2021-03-17-a\u0300-10.38.41-768x560.jpg 768w, https:\/\/europa2velos.com\/wp-content\/uploads\/2021\/03\/Capture-de\u0301cran-2021-03-17-a\u0300-10.38.41.jpg 1161w\" sizes=\"(max-width: 1024px) 100vw, 1024px\" \/><figcaption>Extrait d&#8217;une nouvelle pub pour une banque ? une boisson gazeuse ? l&#8217;amiti\u00e9 franco-turque ?<\/figcaption><\/figure>\n\n\n\n<figure class=\"wp-block-image size-large is-resized\"><img loading=\"lazy\" src=\"http:\/\/europa2velos.com\/wp-content\/uploads\/2021\/03\/IMG-20210317-WA0009.jpg\" alt=\"\" class=\"wp-image-2525\" width=\"798\" height=\"583\" srcset=\"https:\/\/europa2velos.com\/wp-content\/uploads\/2021\/03\/IMG-20210317-WA0009.jpg 900w, https:\/\/europa2velos.com\/wp-content\/uploads\/2021\/03\/IMG-20210317-WA0009-300x219.jpg 300w, https:\/\/europa2velos.com\/wp-content\/uploads\/2021\/03\/IMG-20210317-WA0009-768x561.jpg 768w\" sizes=\"(max-width: 798px) 100vw, 798px\" \/><figcaption>Le rock acrobatique, c&#8217;est pas encore \u00e7a&#8230;<\/figcaption><\/figure>\n\n\n\n<p>Et pour finir, notre collection de fous rires :<\/p>\n\n\n\n<figure class=\"wp-block-image size-large\"><img loading=\"lazy\" width=\"1024\" height=\"962\" src=\"http:\/\/europa2velos.com\/wp-content\/uploads\/2021\/03\/3943A34C-91E2-4DFE-88B0-BF9133B75AEF-1024x962.jpg\" alt=\"\" class=\"wp-image-2529\" srcset=\"https:\/\/europa2velos.com\/wp-content\/uploads\/2021\/03\/3943A34C-91E2-4DFE-88B0-BF9133B75AEF-1024x962.jpg 1024w, https:\/\/europa2velos.com\/wp-content\/uploads\/2021\/03\/3943A34C-91E2-4DFE-88B0-BF9133B75AEF-300x282.jpg 300w, https:\/\/europa2velos.com\/wp-content\/uploads\/2021\/03\/3943A34C-91E2-4DFE-88B0-BF9133B75AEF-768x722.jpg 768w, https:\/\/europa2velos.com\/wp-content\/uploads\/2021\/03\/3943A34C-91E2-4DFE-88B0-BF9133B75AEF-1536x1443.jpg 1536w, https:\/\/europa2velos.com\/wp-content\/uploads\/2021\/03\/3943A34C-91E2-4DFE-88B0-BF9133B75AEF-2048x1924.jpg 2048w\" sizes=\"(max-width: 1024px) 100vw, 1024px\" \/><figcaption>Seule&#8230;<\/figcaption><\/figure>\n\n\n\n<figure class=\"wp-block-image size-large\"><img loading=\"lazy\" width=\"1024\" height=\"527\" src=\"http:\/\/europa2velos.com\/wp-content\/uploads\/2021\/03\/Capture-de\u0301cran-2021-03-17-a\u0300-11.42.32-2-1024x527.jpg\" alt=\"\" class=\"wp-image-2526\" srcset=\"https:\/\/europa2velos.com\/wp-content\/uploads\/2021\/03\/Capture-de\u0301cran-2021-03-17-a\u0300-11.42.32-2-1024x527.jpg 1024w, https:\/\/europa2velos.com\/wp-content\/uploads\/2021\/03\/Capture-de\u0301cran-2021-03-17-a\u0300-11.42.32-2-300x154.jpg 300w, https:\/\/europa2velos.com\/wp-content\/uploads\/2021\/03\/Capture-de\u0301cran-2021-03-17-a\u0300-11.42.32-2-768x395.jpg 768w, https:\/\/europa2velos.com\/wp-content\/uploads\/2021\/03\/Capture-de\u0301cran-2021-03-17-a\u0300-11.42.32-2.jpg 1366w\" sizes=\"(max-width: 1024px) 100vw, 1024px\" \/><figcaption>&#8230;\u00e0 deux&#8230;<\/figcaption><\/figure>\n\n\n\n<figure class=\"wp-block-image size-large\"><img loading=\"lazy\" width=\"1024\" height=\"608\" src=\"http:\/\/europa2velos.com\/wp-content\/uploads\/2021\/03\/Capture-de\u0301cran-2021-03-17-a\u0300-11.41.55-2-1024x608.jpg\" alt=\"\" class=\"wp-image-2527\" srcset=\"https:\/\/europa2velos.com\/wp-content\/uploads\/2021\/03\/Capture-de\u0301cran-2021-03-17-a\u0300-11.41.55-2-1024x608.jpg 1024w, https:\/\/europa2velos.com\/wp-content\/uploads\/2021\/03\/Capture-de\u0301cran-2021-03-17-a\u0300-11.41.55-2-300x178.jpg 300w, https:\/\/europa2velos.com\/wp-content\/uploads\/2021\/03\/Capture-de\u0301cran-2021-03-17-a\u0300-11.41.55-2-768x456.jpg 768w, https:\/\/europa2velos.com\/wp-content\/uploads\/2021\/03\/Capture-de\u0301cran-2021-03-17-a\u0300-11.41.55-2.jpg 1283w\" sizes=\"(max-width: 1024px) 100vw, 1024px\" \/><figcaption>&#8230;\u00e0 trois, dans le centre historique&#8230;<\/figcaption><\/figure>\n\n\n\n<figure class=\"wp-block-image size-large\"><img loading=\"lazy\" width=\"1024\" height=\"557\" src=\"http:\/\/europa2velos.com\/wp-content\/uploads\/2021\/03\/Capture-de\u0301cran-2021-03-17-a\u0300-11.43.06-2-1024x557.jpg\" alt=\"\" class=\"wp-image-2528\" srcset=\"https:\/\/europa2velos.com\/wp-content\/uploads\/2021\/03\/Capture-de\u0301cran-2021-03-17-a\u0300-11.43.06-2-1024x557.jpg 1024w, https:\/\/europa2velos.com\/wp-content\/uploads\/2021\/03\/Capture-de\u0301cran-2021-03-17-a\u0300-11.43.06-2-300x163.jpg 300w, https:\/\/europa2velos.com\/wp-content\/uploads\/2021\/03\/Capture-de\u0301cran-2021-03-17-a\u0300-11.43.06-2-768x417.jpg 768w, https:\/\/europa2velos.com\/wp-content\/uploads\/2021\/03\/Capture-de\u0301cran-2021-03-17-a\u0300-11.43.06-2.jpg 1080w\" sizes=\"(max-width: 1024px) 100vw, 1024px\" \/><figcaption>&#8230;ou dans un parc&#8230;<\/figcaption><\/figure>\n\n\n\n<figure class=\"wp-block-image size-large\"><img loading=\"lazy\" width=\"1024\" height=\"581\" src=\"http:\/\/europa2velos.com\/wp-content\/uploads\/2021\/03\/Capture-de\u0301cran-2021-03-17-a\u0300-13.27.52-2-1024x581.jpg\" alt=\"\" class=\"wp-image-2530\" srcset=\"https:\/\/europa2velos.com\/wp-content\/uploads\/2021\/03\/Capture-de\u0301cran-2021-03-17-a\u0300-13.27.52-2-1024x581.jpg 1024w, https:\/\/europa2velos.com\/wp-content\/uploads\/2021\/03\/Capture-de\u0301cran-2021-03-17-a\u0300-13.27.52-2-300x170.jpg 300w, https:\/\/europa2velos.com\/wp-content\/uploads\/2021\/03\/Capture-de\u0301cran-2021-03-17-a\u0300-13.27.52-2-768x435.jpg 768w, https:\/\/europa2velos.com\/wp-content\/uploads\/2021\/03\/Capture-de\u0301cran-2021-03-17-a\u0300-13.27.52-2-249x140.jpg 249w, https:\/\/europa2velos.com\/wp-content\/uploads\/2021\/03\/Capture-de\u0301cran-2021-03-17-a\u0300-13.27.52-2.jpg 1335w\" sizes=\"(max-width: 1024px) 100vw, 1024px\" \/><figcaption>&#8230;ou quand Elio essaie d&#8217;apprendre les pas d&#8217;une danse traditionnelle !<\/figcaption><\/figure>\n\n\n\n<p>Voil\u00e0, cette fois-ci c&#8217;est fini&#8230; pour cette semaine.<\/p>\n","protected":false},"excerpt":{"rendered":"<p>du 10 au 16 mars : Turquie, tr\u00e8s accueillante Istanbul !<\/p>\n","protected":false},"author":1,"featured_media":2470,"comment_status":"open","ping_status":"open","sticky":false,"template":"","format":"standard","meta":[],"categories":[7],"tags":[],"yoast_head":"<!-- This site is optimized with the Yoast SEO plugin v14.0.4 - https:\/\/yoast.com\/wordpress\/plugins\/seo\/ -->\n<title>Parcours : semaine 34 - Europa2velos<\/title>\n<meta name=\"description\" content=\"34\u00e8me semaine du tour d&#039;Europe \u00e0 v\u00e9lo de deux ados sur le th\u00e8me de la transition \u00e9cologique et de la citoyennet\u00e9 europ\u00e9enne : Istanbul.\" \/>\n<meta name=\"robots\" content=\"index, follow\" \/>\n<meta name=\"googlebot\" content=\"index, follow, max-snippet:-1, max-image-preview:large, max-video-preview:-1\" \/>\n<meta name=\"bingbot\" content=\"index, follow, max-snippet:-1, max-image-preview:large, max-video-preview:-1\" \/>\n<link rel=\"canonical\" href=\"http:\/\/europa2velos.com\/index.php\/2021\/03\/17\/parcours-semaine-34\/\" \/>\n<meta property=\"og:locale\" content=\"fr_FR\" \/>\n<meta property=\"og:type\" content=\"article\" \/>\n<meta property=\"og:title\" content=\"Parcours : semaine 34 - Europa2velos\" \/>\n<meta property=\"og:description\" content=\"34\u00e8me semaine du tour d&#039;Europe \u00e0 v\u00e9lo de deux ados sur le th\u00e8me de la transition \u00e9cologique et de la citoyennet\u00e9 europ\u00e9enne : Istanbul.\" \/>\n<meta property=\"og:url\" content=\"http:\/\/europa2velos.com\/index.php\/2021\/03\/17\/parcours-semaine-34\/\" \/>\n<meta property=\"og:site_name\" content=\"Europa2velos\" \/>\n<meta property=\"article:published_time\" content=\"2021-03-17T15:00:06+00:00\" \/>\n<meta property=\"article:modified_time\" content=\"2021-03-27T07:33:01+00:00\" \/>\n<meta property=\"og:image\" content=\"http:\/\/europa2velos.com\/wp-content\/uploads\/2021\/03\/0-2021-03-10-a\u0300-03-16.png\" \/>\n\t<meta property=\"og:image:width\" content=\"1920\" \/>\n\t<meta property=\"og:image:height\" content=\"1080\" \/>\n<meta name=\"twitter:card\" content=\"summary_large_image\" \/>\n<script type=\"application\/ld+json\" class=\"yoast-schema-graph\">{\"@context\":\"https:\/\/schema.org\",\"@graph\":[{\"@type\":\"WebSite\",\"@id\":\"https:\/\/europa2velos.com\/#website\",\"url\":\"https:\/\/europa2velos.com\/\",\"name\":\"Europa2velos\",\"description\":\"Le tour d&#039;Europe \\u00e0 v\\u00e9lo de deux ados\",\"potentialAction\":[{\"@type\":\"SearchAction\",\"target\":\"https:\/\/europa2velos.com\/?s={search_term_string}\",\"query-input\":\"required name=search_term_string\"}],\"inLanguage\":\"fr-FR\"},{\"@type\":\"ImageObject\",\"@id\":\"http:\/\/europa2velos.com\/index.php\/2021\/03\/17\/parcours-semaine-34\/#primaryimage\",\"inLanguage\":\"fr-FR\",\"url\":\"https:\/\/europa2velos.com\/wp-content\/uploads\/2021\/03\/0-2021-03-10-a\\u0300-03-16.png\",\"width\":1920,\"height\":1080},{\"@type\":\"WebPage\",\"@id\":\"http:\/\/europa2velos.com\/index.php\/2021\/03\/17\/parcours-semaine-34\/#webpage\",\"url\":\"http:\/\/europa2velos.com\/index.php\/2021\/03\/17\/parcours-semaine-34\/\",\"name\":\"Parcours : semaine 34 - Europa2velos\",\"isPartOf\":{\"@id\":\"https:\/\/europa2velos.com\/#website\"},\"primaryImageOfPage\":{\"@id\":\"http:\/\/europa2velos.com\/index.php\/2021\/03\/17\/parcours-semaine-34\/#primaryimage\"},\"datePublished\":\"2021-03-17T15:00:06+00:00\",\"dateModified\":\"2021-03-27T07:33:01+00:00\",\"author\":{\"@id\":\"https:\/\/europa2velos.com\/#\/schema\/person\/d5f282be03e5aec06ad6591da1af0324\"},\"description\":\"34\\u00e8me semaine du tour d'Europe \\u00e0 v\\u00e9lo de deux ados sur le th\\u00e8me de la transition \\u00e9cologique et de la citoyennet\\u00e9 europ\\u00e9enne : Istanbul.\",\"inLanguage\":\"fr-FR\",\"potentialAction\":[{\"@type\":\"ReadAction\",\"target\":[\"http:\/\/europa2velos.com\/index.php\/2021\/03\/17\/parcours-semaine-34\/\"]}]},{\"@type\":[\"Person\"],\"@id\":\"https:\/\/europa2velos.com\/#\/schema\/person\/d5f282be03e5aec06ad6591da1af0324\",\"name\":\"Europa2v\\u00e9los\",\"image\":{\"@type\":\"ImageObject\",\"@id\":\"https:\/\/europa2velos.com\/#personlogo\",\"inLanguage\":\"fr-FR\",\"url\":\"https:\/\/secure.gravatar.com\/avatar\/7e55f9fc671b5244d75c5978bf0e7c51?s=96&d=mm&r=g\",\"caption\":\"Europa2v\\u00e9los\"}}]}<\/script>\n<!-- \/ Yoast SEO plugin. -->","_links":{"self":[{"href":"https:\/\/europa2velos.com\/index.php\/wp-json\/wp\/v2\/posts\/2469"}],"collection":[{"href":"https:\/\/europa2velos.com\/index.php\/wp-json\/wp\/v2\/posts"}],"about":[{"href":"https:\/\/europa2velos.com\/index.php\/wp-json\/wp\/v2\/types\/post"}],"author":[{"embeddable":true,"href":"https:\/\/europa2velos.com\/index.php\/wp-json\/wp\/v2\/users\/1"}],"replies":[{"embeddable":true,"href":"https:\/\/europa2velos.com\/index.php\/wp-json\/wp\/v2\/comments?post=2469"}],"version-history":[{"count":4,"href":"https:\/\/europa2velos.com\/index.php\/wp-json\/wp\/v2\/posts\/2469\/revisions"}],"predecessor-version":[{"id":2575,"href":"https:\/\/europa2velos.com\/index.php\/wp-json\/wp\/v2\/posts\/2469\/revisions\/2575"}],"wp:featuredmedia":[{"embeddable":true,"href":"https:\/\/europa2velos.com\/index.php\/wp-json\/wp\/v2\/media\/2470"}],"wp:attachment":[{"href":"https:\/\/europa2velos.com\/index.php\/wp-json\/wp\/v2\/media?parent=2469"}],"wp:term":[{"taxonomy":"category","embeddable":true,"href":"https:\/\/europa2velos.com\/index.php\/wp-json\/wp\/v2\/categories?post=2469"},{"taxonomy":"post_tag","embeddable":true,"href":"https:\/\/europa2velos.com\/index.php\/wp-json\/wp\/v2\/tags?post=2469"}],"curies":[{"name":"wp","href":"https:\/\/api.w.org\/{rel}","templated":true}]}}