{"id":1955,"date":"2021-01-27T22:57:33","date_gmt":"2021-01-27T21:57:33","guid":{"rendered":"http:\/\/europa2velos.com\/?p=1955"},"modified":"2021-03-29T21:07:10","modified_gmt":"2021-03-29T19:07:10","slug":"parcours-semaine-27","status":"publish","type":"post","link":"https:\/\/europa2velos.com\/index.php\/2021\/01\/27\/parcours-semaine-27\/","title":{"rendered":"Parcours : semaine 27"},"content":{"rendered":"\n<figure class=\"wp-block-image size-large\"><img loading=\"lazy\" width=\"1024\" height=\"640\" src=\"http:\/\/europa2velos.com\/wp-content\/uploads\/2021\/01\/0-2021-01-20-a\u0300-26-A-1024x640.png\" alt=\"\" class=\"wp-image-1963\" srcset=\"https:\/\/europa2velos.com\/wp-content\/uploads\/2021\/01\/0-2021-01-20-a\u0300-26-A-1024x640.png 1024w, https:\/\/europa2velos.com\/wp-content\/uploads\/2021\/01\/0-2021-01-20-a\u0300-26-A-300x188.png 300w, https:\/\/europa2velos.com\/wp-content\/uploads\/2021\/01\/0-2021-01-20-a\u0300-26-A-768x480.png 768w, https:\/\/europa2velos.com\/wp-content\/uploads\/2021\/01\/0-2021-01-20-a\u0300-26-A-1536x960.png 1536w, https:\/\/europa2velos.com\/wp-content\/uploads\/2021\/01\/0-2021-01-20-a\u0300-26-A-2048x1280.png 2048w\" sizes=\"(max-width: 1024px) 100vw, 1024px\" \/><\/figure>\n\n\n\n<p>Du\nmercredi 20 au mardi 26 janvier : Par monts et par vaux en Bosnie, via Sarajevo\net Mostar<\/p>\n\n\n\n<p>Au total, nous avons fait maintenant 6 450 km \u00e0 v\u00e9lo depuis le d\u00e9part et travers\u00e9 16 pays.<\/p>\n\n\n\n<p><strong><em>Cartes, photos et journal de voyage de la\nsemaine :<\/em><\/strong><\/p>\n\n\n\n<figure class=\"wp-block-image size-large\"><img loading=\"lazy\" width=\"1024\" height=\"640\" src=\"http:\/\/europa2velos.com\/wp-content\/uploads\/2021\/01\/2021-01-21-A-1-1024x640.png\" alt=\"\" class=\"wp-image-1964\" srcset=\"https:\/\/europa2velos.com\/wp-content\/uploads\/2021\/01\/2021-01-21-A-1-1024x640.png 1024w, https:\/\/europa2velos.com\/wp-content\/uploads\/2021\/01\/2021-01-21-A-1-300x188.png 300w, https:\/\/europa2velos.com\/wp-content\/uploads\/2021\/01\/2021-01-21-A-1-768x480.png 768w, https:\/\/europa2velos.com\/wp-content\/uploads\/2021\/01\/2021-01-21-A-1-1536x960.png 1536w, https:\/\/europa2velos.com\/wp-content\/uploads\/2021\/01\/2021-01-21-A-1-2048x1280.png 2048w\" sizes=\"(max-width: 1024px) 100vw, 1024px\" \/><\/figure>\n\n\n\n<p>Mercredi 20\njanvier&nbsp;: Ce matin on va dans un caf\u00e9 \ud83d\ude1d avec Tihomir et Dragan.\nTihomir part pour une r\u00e9union apr\u00e8s laquelle il propose de nous interviewer. Dragan\npose les questions et Tihomir filme. Il veut mettre l\u2019interview sur la page\nFacebook de son association<\/p>\n\n\n\n<p>On va ensuite d\u00e9jeuner&nbsp;:\ndes <em>\u0107evapi<\/em>, une sp\u00e9cialit\u00e9 d&#8217;ici, de la viande d&#8217;agneau avec du pain\nsp\u00e9cial. Tr\u00e8s nourrissant ! Parfait pour bien d\u00e9marrer une journ\u00e9e de v\u00e9lo.<\/p>\n\n\n\n<p>On commence donc \u00e0\nrouler vers 12h30, il fait 6\/7 degr\u00e9s.<\/p>\n\n\n\n<p>Aujourd&#8217;hui on a un col\nde 600 m de d\u00e9nivel\u00e9 positif sur 30km de long. On pr\u00e9voit de faire une soixantaine\nde kms mais arriv\u00e9s en haut du col, Maps nous fait descendre par des petites\nroutes, tr\u00e8s enneig\u00e9es. On doit donc marcher souvent, on prend du retard et la\nnuit tombe.<\/p>\n\n\n\n<p>Vers 17h un fermier\nnous accoste dans un petit village. Il ne parle pas anglais, c&#8217;est compliqu\u00e9.\nIl remplit nos gourdes dans un ruisseau puis on repart.&nbsp;<\/p>\n\n\n\n<p>Mais dix minutes plus\ntard, on le voit arriver avec son fils sur un tracteur et il nous propose de\nnous ramener chez lui pour dormir dans une serre. Au d\u00e9but on est h\u00e9sitant car\nil nous reste encore 15km, mais finalement on accepte.<\/p>\n\n\n\n<p>On fait la route pour\naller chez lui, sur la remorque d&#8217;un tracteur. Tr\u00e8s amusant mais un peu\ndangereux car le chemin est tr\u00e8s enneig\u00e9.<\/p>\n\n\n\n<p>Il nous sert deux shoots\nd&#8217;un alcool de prune fait maison, puis il nous montre ses vaches. Il nous am\u00e8ne\nl&#8217;\u00e9lectricit\u00e9 dans la serre, nous met de la paille sur le sol. On fait aussi la\nrencontre de sa femme, de sa fille qui a 17ans, de son fils qui a 14 ou 15 ans.\nC&#8217;est plus simple de communiquer maintenant car les deux enfants parlent\nanglais.&nbsp; Ils nous pr\u00eatent des bottes et nous font s\u00e9cher nos chaussures. Ils\ns&#8217;excusent de ne pas nous faire dormir chez eux, mais nous expliquent qu\u2019avec\nle Corona c&#8217;est compliqu\u00e9. Ils nous font \u00e9galement go\u00fbter quelques produits de\nchez eux, leur pain fait maison, leurs saucisses, leur lard, leur fromage&#8230; C&#8217;est\nvraiment super bon et que tout soit fait maison rajoute du charme \u00e0 cette\nd\u00e9gustation.&nbsp;<\/p>\n\n\n\n<figure class=\"wp-block-image size-large\"><img loading=\"lazy\" width=\"1024\" height=\"661\" src=\"http:\/\/europa2velos.com\/wp-content\/uploads\/2021\/01\/IMG_20210120_132406-1024x661.jpg\" alt=\"\" class=\"wp-image-1986\" srcset=\"https:\/\/europa2velos.com\/wp-content\/uploads\/2021\/01\/IMG_20210120_132406-1024x661.jpg 1024w, https:\/\/europa2velos.com\/wp-content\/uploads\/2021\/01\/IMG_20210120_132406-300x194.jpg 300w, https:\/\/europa2velos.com\/wp-content\/uploads\/2021\/01\/IMG_20210120_132406-768x496.jpg 768w, https:\/\/europa2velos.com\/wp-content\/uploads\/2021\/01\/IMG_20210120_132406-1536x991.jpg 1536w, https:\/\/europa2velos.com\/wp-content\/uploads\/2021\/01\/IMG_20210120_132406-2048x1322.jpg 2048w, https:\/\/europa2velos.com\/wp-content\/uploads\/2021\/01\/IMG_20210120_132406-76x50.jpg 76w, https:\/\/europa2velos.com\/wp-content\/uploads\/2021\/01\/IMG_20210120_132406-83x55.jpg 83w\" sizes=\"(max-width: 1024px) 100vw, 1024px\" \/><\/figure>\n\n\n\n<figure class=\"wp-block-image size-large\"><img loading=\"lazy\" width=\"1024\" height=\"556\" src=\"http:\/\/europa2velos.com\/wp-content\/uploads\/2021\/01\/IMG_20210120_141322-1-1024x556.jpg\" alt=\"\" class=\"wp-image-1987\" srcset=\"https:\/\/europa2velos.com\/wp-content\/uploads\/2021\/01\/IMG_20210120_141322-1-1024x556.jpg 1024w, https:\/\/europa2velos.com\/wp-content\/uploads\/2021\/01\/IMG_20210120_141322-1-300x163.jpg 300w, https:\/\/europa2velos.com\/wp-content\/uploads\/2021\/01\/IMG_20210120_141322-1-768x417.jpg 768w, https:\/\/europa2velos.com\/wp-content\/uploads\/2021\/01\/IMG_20210120_141322-1-1536x835.jpg 1536w, https:\/\/europa2velos.com\/wp-content\/uploads\/2021\/01\/IMG_20210120_141322-1-2048x1113.jpg 2048w\" sizes=\"(max-width: 1024px) 100vw, 1024px\" \/><\/figure>\n\n\n\n<figure class=\"wp-block-image size-large\"><img loading=\"lazy\" width=\"1024\" height=\"430\" src=\"http:\/\/europa2velos.com\/wp-content\/uploads\/2021\/01\/0F40B3BC-B9ED-4069-A72B-7F12F69C92B3-1024x430.jpg\" alt=\"\" class=\"wp-image-1965\" srcset=\"https:\/\/europa2velos.com\/wp-content\/uploads\/2021\/01\/0F40B3BC-B9ED-4069-A72B-7F12F69C92B3-1024x430.jpg 1024w, https:\/\/europa2velos.com\/wp-content\/uploads\/2021\/01\/0F40B3BC-B9ED-4069-A72B-7F12F69C92B3-300x126.jpg 300w, https:\/\/europa2velos.com\/wp-content\/uploads\/2021\/01\/0F40B3BC-B9ED-4069-A72B-7F12F69C92B3-768x322.jpg 768w, https:\/\/europa2velos.com\/wp-content\/uploads\/2021\/01\/0F40B3BC-B9ED-4069-A72B-7F12F69C92B3-1536x645.jpg 1536w, https:\/\/europa2velos.com\/wp-content\/uploads\/2021\/01\/0F40B3BC-B9ED-4069-A72B-7F12F69C92B3-2048x859.jpg 2048w\" sizes=\"(max-width: 1024px) 100vw, 1024px\" \/><\/figure>\n\n\n\n<figure class=\"wp-block-image size-large\"><img loading=\"lazy\" width=\"1024\" height=\"544\" src=\"http:\/\/europa2velos.com\/wp-content\/uploads\/2021\/01\/3E418F5F-F730-44FF-A968-4B378A620AC5-1024x544.jpg\" alt=\"\" class=\"wp-image-1967\" srcset=\"https:\/\/europa2velos.com\/wp-content\/uploads\/2021\/01\/3E418F5F-F730-44FF-A968-4B378A620AC5-1024x544.jpg 1024w, https:\/\/europa2velos.com\/wp-content\/uploads\/2021\/01\/3E418F5F-F730-44FF-A968-4B378A620AC5-300x159.jpg 300w, https:\/\/europa2velos.com\/wp-content\/uploads\/2021\/01\/3E418F5F-F730-44FF-A968-4B378A620AC5-768x408.jpg 768w, https:\/\/europa2velos.com\/wp-content\/uploads\/2021\/01\/3E418F5F-F730-44FF-A968-4B378A620AC5-1536x816.jpg 1536w, https:\/\/europa2velos.com\/wp-content\/uploads\/2021\/01\/3E418F5F-F730-44FF-A968-4B378A620AC5-2048x1089.jpg 2048w\" sizes=\"(max-width: 1024px) 100vw, 1024px\" \/><\/figure>\n\n\n\n<figure class=\"wp-block-image size-large\"><img loading=\"lazy\" width=\"1024\" height=\"636\" src=\"http:\/\/europa2velos.com\/wp-content\/uploads\/2021\/01\/IMG_20210120_160212-1024x636.jpg\" alt=\"\" class=\"wp-image-1974\" srcset=\"https:\/\/europa2velos.com\/wp-content\/uploads\/2021\/01\/IMG_20210120_160212-1024x636.jpg 1024w, https:\/\/europa2velos.com\/wp-content\/uploads\/2021\/01\/IMG_20210120_160212-300x186.jpg 300w, https:\/\/europa2velos.com\/wp-content\/uploads\/2021\/01\/IMG_20210120_160212-768x477.jpg 768w, https:\/\/europa2velos.com\/wp-content\/uploads\/2021\/01\/IMG_20210120_160212-1536x954.jpg 1536w, https:\/\/europa2velos.com\/wp-content\/uploads\/2021\/01\/IMG_20210120_160212-2048x1272.jpg 2048w\" sizes=\"(max-width: 1024px) 100vw, 1024px\" \/><\/figure>\n\n\n\n<figure class=\"wp-block-image size-large\"><img loading=\"lazy\" width=\"1024\" height=\"596\" src=\"http:\/\/europa2velos.com\/wp-content\/uploads\/2021\/01\/IMG_20210120_160214-1024x596.jpg\" alt=\"\" class=\"wp-image-1975\" srcset=\"https:\/\/europa2velos.com\/wp-content\/uploads\/2021\/01\/IMG_20210120_160214-1024x596.jpg 1024w, https:\/\/europa2velos.com\/wp-content\/uploads\/2021\/01\/IMG_20210120_160214-300x175.jpg 300w, https:\/\/europa2velos.com\/wp-content\/uploads\/2021\/01\/IMG_20210120_160214-768x447.jpg 768w, https:\/\/europa2velos.com\/wp-content\/uploads\/2021\/01\/IMG_20210120_160214-1536x894.jpg 1536w, https:\/\/europa2velos.com\/wp-content\/uploads\/2021\/01\/IMG_20210120_160214-2048x1192.jpg 2048w\" sizes=\"(max-width: 1024px) 100vw, 1024px\" \/><\/figure>\n\n\n\n<figure class=\"wp-block-image size-large\"><img loading=\"lazy\" width=\"1024\" height=\"624\" src=\"http:\/\/europa2velos.com\/wp-content\/uploads\/2021\/01\/F689FF6F-2E7C-4039-84B0-82D1FACC301A-1024x624.jpg\" alt=\"\" class=\"wp-image-1969\" srcset=\"https:\/\/europa2velos.com\/wp-content\/uploads\/2021\/01\/F689FF6F-2E7C-4039-84B0-82D1FACC301A-1024x624.jpg 1024w, https:\/\/europa2velos.com\/wp-content\/uploads\/2021\/01\/F689FF6F-2E7C-4039-84B0-82D1FACC301A-300x183.jpg 300w, https:\/\/europa2velos.com\/wp-content\/uploads\/2021\/01\/F689FF6F-2E7C-4039-84B0-82D1FACC301A-768x468.jpg 768w, https:\/\/europa2velos.com\/wp-content\/uploads\/2021\/01\/F689FF6F-2E7C-4039-84B0-82D1FACC301A-1536x936.jpg 1536w, https:\/\/europa2velos.com\/wp-content\/uploads\/2021\/01\/F689FF6F-2E7C-4039-84B0-82D1FACC301A-2048x1248.jpg 2048w\" sizes=\"(max-width: 1024px) 100vw, 1024px\" \/><\/figure>\n\n\n\n<figure class=\"wp-block-image size-large\"><img loading=\"lazy\" width=\"1003\" height=\"1024\" src=\"http:\/\/europa2velos.com\/wp-content\/uploads\/2021\/01\/8D287284-EE08-4128-92A9-13BB6414F3FE-1003x1024.jpg\" alt=\"\" class=\"wp-image-1970\" srcset=\"https:\/\/europa2velos.com\/wp-content\/uploads\/2021\/01\/8D287284-EE08-4128-92A9-13BB6414F3FE-1003x1024.jpg 1003w, https:\/\/europa2velos.com\/wp-content\/uploads\/2021\/01\/8D287284-EE08-4128-92A9-13BB6414F3FE-294x300.jpg 294w, https:\/\/europa2velos.com\/wp-content\/uploads\/2021\/01\/8D287284-EE08-4128-92A9-13BB6414F3FE-768x784.jpg 768w, https:\/\/europa2velos.com\/wp-content\/uploads\/2021\/01\/8D287284-EE08-4128-92A9-13BB6414F3FE-1505x1536.jpg 1505w, https:\/\/europa2velos.com\/wp-content\/uploads\/2021\/01\/8D287284-EE08-4128-92A9-13BB6414F3FE-2007x2048.jpg 2007w\" sizes=\"(max-width: 1003px) 100vw, 1003px\" \/><\/figure>\n\n\n\n<figure class=\"wp-block-image size-large\"><img loading=\"lazy\" width=\"768\" height=\"1024\" src=\"http:\/\/europa2velos.com\/wp-content\/uploads\/2021\/01\/9A51BF47-B555-4BB7-9264-FAF919C3ED60-768x1024.jpg\" alt=\"\" class=\"wp-image-1971\" srcset=\"https:\/\/europa2velos.com\/wp-content\/uploads\/2021\/01\/9A51BF47-B555-4BB7-9264-FAF919C3ED60-768x1024.jpg 768w, https:\/\/europa2velos.com\/wp-content\/uploads\/2021\/01\/9A51BF47-B555-4BB7-9264-FAF919C3ED60-225x300.jpg 225w, https:\/\/europa2velos.com\/wp-content\/uploads\/2021\/01\/9A51BF47-B555-4BB7-9264-FAF919C3ED60-1152x1536.jpg 1152w, https:\/\/europa2velos.com\/wp-content\/uploads\/2021\/01\/9A51BF47-B555-4BB7-9264-FAF919C3ED60-1536x2048.jpg 1536w, https:\/\/europa2velos.com\/wp-content\/uploads\/2021\/01\/9A51BF47-B555-4BB7-9264-FAF919C3ED60-scaled.jpg 1920w\" sizes=\"(max-width: 768px) 100vw, 768px\" \/><\/figure>\n\n\n\n<figure class=\"wp-block-image size-large\"><img loading=\"lazy\" width=\"1024\" height=\"768\" src=\"http:\/\/europa2velos.com\/wp-content\/uploads\/2021\/01\/IMG_20210120_212809-1024x768.jpg\" alt=\"\" class=\"wp-image-1976\" srcset=\"https:\/\/europa2velos.com\/wp-content\/uploads\/2021\/01\/IMG_20210120_212809-1024x768.jpg 1024w, https:\/\/europa2velos.com\/wp-content\/uploads\/2021\/01\/IMG_20210120_212809-300x225.jpg 300w, https:\/\/europa2velos.com\/wp-content\/uploads\/2021\/01\/IMG_20210120_212809-768x576.jpg 768w, https:\/\/europa2velos.com\/wp-content\/uploads\/2021\/01\/IMG_20210120_212809-1536x1152.jpg 1536w, https:\/\/europa2velos.com\/wp-content\/uploads\/2021\/01\/IMG_20210120_212809-2048x1536.jpg 2048w\" sizes=\"(max-width: 1024px) 100vw, 1024px\" \/><\/figure>\n\n\n\n<figure class=\"wp-block-image size-large\"><img loading=\"lazy\" width=\"1024\" height=\"542\" src=\"http:\/\/europa2velos.com\/wp-content\/uploads\/2021\/01\/Capture-d\u2019e\u0301cran-2021-01-26-a\u0300-08.43.01-1024x542.jpg\" alt=\"\" class=\"wp-image-1972\" srcset=\"https:\/\/europa2velos.com\/wp-content\/uploads\/2021\/01\/Capture-d\u2019e\u0301cran-2021-01-26-a\u0300-08.43.01-1024x542.jpg 1024w, https:\/\/europa2velos.com\/wp-content\/uploads\/2021\/01\/Capture-d\u2019e\u0301cran-2021-01-26-a\u0300-08.43.01-300x159.jpg 300w, https:\/\/europa2velos.com\/wp-content\/uploads\/2021\/01\/Capture-d\u2019e\u0301cran-2021-01-26-a\u0300-08.43.01-768x407.jpg 768w, https:\/\/europa2velos.com\/wp-content\/uploads\/2021\/01\/Capture-d\u2019e\u0301cran-2021-01-26-a\u0300-08.43.01-1536x813.jpg 1536w, https:\/\/europa2velos.com\/wp-content\/uploads\/2021\/01\/Capture-d\u2019e\u0301cran-2021-01-26-a\u0300-08.43.01-2048x1084.jpg 2048w\" sizes=\"(max-width: 1024px) 100vw, 1024px\" \/><\/figure>\n\n\n\n<figure class=\"wp-block-image size-large\"><img loading=\"lazy\" width=\"1024\" height=\"640\" src=\"http:\/\/europa2velos.com\/wp-content\/uploads\/2021\/01\/2021-01-21-A-1024x640.png\" alt=\"\" class=\"wp-image-1957\" srcset=\"https:\/\/europa2velos.com\/wp-content\/uploads\/2021\/01\/2021-01-21-A-1024x640.png 1024w, https:\/\/europa2velos.com\/wp-content\/uploads\/2021\/01\/2021-01-21-A-300x188.png 300w, https:\/\/europa2velos.com\/wp-content\/uploads\/2021\/01\/2021-01-21-A-768x480.png 768w, https:\/\/europa2velos.com\/wp-content\/uploads\/2021\/01\/2021-01-21-A-1536x960.png 1536w, https:\/\/europa2velos.com\/wp-content\/uploads\/2021\/01\/2021-01-21-A-2048x1280.png 2048w\" sizes=\"(max-width: 1024px) 100vw, 1024px\" \/><\/figure>\n\n\n\n<p>Jeudi 21 janvier : On\npart vers 8h pour accompagner Peter \u00e0 l&#8217;\u00e9cole. Trois kilom\u00e8tres en poussant les\nv\u00e9los avec Peter et deux amis \u00e0 lui. Tr\u00e8s dur, car la neige de la veille a gel\u00e9\net \u00e7a glisse.<\/p>\n\n\n\n<p>Aujourd\u2019hui, la route\ncommence par pas mal de descente, mais on appr\u00e9hende car on sait qu&#8217;un autre\ncol nous attend. Apr\u00e8s une heure de v\u00e9lo, on s&#8217;arr\u00eate pour boire un peu et\nprofiter de la vue, puis on entame une bataille de boules de neige. On se met\ndans la for\u00eat, on construit chacun un abri et on se fait la guerre. Il y a au\nmoins 30cm de neige, alors c&#8217;est tr\u00e8s amusant. Au bout d&#8217;une heure on arr\u00eate,\non est tremp\u00e9 mais on s&#8217;est bien amus\u00e9 !<\/p>\n\n\n\n<p>Puis on reprend la\nroute vers le col. Cette fois ci on part de 500m d&#8217;altitude pour monter jusqu&#8217;\u00e0\n1090 m en une quinzaine de kilom\u00e8tres. Au final on s&#8217;en sort bien et vers 18h\non entame la grosse descente pour aller jusqu&#8217;\u00e0 Travnik, une ville qu&#8217;on voulait\npasser aujourd&#8217;hui.&nbsp;<\/p>\n\n\n\n<p>A l&#8217;entr\u00e9e un homme\nnous accoste et nous invite \u00e0 dormir en tente dans son jardin, puis nous dit\nque demain il nous paiera un bus pour Sarajevo&nbsp;!<\/p>\n\n\n\n<figure class=\"wp-block-image size-large\"><img loading=\"lazy\" width=\"1024\" height=\"556\" src=\"http:\/\/europa2velos.com\/wp-content\/uploads\/2021\/01\/2021-01-21-1-1-1024x556.jpg\" alt=\"\" class=\"wp-image-1978\" srcset=\"https:\/\/europa2velos.com\/wp-content\/uploads\/2021\/01\/2021-01-21-1-1-1024x556.jpg 1024w, https:\/\/europa2velos.com\/wp-content\/uploads\/2021\/01\/2021-01-21-1-1-300x163.jpg 300w, https:\/\/europa2velos.com\/wp-content\/uploads\/2021\/01\/2021-01-21-1-1-768x417.jpg 768w, https:\/\/europa2velos.com\/wp-content\/uploads\/2021\/01\/2021-01-21-1-1-1536x834.jpg 1536w, https:\/\/europa2velos.com\/wp-content\/uploads\/2021\/01\/2021-01-21-1-1-2048x1112.jpg 2048w\" sizes=\"(max-width: 1024px) 100vw, 1024px\" \/><\/figure>\n\n\n\n<figure class=\"wp-block-image size-large\"><img loading=\"lazy\" width=\"1024\" height=\"640\" src=\"http:\/\/europa2velos.com\/wp-content\/uploads\/2021\/01\/2021-01-21-2-1024x640.jpg\" alt=\"\" class=\"wp-image-1979\" srcset=\"https:\/\/europa2velos.com\/wp-content\/uploads\/2021\/01\/2021-01-21-2-1024x640.jpg 1024w, https:\/\/europa2velos.com\/wp-content\/uploads\/2021\/01\/2021-01-21-2-300x188.jpg 300w, https:\/\/europa2velos.com\/wp-content\/uploads\/2021\/01\/2021-01-21-2-768x480.jpg 768w, https:\/\/europa2velos.com\/wp-content\/uploads\/2021\/01\/2021-01-21-2-1536x960.jpg 1536w, https:\/\/europa2velos.com\/wp-content\/uploads\/2021\/01\/2021-01-21-2-2048x1280.jpg 2048w\" sizes=\"(max-width: 1024px) 100vw, 1024px\" \/><\/figure>\n\n\n\n<figure class=\"wp-block-image size-large\"><img loading=\"lazy\" width=\"1024\" height=\"494\" src=\"http:\/\/europa2velos.com\/wp-content\/uploads\/2021\/01\/2021-01-21-3-1024x494.jpg\" alt=\"\" class=\"wp-image-1980\" srcset=\"https:\/\/europa2velos.com\/wp-content\/uploads\/2021\/01\/2021-01-21-3-1024x494.jpg 1024w, https:\/\/europa2velos.com\/wp-content\/uploads\/2021\/01\/2021-01-21-3-300x145.jpg 300w, https:\/\/europa2velos.com\/wp-content\/uploads\/2021\/01\/2021-01-21-3-768x371.jpg 768w, https:\/\/europa2velos.com\/wp-content\/uploads\/2021\/01\/2021-01-21-3-1536x741.jpg 1536w, https:\/\/europa2velos.com\/wp-content\/uploads\/2021\/01\/2021-01-21-3-2048x988.jpg 2048w\" sizes=\"(max-width: 1024px) 100vw, 1024px\" \/><\/figure>\n\n\n\n<figure class=\"wp-block-image size-large\"><img loading=\"lazy\" width=\"1024\" height=\"612\" src=\"http:\/\/europa2velos.com\/wp-content\/uploads\/2021\/01\/B606529D-07FE-416B-916E-04E0498FBC48-1024x612.jpg\" alt=\"\" class=\"wp-image-1981\" srcset=\"https:\/\/europa2velos.com\/wp-content\/uploads\/2021\/01\/B606529D-07FE-416B-916E-04E0498FBC48-1024x612.jpg 1024w, https:\/\/europa2velos.com\/wp-content\/uploads\/2021\/01\/B606529D-07FE-416B-916E-04E0498FBC48-300x179.jpg 300w, https:\/\/europa2velos.com\/wp-content\/uploads\/2021\/01\/B606529D-07FE-416B-916E-04E0498FBC48-768x459.jpg 768w, https:\/\/europa2velos.com\/wp-content\/uploads\/2021\/01\/B606529D-07FE-416B-916E-04E0498FBC48-1536x918.jpg 1536w, https:\/\/europa2velos.com\/wp-content\/uploads\/2021\/01\/B606529D-07FE-416B-916E-04E0498FBC48-2048x1225.jpg 2048w\" sizes=\"(max-width: 1024px) 100vw, 1024px\" \/><\/figure>\n\n\n\n<figure class=\"wp-block-image size-large\"><img loading=\"lazy\" width=\"1024\" height=\"768\" src=\"http:\/\/europa2velos.com\/wp-content\/uploads\/2021\/01\/IMG_20210121_155026-1024x768.jpg\" alt=\"\" class=\"wp-image-1982\" srcset=\"https:\/\/europa2velos.com\/wp-content\/uploads\/2021\/01\/IMG_20210121_155026-1024x768.jpg 1024w, https:\/\/europa2velos.com\/wp-content\/uploads\/2021\/01\/IMG_20210121_155026-300x225.jpg 300w, https:\/\/europa2velos.com\/wp-content\/uploads\/2021\/01\/IMG_20210121_155026-768x576.jpg 768w, https:\/\/europa2velos.com\/wp-content\/uploads\/2021\/01\/IMG_20210121_155026-1536x1152.jpg 1536w, https:\/\/europa2velos.com\/wp-content\/uploads\/2021\/01\/IMG_20210121_155026-2048x1536.jpg 2048w\" sizes=\"(max-width: 1024px) 100vw, 1024px\" \/><\/figure>\n\n\n\n<figure class=\"wp-block-image size-large\"><img loading=\"lazy\" width=\"1024\" height=\"597\" src=\"http:\/\/europa2velos.com\/wp-content\/uploads\/2021\/01\/IMG_20210121_160357_1-1024x597.jpg\" alt=\"\" class=\"wp-image-1983\" srcset=\"https:\/\/europa2velos.com\/wp-content\/uploads\/2021\/01\/IMG_20210121_160357_1-1024x597.jpg 1024w, https:\/\/europa2velos.com\/wp-content\/uploads\/2021\/01\/IMG_20210121_160357_1-300x175.jpg 300w, https:\/\/europa2velos.com\/wp-content\/uploads\/2021\/01\/IMG_20210121_160357_1-768x448.jpg 768w, https:\/\/europa2velos.com\/wp-content\/uploads\/2021\/01\/IMG_20210121_160357_1-1536x896.jpg 1536w, https:\/\/europa2velos.com\/wp-content\/uploads\/2021\/01\/IMG_20210121_160357_1-2048x1195.jpg 2048w\" sizes=\"(max-width: 1024px) 100vw, 1024px\" \/><\/figure>\n\n\n\n<figure class=\"wp-block-image size-large\"><img loading=\"lazy\" width=\"1024\" height=\"527\" src=\"http:\/\/europa2velos.com\/wp-content\/uploads\/2021\/01\/IMG_20210121_163014-1024x527.jpg\" alt=\"\" class=\"wp-image-1984\" srcset=\"https:\/\/europa2velos.com\/wp-content\/uploads\/2021\/01\/IMG_20210121_163014-1024x527.jpg 1024w, https:\/\/europa2velos.com\/wp-content\/uploads\/2021\/01\/IMG_20210121_163014-300x154.jpg 300w, https:\/\/europa2velos.com\/wp-content\/uploads\/2021\/01\/IMG_20210121_163014-768x395.jpg 768w, https:\/\/europa2velos.com\/wp-content\/uploads\/2021\/01\/IMG_20210121_163014-1536x790.jpg 1536w, https:\/\/europa2velos.com\/wp-content\/uploads\/2021\/01\/IMG_20210121_163014-2048x1053.jpg 2048w\" sizes=\"(max-width: 1024px) 100vw, 1024px\" \/><\/figure>\n\n\n\n<figure class=\"wp-block-image size-large\"><img loading=\"lazy\" width=\"1024\" height=\"629\" src=\"http:\/\/europa2velos.com\/wp-content\/uploads\/2021\/01\/8A615263-A95B-4E04-90AA-B69ADE1942CC-1024x629.jpg\" alt=\"\" class=\"wp-image-1985\" srcset=\"https:\/\/europa2velos.com\/wp-content\/uploads\/2021\/01\/8A615263-A95B-4E04-90AA-B69ADE1942CC-1024x629.jpg 1024w, https:\/\/europa2velos.com\/wp-content\/uploads\/2021\/01\/8A615263-A95B-4E04-90AA-B69ADE1942CC-300x184.jpg 300w, https:\/\/europa2velos.com\/wp-content\/uploads\/2021\/01\/8A615263-A95B-4E04-90AA-B69ADE1942CC-768x471.jpg 768w, https:\/\/europa2velos.com\/wp-content\/uploads\/2021\/01\/8A615263-A95B-4E04-90AA-B69ADE1942CC-1536x943.jpg 1536w, https:\/\/europa2velos.com\/wp-content\/uploads\/2021\/01\/8A615263-A95B-4E04-90AA-B69ADE1942CC-2048x1257.jpg 2048w\" sizes=\"(max-width: 1024px) 100vw, 1024px\" \/><\/figure>\n\n\n\n<figure class=\"wp-block-image size-large\"><img loading=\"lazy\" width=\"1024\" height=\"640\" src=\"http:\/\/europa2velos.com\/wp-content\/uploads\/2021\/01\/2021-01-22-A-1024x640.png\" alt=\"\" class=\"wp-image-1958\" srcset=\"https:\/\/europa2velos.com\/wp-content\/uploads\/2021\/01\/2021-01-22-A-1024x640.png 1024w, https:\/\/europa2velos.com\/wp-content\/uploads\/2021\/01\/2021-01-22-A-300x188.png 300w, https:\/\/europa2velos.com\/wp-content\/uploads\/2021\/01\/2021-01-22-A-768x480.png 768w, https:\/\/europa2velos.com\/wp-content\/uploads\/2021\/01\/2021-01-22-A-1536x960.png 1536w, https:\/\/europa2velos.com\/wp-content\/uploads\/2021\/01\/2021-01-22-A-2048x1280.png 2048w\" sizes=\"(max-width: 1024px) 100vw, 1024px\" \/><\/figure>\n\n\n\n<figure class=\"wp-block-image size-large\"><img loading=\"lazy\" width=\"1024\" height=\"607\" src=\"http:\/\/europa2velos.com\/wp-content\/uploads\/2021\/01\/4A1306B6-F06D-497A-A5D6-424FB10E0B82-1024x607.jpg\" alt=\"\" class=\"wp-image-1988\" srcset=\"https:\/\/europa2velos.com\/wp-content\/uploads\/2021\/01\/4A1306B6-F06D-497A-A5D6-424FB10E0B82-1024x607.jpg 1024w, https:\/\/europa2velos.com\/wp-content\/uploads\/2021\/01\/4A1306B6-F06D-497A-A5D6-424FB10E0B82-300x178.jpg 300w, https:\/\/europa2velos.com\/wp-content\/uploads\/2021\/01\/4A1306B6-F06D-497A-A5D6-424FB10E0B82-768x455.jpg 768w, https:\/\/europa2velos.com\/wp-content\/uploads\/2021\/01\/4A1306B6-F06D-497A-A5D6-424FB10E0B82-1536x910.jpg 1536w, https:\/\/europa2velos.com\/wp-content\/uploads\/2021\/01\/4A1306B6-F06D-497A-A5D6-424FB10E0B82-2048x1213.jpg 2048w\" sizes=\"(max-width: 1024px) 100vw, 1024px\" \/><\/figure>\n\n\n\n<figure class=\"wp-block-image size-large\"><img loading=\"lazy\" width=\"1024\" height=\"569\" src=\"http:\/\/europa2velos.com\/wp-content\/uploads\/2021\/01\/1071EC41-9EF1-49A5-A813-B181C90020F9-1024x569.jpg\" alt=\"\" class=\"wp-image-1989\" srcset=\"https:\/\/europa2velos.com\/wp-content\/uploads\/2021\/01\/1071EC41-9EF1-49A5-A813-B181C90020F9-1024x569.jpg 1024w, https:\/\/europa2velos.com\/wp-content\/uploads\/2021\/01\/1071EC41-9EF1-49A5-A813-B181C90020F9-300x167.jpg 300w, https:\/\/europa2velos.com\/wp-content\/uploads\/2021\/01\/1071EC41-9EF1-49A5-A813-B181C90020F9-768x428.jpg 768w, https:\/\/europa2velos.com\/wp-content\/uploads\/2021\/01\/1071EC41-9EF1-49A5-A813-B181C90020F9-1536x854.jpg 1536w, https:\/\/europa2velos.com\/wp-content\/uploads\/2021\/01\/1071EC41-9EF1-49A5-A813-B181C90020F9-2048x1138.jpg 2048w, https:\/\/europa2velos.com\/wp-content\/uploads\/2021\/01\/1071EC41-9EF1-49A5-A813-B181C90020F9-165x92.jpg 165w, https:\/\/europa2velos.com\/wp-content\/uploads\/2021\/01\/1071EC41-9EF1-49A5-A813-B181C90020F9-232x130.jpg 232w\" sizes=\"(max-width: 1024px) 100vw, 1024px\" \/><\/figure>\n\n\n\n<figure class=\"wp-block-image size-large\"><img loading=\"lazy\" width=\"1024\" height=\"650\" src=\"http:\/\/europa2velos.com\/wp-content\/uploads\/2021\/01\/F115904D-A1B9-436C-84B3-9F6D8B49BC72-1024x650.jpg\" alt=\"\" class=\"wp-image-1990\" srcset=\"https:\/\/europa2velos.com\/wp-content\/uploads\/2021\/01\/F115904D-A1B9-436C-84B3-9F6D8B49BC72-1024x650.jpg 1024w, https:\/\/europa2velos.com\/wp-content\/uploads\/2021\/01\/F115904D-A1B9-436C-84B3-9F6D8B49BC72-300x190.jpg 300w, https:\/\/europa2velos.com\/wp-content\/uploads\/2021\/01\/F115904D-A1B9-436C-84B3-9F6D8B49BC72-768x487.jpg 768w, https:\/\/europa2velos.com\/wp-content\/uploads\/2021\/01\/F115904D-A1B9-436C-84B3-9F6D8B49BC72-1536x975.jpg 1536w, https:\/\/europa2velos.com\/wp-content\/uploads\/2021\/01\/F115904D-A1B9-436C-84B3-9F6D8B49BC72-2048x1300.jpg 2048w\" sizes=\"(max-width: 1024px) 100vw, 1024px\" \/><\/figure>\n\n\n\n<p>Vendredi 22 janvier&nbsp;: Arriv\u00e9s \u00e0 Sarajevo vers 14h, on fait quelques courses puis on va chez notre h\u00f4te, Emir, pour les deux prochaines nuits. C&#8217;est un contact d&#8217;Irena, la directrice du projet \u00e9cologique de Zagreb. Il habite un peu dans les hauteurs de Sarajevo, mais \u00e0 seulement dix minutes \u00e0 pied du centre-ville. Tr\u00e8s sympa, il nous pr\u00eate un appartement qu&#8217;il loue normalement\u2026 mais avec le Covid \u00e7a ne marche plus.<\/p>\n\n\n\n<figure class=\"wp-block-image size-large\"><img loading=\"lazy\" width=\"1024\" height=\"640\" src=\"http:\/\/europa2velos.com\/wp-content\/uploads\/2021\/01\/2021-01-23-1024x640.png\" alt=\"\" class=\"wp-image-1959\" srcset=\"https:\/\/europa2velos.com\/wp-content\/uploads\/2021\/01\/2021-01-23-1024x640.png 1024w, https:\/\/europa2velos.com\/wp-content\/uploads\/2021\/01\/2021-01-23-300x188.png 300w, https:\/\/europa2velos.com\/wp-content\/uploads\/2021\/01\/2021-01-23-768x480.png 768w, https:\/\/europa2velos.com\/wp-content\/uploads\/2021\/01\/2021-01-23-1536x960.png 1536w, https:\/\/europa2velos.com\/wp-content\/uploads\/2021\/01\/2021-01-23-2048x1280.png 2048w\" sizes=\"(max-width: 1024px) 100vw, 1024px\" \/><\/figure>\n\n\n\n<p>Samedi 23\njanvier&nbsp;: Justin va visiter la ville, Elio reste \u00e0 l\u2019appart pour\ntravailler son rap. La ville est super belle, mais il pleut tout le\ntemps&nbsp;! Beaucoup de maisons d\u00e9truites et d\u00e9labr\u00e9es. Dans les hauteurs, un\nfort en ruine, qui offre un point de vue sur le site. Justin revient d\u00e9tremp\u00e9 \u00e0\nl\u2019appart. D\u00e9jeuner puis film du rap d\u2019Elio pour son concours.<\/p>\n\n\n\n<p>Le soir appel de <em>Youth\nfor Climate<\/em>, pour savoir comment s\u2019organiser pour rencontrer des jeunes qui\nles repr\u00e9sentent dans les pays que nous traversons.<\/p>\n\n\n\n<figure class=\"wp-block-image size-large\"><img loading=\"lazy\" width=\"1024\" height=\"768\" src=\"http:\/\/europa2velos.com\/wp-content\/uploads\/2021\/01\/IMG_20210123_112039-1024x768.jpg\" alt=\"\" class=\"wp-image-1991\" srcset=\"https:\/\/europa2velos.com\/wp-content\/uploads\/2021\/01\/IMG_20210123_112039-1024x768.jpg 1024w, https:\/\/europa2velos.com\/wp-content\/uploads\/2021\/01\/IMG_20210123_112039-300x225.jpg 300w, https:\/\/europa2velos.com\/wp-content\/uploads\/2021\/01\/IMG_20210123_112039-768x576.jpg 768w, https:\/\/europa2velos.com\/wp-content\/uploads\/2021\/01\/IMG_20210123_112039-1536x1152.jpg 1536w, https:\/\/europa2velos.com\/wp-content\/uploads\/2021\/01\/IMG_20210123_112039-2048x1536.jpg 2048w\" sizes=\"(max-width: 1024px) 100vw, 1024px\" \/><\/figure>\n\n\n\n<figure class=\"wp-block-image size-large\"><img loading=\"lazy\" width=\"1024\" height=\"865\" src=\"http:\/\/europa2velos.com\/wp-content\/uploads\/2021\/01\/IMG_20210123_112825-1024x865.jpg\" alt=\"\" class=\"wp-image-1992\" srcset=\"https:\/\/europa2velos.com\/wp-content\/uploads\/2021\/01\/IMG_20210123_112825-1024x865.jpg 1024w, https:\/\/europa2velos.com\/wp-content\/uploads\/2021\/01\/IMG_20210123_112825-300x253.jpg 300w, https:\/\/europa2velos.com\/wp-content\/uploads\/2021\/01\/IMG_20210123_112825-768x649.jpg 768w, https:\/\/europa2velos.com\/wp-content\/uploads\/2021\/01\/IMG_20210123_112825-1536x1297.jpg 1536w, https:\/\/europa2velos.com\/wp-content\/uploads\/2021\/01\/IMG_20210123_112825-2048x1730.jpg 2048w\" sizes=\"(max-width: 1024px) 100vw, 1024px\" \/><\/figure>\n\n\n\n<figure class=\"wp-block-image size-large\"><img loading=\"lazy\" width=\"1024\" height=\"768\" src=\"http:\/\/europa2velos.com\/wp-content\/uploads\/2021\/01\/IMG_20210123_114247-1024x768.jpg\" alt=\"\" class=\"wp-image-1993\" srcset=\"https:\/\/europa2velos.com\/wp-content\/uploads\/2021\/01\/IMG_20210123_114247-1024x768.jpg 1024w, https:\/\/europa2velos.com\/wp-content\/uploads\/2021\/01\/IMG_20210123_114247-300x225.jpg 300w, https:\/\/europa2velos.com\/wp-content\/uploads\/2021\/01\/IMG_20210123_114247-768x576.jpg 768w, https:\/\/europa2velos.com\/wp-content\/uploads\/2021\/01\/IMG_20210123_114247-1536x1152.jpg 1536w, https:\/\/europa2velos.com\/wp-content\/uploads\/2021\/01\/IMG_20210123_114247-2048x1536.jpg 2048w\" sizes=\"(max-width: 1024px) 100vw, 1024px\" \/><\/figure>\n\n\n\n<figure class=\"wp-block-image size-large\"><img loading=\"lazy\" width=\"768\" height=\"1024\" src=\"http:\/\/europa2velos.com\/wp-content\/uploads\/2021\/01\/IMG_20210123_114306-768x1024.jpg\" alt=\"\" class=\"wp-image-1994\" srcset=\"https:\/\/europa2velos.com\/wp-content\/uploads\/2021\/01\/IMG_20210123_114306-768x1024.jpg 768w, https:\/\/europa2velos.com\/wp-content\/uploads\/2021\/01\/IMG_20210123_114306-225x300.jpg 225w, https:\/\/europa2velos.com\/wp-content\/uploads\/2021\/01\/IMG_20210123_114306-1152x1536.jpg 1152w, https:\/\/europa2velos.com\/wp-content\/uploads\/2021\/01\/IMG_20210123_114306-1536x2048.jpg 1536w, https:\/\/europa2velos.com\/wp-content\/uploads\/2021\/01\/IMG_20210123_114306-scaled.jpg 1920w\" sizes=\"(max-width: 768px) 100vw, 768px\" \/><\/figure>\n\n\n\n<figure class=\"wp-block-image size-large\"><img loading=\"lazy\" width=\"768\" height=\"1024\" src=\"http:\/\/europa2velos.com\/wp-content\/uploads\/2021\/01\/IMG_20210123_114732-768x1024.jpg\" alt=\"\" class=\"wp-image-1995\" srcset=\"https:\/\/europa2velos.com\/wp-content\/uploads\/2021\/01\/IMG_20210123_114732-768x1024.jpg 768w, https:\/\/europa2velos.com\/wp-content\/uploads\/2021\/01\/IMG_20210123_114732-225x300.jpg 225w, https:\/\/europa2velos.com\/wp-content\/uploads\/2021\/01\/IMG_20210123_114732-1152x1536.jpg 1152w, https:\/\/europa2velos.com\/wp-content\/uploads\/2021\/01\/IMG_20210123_114732-1536x2048.jpg 1536w, https:\/\/europa2velos.com\/wp-content\/uploads\/2021\/01\/IMG_20210123_114732-scaled.jpg 1920w\" sizes=\"(max-width: 768px) 100vw, 768px\" \/><\/figure>\n\n\n\n<figure class=\"wp-block-image size-large\"><img loading=\"lazy\" width=\"1024\" height=\"631\" src=\"http:\/\/europa2velos.com\/wp-content\/uploads\/2021\/01\/IMG_20210123_115420-1024x631.jpg\" alt=\"\" class=\"wp-image-1996\" srcset=\"https:\/\/europa2velos.com\/wp-content\/uploads\/2021\/01\/IMG_20210123_115420-1024x631.jpg 1024w, https:\/\/europa2velos.com\/wp-content\/uploads\/2021\/01\/IMG_20210123_115420-300x185.jpg 300w, https:\/\/europa2velos.com\/wp-content\/uploads\/2021\/01\/IMG_20210123_115420-768x473.jpg 768w, https:\/\/europa2velos.com\/wp-content\/uploads\/2021\/01\/IMG_20210123_115420-1536x947.jpg 1536w, https:\/\/europa2velos.com\/wp-content\/uploads\/2021\/01\/IMG_20210123_115420-2048x1262.jpg 2048w\" sizes=\"(max-width: 1024px) 100vw, 1024px\" \/><\/figure>\n\n\n\n<figure class=\"wp-block-image size-large\"><img loading=\"lazy\" width=\"1024\" height=\"644\" src=\"http:\/\/europa2velos.com\/wp-content\/uploads\/2021\/01\/IMG_20210123_115438-1024x644.jpg\" alt=\"\" class=\"wp-image-1997\" srcset=\"https:\/\/europa2velos.com\/wp-content\/uploads\/2021\/01\/IMG_20210123_115438-1024x644.jpg 1024w, https:\/\/europa2velos.com\/wp-content\/uploads\/2021\/01\/IMG_20210123_115438-300x189.jpg 300w, https:\/\/europa2velos.com\/wp-content\/uploads\/2021\/01\/IMG_20210123_115438-768x483.jpg 768w, https:\/\/europa2velos.com\/wp-content\/uploads\/2021\/01\/IMG_20210123_115438-1536x965.jpg 1536w, https:\/\/europa2velos.com\/wp-content\/uploads\/2021\/01\/IMG_20210123_115438-2048x1287.jpg 2048w\" sizes=\"(max-width: 1024px) 100vw, 1024px\" \/><\/figure>\n\n\n\n<figure class=\"wp-block-image size-large\"><img loading=\"lazy\" width=\"1024\" height=\"709\" src=\"http:\/\/europa2velos.com\/wp-content\/uploads\/2021\/01\/IMG_20210123_115948-1024x709.jpg\" alt=\"\" class=\"wp-image-1998\" srcset=\"https:\/\/europa2velos.com\/wp-content\/uploads\/2021\/01\/IMG_20210123_115948-1024x709.jpg 1024w, https:\/\/europa2velos.com\/wp-content\/uploads\/2021\/01\/IMG_20210123_115948-300x208.jpg 300w, https:\/\/europa2velos.com\/wp-content\/uploads\/2021\/01\/IMG_20210123_115948-768x532.jpg 768w, https:\/\/europa2velos.com\/wp-content\/uploads\/2021\/01\/IMG_20210123_115948-1536x1063.jpg 1536w, https:\/\/europa2velos.com\/wp-content\/uploads\/2021\/01\/IMG_20210123_115948-2048x1418.jpg 2048w\" sizes=\"(max-width: 1024px) 100vw, 1024px\" \/><\/figure>\n\n\n\n<figure class=\"wp-block-image size-large\"><img loading=\"lazy\" width=\"1024\" height=\"620\" src=\"http:\/\/europa2velos.com\/wp-content\/uploads\/2021\/01\/IMG_20210123_120508-1024x620.jpg\" alt=\"\" class=\"wp-image-1999\" srcset=\"https:\/\/europa2velos.com\/wp-content\/uploads\/2021\/01\/IMG_20210123_120508-1024x620.jpg 1024w, https:\/\/europa2velos.com\/wp-content\/uploads\/2021\/01\/IMG_20210123_120508-300x182.jpg 300w, https:\/\/europa2velos.com\/wp-content\/uploads\/2021\/01\/IMG_20210123_120508-768x465.jpg 768w, https:\/\/europa2velos.com\/wp-content\/uploads\/2021\/01\/IMG_20210123_120508-1536x929.jpg 1536w, https:\/\/europa2velos.com\/wp-content\/uploads\/2021\/01\/IMG_20210123_120508-2048x1239.jpg 2048w\" sizes=\"(max-width: 1024px) 100vw, 1024px\" \/><\/figure>\n\n\n\n<figure class=\"wp-block-image size-large\"><img loading=\"lazy\" width=\"1024\" height=\"768\" src=\"http:\/\/europa2velos.com\/wp-content\/uploads\/2021\/01\/IMG_20210123_121733-1024x768.jpg\" alt=\"\" class=\"wp-image-2001\" srcset=\"https:\/\/europa2velos.com\/wp-content\/uploads\/2021\/01\/IMG_20210123_121733-1024x768.jpg 1024w, https:\/\/europa2velos.com\/wp-content\/uploads\/2021\/01\/IMG_20210123_121733-300x225.jpg 300w, https:\/\/europa2velos.com\/wp-content\/uploads\/2021\/01\/IMG_20210123_121733-768x576.jpg 768w, https:\/\/europa2velos.com\/wp-content\/uploads\/2021\/01\/IMG_20210123_121733-1536x1152.jpg 1536w, https:\/\/europa2velos.com\/wp-content\/uploads\/2021\/01\/IMG_20210123_121733-2048x1536.jpg 2048w\" sizes=\"(max-width: 1024px) 100vw, 1024px\" \/><\/figure>\n\n\n\n<figure class=\"wp-block-image size-large\"><img loading=\"lazy\" width=\"1024\" height=\"673\" src=\"http:\/\/europa2velos.com\/wp-content\/uploads\/2021\/01\/IMG_20210123_123219-1024x673.jpg\" alt=\"\" class=\"wp-image-2002\" srcset=\"https:\/\/europa2velos.com\/wp-content\/uploads\/2021\/01\/IMG_20210123_123219-1024x673.jpg 1024w, https:\/\/europa2velos.com\/wp-content\/uploads\/2021\/01\/IMG_20210123_123219-300x197.jpg 300w, https:\/\/europa2velos.com\/wp-content\/uploads\/2021\/01\/IMG_20210123_123219-768x505.jpg 768w, https:\/\/europa2velos.com\/wp-content\/uploads\/2021\/01\/IMG_20210123_123219-1536x1010.jpg 1536w, https:\/\/europa2velos.com\/wp-content\/uploads\/2021\/01\/IMG_20210123_123219-2048x1347.jpg 2048w, https:\/\/europa2velos.com\/wp-content\/uploads\/2021\/01\/IMG_20210123_123219-76x50.jpg 76w, https:\/\/europa2velos.com\/wp-content\/uploads\/2021\/01\/IMG_20210123_123219-123x82.jpg 123w, https:\/\/europa2velos.com\/wp-content\/uploads\/2021\/01\/IMG_20210123_123219-83x55.jpg 83w, https:\/\/europa2velos.com\/wp-content\/uploads\/2021\/01\/IMG_20210123_123219-125x83.jpg 125w\" sizes=\"(max-width: 1024px) 100vw, 1024px\" \/><\/figure>\n\n\n\n<figure class=\"wp-block-image size-large\"><img loading=\"lazy\" width=\"1024\" height=\"519\" src=\"http:\/\/europa2velos.com\/wp-content\/uploads\/2021\/01\/IMG_20210123_123325-1024x519.jpg\" alt=\"\" class=\"wp-image-2003\" srcset=\"https:\/\/europa2velos.com\/wp-content\/uploads\/2021\/01\/IMG_20210123_123325-1024x519.jpg 1024w, https:\/\/europa2velos.com\/wp-content\/uploads\/2021\/01\/IMG_20210123_123325-300x152.jpg 300w, https:\/\/europa2velos.com\/wp-content\/uploads\/2021\/01\/IMG_20210123_123325-768x389.jpg 768w, https:\/\/europa2velos.com\/wp-content\/uploads\/2021\/01\/IMG_20210123_123325-1536x778.jpg 1536w, https:\/\/europa2velos.com\/wp-content\/uploads\/2021\/01\/IMG_20210123_123325-2048x1038.jpg 2048w\" sizes=\"(max-width: 1024px) 100vw, 1024px\" \/><\/figure>\n\n\n\n<figure class=\"wp-block-image size-large\"><img loading=\"lazy\" width=\"1024\" height=\"579\" src=\"http:\/\/europa2velos.com\/wp-content\/uploads\/2021\/01\/IMG_20210123_123350-1024x579.jpg\" alt=\"\" class=\"wp-image-2004\" srcset=\"https:\/\/europa2velos.com\/wp-content\/uploads\/2021\/01\/IMG_20210123_123350-1024x579.jpg 1024w, https:\/\/europa2velos.com\/wp-content\/uploads\/2021\/01\/IMG_20210123_123350-300x170.jpg 300w, https:\/\/europa2velos.com\/wp-content\/uploads\/2021\/01\/IMG_20210123_123350-768x434.jpg 768w, https:\/\/europa2velos.com\/wp-content\/uploads\/2021\/01\/IMG_20210123_123350-1536x869.jpg 1536w, https:\/\/europa2velos.com\/wp-content\/uploads\/2021\/01\/IMG_20210123_123350-2048x1158.jpg 2048w, https:\/\/europa2velos.com\/wp-content\/uploads\/2021\/01\/IMG_20210123_123350-165x92.jpg 165w, https:\/\/europa2velos.com\/wp-content\/uploads\/2021\/01\/IMG_20210123_123350-249x140.jpg 249w, https:\/\/europa2velos.com\/wp-content\/uploads\/2021\/01\/IMG_20210123_123350-232x130.jpg 232w\" sizes=\"(max-width: 1024px) 100vw, 1024px\" \/><\/figure>\n\n\n\n<figure class=\"wp-block-image size-large\"><img loading=\"lazy\" width=\"1024\" height=\"768\" src=\"http:\/\/europa2velos.com\/wp-content\/uploads\/2021\/01\/IMG_20210123_124622-1024x768.jpg\" alt=\"\" class=\"wp-image-2005\" srcset=\"https:\/\/europa2velos.com\/wp-content\/uploads\/2021\/01\/IMG_20210123_124622-1024x768.jpg 1024w, https:\/\/europa2velos.com\/wp-content\/uploads\/2021\/01\/IMG_20210123_124622-300x225.jpg 300w, https:\/\/europa2velos.com\/wp-content\/uploads\/2021\/01\/IMG_20210123_124622-768x576.jpg 768w, https:\/\/europa2velos.com\/wp-content\/uploads\/2021\/01\/IMG_20210123_124622-1536x1152.jpg 1536w, https:\/\/europa2velos.com\/wp-content\/uploads\/2021\/01\/IMG_20210123_124622-2048x1536.jpg 2048w\" sizes=\"(max-width: 1024px) 100vw, 1024px\" \/><\/figure>\n\n\n\n<figure class=\"wp-block-image size-large\"><img loading=\"lazy\" width=\"1024\" height=\"671\" src=\"http:\/\/europa2velos.com\/wp-content\/uploads\/2021\/01\/IMG_20210123_120632-1024x671.jpg\" alt=\"\" class=\"wp-image-2000\" srcset=\"https:\/\/europa2velos.com\/wp-content\/uploads\/2021\/01\/IMG_20210123_120632-1024x671.jpg 1024w, https:\/\/europa2velos.com\/wp-content\/uploads\/2021\/01\/IMG_20210123_120632-300x196.jpg 300w, https:\/\/europa2velos.com\/wp-content\/uploads\/2021\/01\/IMG_20210123_120632-768x503.jpg 768w, https:\/\/europa2velos.com\/wp-content\/uploads\/2021\/01\/IMG_20210123_120632-1536x1006.jpg 1536w, https:\/\/europa2velos.com\/wp-content\/uploads\/2021\/01\/IMG_20210123_120632-2048x1341.jpg 2048w, https:\/\/europa2velos.com\/wp-content\/uploads\/2021\/01\/IMG_20210123_120632-76x50.jpg 76w, https:\/\/europa2velos.com\/wp-content\/uploads\/2021\/01\/IMG_20210123_120632-123x82.jpg 123w, https:\/\/europa2velos.com\/wp-content\/uploads\/2021\/01\/IMG_20210123_120632-83x55.jpg 83w, https:\/\/europa2velos.com\/wp-content\/uploads\/2021\/01\/IMG_20210123_120632-125x83.jpg 125w\" sizes=\"(max-width: 1024px) 100vw, 1024px\" \/><\/figure>\n\n\n\n<figure class=\"wp-block-image size-large\"><img loading=\"lazy\" width=\"1024\" height=\"768\" src=\"http:\/\/europa2velos.com\/wp-content\/uploads\/2021\/01\/IMG_20210123_130917-1024x768.jpg\" alt=\"\" class=\"wp-image-2006\" srcset=\"https:\/\/europa2velos.com\/wp-content\/uploads\/2021\/01\/IMG_20210123_130917-1024x768.jpg 1024w, https:\/\/europa2velos.com\/wp-content\/uploads\/2021\/01\/IMG_20210123_130917-300x225.jpg 300w, https:\/\/europa2velos.com\/wp-content\/uploads\/2021\/01\/IMG_20210123_130917-768x576.jpg 768w, https:\/\/europa2velos.com\/wp-content\/uploads\/2021\/01\/IMG_20210123_130917-1536x1152.jpg 1536w, https:\/\/europa2velos.com\/wp-content\/uploads\/2021\/01\/IMG_20210123_130917-2048x1536.jpg 2048w\" sizes=\"(max-width: 1024px) 100vw, 1024px\" \/><\/figure>\n\n\n\n<figure class=\"wp-block-image size-large\"><img loading=\"lazy\" width=\"1024\" height=\"576\" src=\"http:\/\/europa2velos.com\/wp-content\/uploads\/2021\/01\/Capture-d\u2019e\u0301cran-2021-01-27-a\u0300-22.42.41-1-1024x576.jpg\" alt=\"\" class=\"wp-image-2008\" srcset=\"https:\/\/europa2velos.com\/wp-content\/uploads\/2021\/01\/Capture-d\u2019e\u0301cran-2021-01-27-a\u0300-22.42.41-1-1024x576.jpg 1024w, https:\/\/europa2velos.com\/wp-content\/uploads\/2021\/01\/Capture-d\u2019e\u0301cran-2021-01-27-a\u0300-22.42.41-1-300x169.jpg 300w, https:\/\/europa2velos.com\/wp-content\/uploads\/2021\/01\/Capture-d\u2019e\u0301cran-2021-01-27-a\u0300-22.42.41-1-768x432.jpg 768w, https:\/\/europa2velos.com\/wp-content\/uploads\/2021\/01\/Capture-d\u2019e\u0301cran-2021-01-27-a\u0300-22.42.41-1-1536x864.jpg 1536w, https:\/\/europa2velos.com\/wp-content\/uploads\/2021\/01\/Capture-d\u2019e\u0301cran-2021-01-27-a\u0300-22.42.41-1-2048x1152.jpg 2048w, https:\/\/europa2velos.com\/wp-content\/uploads\/2021\/01\/Capture-d\u2019e\u0301cran-2021-01-27-a\u0300-22.42.41-1-1104x621.jpg 1104w, https:\/\/europa2velos.com\/wp-content\/uploads\/2021\/01\/Capture-d\u2019e\u0301cran-2021-01-27-a\u0300-22.42.41-1-366x205.jpg 366w, https:\/\/europa2velos.com\/wp-content\/uploads\/2021\/01\/Capture-d\u2019e\u0301cran-2021-01-27-a\u0300-22.42.41-1-534x300.jpg 534w, https:\/\/europa2velos.com\/wp-content\/uploads\/2021\/01\/Capture-d\u2019e\u0301cran-2021-01-27-a\u0300-22.42.41-1-165x92.jpg 165w, https:\/\/europa2velos.com\/wp-content\/uploads\/2021\/01\/Capture-d\u2019e\u0301cran-2021-01-27-a\u0300-22.42.41-1-249x140.jpg 249w, https:\/\/europa2velos.com\/wp-content\/uploads\/2021\/01\/Capture-d\u2019e\u0301cran-2021-01-27-a\u0300-22.42.41-1-232x130.jpg 232w, https:\/\/europa2velos.com\/wp-content\/uploads\/2021\/01\/Capture-d\u2019e\u0301cran-2021-01-27-a\u0300-22.42.41-1-344x193.jpg 344w\" sizes=\"(max-width: 1024px) 100vw, 1024px\" \/><figcaption>et pendant ce temps-l\u00e0, Elio rape&#8230;<\/figcaption><\/figure>\n\n\n\n<figure class=\"wp-block-image size-large\"><img loading=\"lazy\" width=\"1024\" height=\"640\" src=\"http:\/\/europa2velos.com\/wp-content\/uploads\/2021\/01\/2021-01-24-A-1024x640.png\" alt=\"\" class=\"wp-image-1960\" srcset=\"https:\/\/europa2velos.com\/wp-content\/uploads\/2021\/01\/2021-01-24-A-1024x640.png 1024w, https:\/\/europa2velos.com\/wp-content\/uploads\/2021\/01\/2021-01-24-A-300x188.png 300w, https:\/\/europa2velos.com\/wp-content\/uploads\/2021\/01\/2021-01-24-A-768x480.png 768w, https:\/\/europa2velos.com\/wp-content\/uploads\/2021\/01\/2021-01-24-A-1536x960.png 1536w, https:\/\/europa2velos.com\/wp-content\/uploads\/2021\/01\/2021-01-24-A-2048x1280.png 2048w\" sizes=\"(max-width: 1024px) 100vw, 1024px\" \/><\/figure>\n\n\n\n<p>Dimanche 24\njanvier&nbsp;: Direction Mostar, \u00e0 120 km, pr\u00e9vus en deux jours. Mais \u00e0 une\ntrentaine de kilom\u00e8tres du d\u00e9part, on est forc\u00e9 de s\u2019arr\u00eater car la route est\ncoup\u00e9e par un accident. Impossible de passer autrement que par l\u2019autoroute\ninterdite aux v\u00e9los et tr\u00e8s dangereuse vu la conduite ici. Marche arri\u00e8re pour\nse retrouver en ville, \u00e0 la premi\u00e8re gare, pour prendre un train sur une partie\ndu trajet, car ils sont tr\u00e8s bon march\u00e9. Le train qui s\u2019arr\u00eate vers 17h nous\ndit \u00ab&nbsp;no bycicleta&nbsp;\u00bb et repart&nbsp;! On est donc l\u00e0 comme des cons\nsous la pluie sans solution. On regarde si on peut prendre le bus, mais c\u2019est\ntrop cher avec les v\u00e9los. On doit donc trouver o\u00f9 dormir.<\/p>\n\n\n\n<p>Apr\u00e8s plusieurs\nallers-retours sur les routes sans arriver \u00e0 trouver un champ, parce qu\u2019on est\nsoit en ville, soit dans des zones tr\u00e8s montagneuses, on trouve un chemin qui\nmonte au bord d\u2019une route. Apr\u00e8s beaucoup d\u2019efforts, on arrive \u00e0 hisser les\nv\u00e9los en haut, dans un champ compl\u00e9tement en pente et tr\u00e8s mouill\u00e9, sous une\npluie battante. Mais n\u2019ayant pas d\u2019autre solution, on plante la tente et on\ndort \u2013 en ayant comme objectif de faire le lendemain les 110 km jusqu\u2019\u00e0 Mostar.<\/p>\n\n\n\n<figure class=\"wp-block-image size-large\"><img loading=\"lazy\" width=\"1024\" height=\"768\" src=\"http:\/\/europa2velos.com\/wp-content\/uploads\/2021\/01\/IMG_20210124_204946-1024x768.jpg\" alt=\"\" class=\"wp-image-2009\" srcset=\"https:\/\/europa2velos.com\/wp-content\/uploads\/2021\/01\/IMG_20210124_204946-1024x768.jpg 1024w, https:\/\/europa2velos.com\/wp-content\/uploads\/2021\/01\/IMG_20210124_204946-300x225.jpg 300w, https:\/\/europa2velos.com\/wp-content\/uploads\/2021\/01\/IMG_20210124_204946-768x576.jpg 768w, https:\/\/europa2velos.com\/wp-content\/uploads\/2021\/01\/IMG_20210124_204946-1536x1152.jpg 1536w, https:\/\/europa2velos.com\/wp-content\/uploads\/2021\/01\/IMG_20210124_204946-2048x1536.jpg 2048w\" sizes=\"(max-width: 1024px) 100vw, 1024px\" \/><\/figure>\n\n\n\n<figure class=\"wp-block-image size-large\"><img loading=\"lazy\" width=\"1024\" height=\"640\" src=\"http:\/\/europa2velos.com\/wp-content\/uploads\/2021\/01\/2021-01-25-A-1024x640.png\" alt=\"\" class=\"wp-image-1961\" srcset=\"https:\/\/europa2velos.com\/wp-content\/uploads\/2021\/01\/2021-01-25-A-1024x640.png 1024w, https:\/\/europa2velos.com\/wp-content\/uploads\/2021\/01\/2021-01-25-A-300x188.png 300w, https:\/\/europa2velos.com\/wp-content\/uploads\/2021\/01\/2021-01-25-A-768x480.png 768w, https:\/\/europa2velos.com\/wp-content\/uploads\/2021\/01\/2021-01-25-A-1536x960.png 1536w, https:\/\/europa2velos.com\/wp-content\/uploads\/2021\/01\/2021-01-25-A-2048x1280.png 2048w\" sizes=\"(max-width: 1024px) 100vw, 1024px\" \/><\/figure>\n\n\n\n<p>Lundi 25 janvier&nbsp;:\nR\u00e9veil avec du gel partout autour, on n\u2019arrive m\u00eame pas \u00e0 ouvrir la\ntente&nbsp;! 110 km en une journ\u00e9e, avec un gros col, sous la pluie. La journ\u00e9e\nla plus dure physiquement depuis le d\u00e9but du voyage. En plus, les deux\nderni\u00e8res heures, il y avait tellement de pluie, qu\u2019elle a travers\u00e9 la premi\u00e8re\ncouche waterproof, donc on \u00e9tait d\u00e9tremp\u00e9\u2026 Pas tr\u00e8s agr\u00e9able. Mais, on peut\n\u00eatre vraiment fiers de nous, on est arriv\u00e9 avant la nuit&nbsp;! Notre h\u00f4te,\ntr\u00e8s sympa, nous accueille avec un petit repas.<\/p>\n\n\n\n<figure class=\"wp-block-image size-large\"><img loading=\"lazy\" width=\"1024\" height=\"694\" src=\"http:\/\/europa2velos.com\/wp-content\/uploads\/2021\/01\/438363F0-DFBC-4C71-A671-B48375B4E4BD-1024x694.jpg\" alt=\"\" class=\"wp-image-2010\" srcset=\"https:\/\/europa2velos.com\/wp-content\/uploads\/2021\/01\/438363F0-DFBC-4C71-A671-B48375B4E4BD-1024x694.jpg 1024w, https:\/\/europa2velos.com\/wp-content\/uploads\/2021\/01\/438363F0-DFBC-4C71-A671-B48375B4E4BD-300x203.jpg 300w, https:\/\/europa2velos.com\/wp-content\/uploads\/2021\/01\/438363F0-DFBC-4C71-A671-B48375B4E4BD-768x520.jpg 768w, https:\/\/europa2velos.com\/wp-content\/uploads\/2021\/01\/438363F0-DFBC-4C71-A671-B48375B4E4BD-1536x1040.jpg 1536w, https:\/\/europa2velos.com\/wp-content\/uploads\/2021\/01\/438363F0-DFBC-4C71-A671-B48375B4E4BD-2048x1387.jpg 2048w, https:\/\/europa2velos.com\/wp-content\/uploads\/2021\/01\/438363F0-DFBC-4C71-A671-B48375B4E4BD-123x82.jpg 123w, https:\/\/europa2velos.com\/wp-content\/uploads\/2021\/01\/438363F0-DFBC-4C71-A671-B48375B4E4BD-83x55.jpg 83w, https:\/\/europa2velos.com\/wp-content\/uploads\/2021\/01\/438363F0-DFBC-4C71-A671-B48375B4E4BD-264x178.jpg 264w\" sizes=\"(max-width: 1024px) 100vw, 1024px\" \/><\/figure>\n\n\n\n<figure class=\"wp-block-image size-large\"><img loading=\"lazy\" width=\"1024\" height=\"701\" src=\"http:\/\/europa2velos.com\/wp-content\/uploads\/2021\/01\/IMG_20210125_111326-2-1024x701.jpg\" alt=\"\" class=\"wp-image-2013\" srcset=\"https:\/\/europa2velos.com\/wp-content\/uploads\/2021\/01\/IMG_20210125_111326-2-1024x701.jpg 1024w, https:\/\/europa2velos.com\/wp-content\/uploads\/2021\/01\/IMG_20210125_111326-2-300x205.jpg 300w, https:\/\/europa2velos.com\/wp-content\/uploads\/2021\/01\/IMG_20210125_111326-2-768x526.jpg 768w, https:\/\/europa2velos.com\/wp-content\/uploads\/2021\/01\/IMG_20210125_111326-2-1536x1052.jpg 1536w, https:\/\/europa2velos.com\/wp-content\/uploads\/2021\/01\/IMG_20210125_111326-2-2048x1402.jpg 2048w\" sizes=\"(max-width: 1024px) 100vw, 1024px\" \/><\/figure>\n\n\n\n<figure class=\"wp-block-image size-large\"><img loading=\"lazy\" width=\"1024\" height=\"651\" src=\"http:\/\/europa2velos.com\/wp-content\/uploads\/2021\/01\/IMG_20210125_130754-1024x651.jpg\" alt=\"\" class=\"wp-image-2014\" srcset=\"https:\/\/europa2velos.com\/wp-content\/uploads\/2021\/01\/IMG_20210125_130754-1024x651.jpg 1024w, https:\/\/europa2velos.com\/wp-content\/uploads\/2021\/01\/IMG_20210125_130754-300x191.jpg 300w, https:\/\/europa2velos.com\/wp-content\/uploads\/2021\/01\/IMG_20210125_130754-768x488.jpg 768w, https:\/\/europa2velos.com\/wp-content\/uploads\/2021\/01\/IMG_20210125_130754-1536x976.jpg 1536w, https:\/\/europa2velos.com\/wp-content\/uploads\/2021\/01\/IMG_20210125_130754-2048x1302.jpg 2048w\" sizes=\"(max-width: 1024px) 100vw, 1024px\" \/><\/figure>\n\n\n\n<figure class=\"wp-block-image size-large\"><img loading=\"lazy\" width=\"1024\" height=\"576\" src=\"http:\/\/europa2velos.com\/wp-content\/uploads\/2021\/01\/2021-01-26-1024x576.png\" alt=\"\" class=\"wp-image-1962\" srcset=\"https:\/\/europa2velos.com\/wp-content\/uploads\/2021\/01\/2021-01-26-1024x576.png 1024w, https:\/\/europa2velos.com\/wp-content\/uploads\/2021\/01\/2021-01-26-300x169.png 300w, https:\/\/europa2velos.com\/wp-content\/uploads\/2021\/01\/2021-01-26-768x432.png 768w, https:\/\/europa2velos.com\/wp-content\/uploads\/2021\/01\/2021-01-26-1536x864.png 1536w, https:\/\/europa2velos.com\/wp-content\/uploads\/2021\/01\/2021-01-26-1104x621.png 1104w, https:\/\/europa2velos.com\/wp-content\/uploads\/2021\/01\/2021-01-26-366x205.png 366w, https:\/\/europa2velos.com\/wp-content\/uploads\/2021\/01\/2021-01-26-534x300.png 534w, https:\/\/europa2velos.com\/wp-content\/uploads\/2021\/01\/2021-01-26-165x92.png 165w, https:\/\/europa2velos.com\/wp-content\/uploads\/2021\/01\/2021-01-26-249x140.png 249w, https:\/\/europa2velos.com\/wp-content\/uploads\/2021\/01\/2021-01-26-232x130.png 232w, https:\/\/europa2velos.com\/wp-content\/uploads\/2021\/01\/2021-01-26-344x193.png 344w, https:\/\/europa2velos.com\/wp-content\/uploads\/2021\/01\/2021-01-26.png 1920w\" sizes=\"(max-width: 1024px) 100vw, 1024px\" \/><\/figure>\n\n\n\n<p>Mardi 26 janvier&nbsp;:\nVisite de Mostar, une ville vraiment sympa. Le centre est minuscule, mais\nvraiment incroyable, avec le c\u00e9l\u00e8bre pont de l\u2019\u00e9poque ottomane, d\u00e9truit pendant\nla guerre de 1992-1993 et restaur\u00e9 depuis. Aucun touriste, donc un sentiment de\nlibert\u00e9. En en plus, le c\u00f4t\u00e9 sympa est que d\u2019un c\u00f4t\u00e9 de la rivi\u00e8re c\u2019est\nmusulman et de l\u2019autre c\u00f4t\u00e9 c\u2019est chr\u00e9tien, donc il y a une grosse diversit\u00e9 et\non change totalement de culture en deux pas.<\/p>\n\n\n\n<p>Le soir, on fait du\nfutsal (football en salle) avec l\u2019h\u00f4te, apr\u00e8s six mois d\u2019interruption pour\nElio\u2026 D\u00e9sol\u00e9, aucune photo, on n\u2019avait pas pris nos t\u00e9l\u00e9phones dans le\ngymnase&nbsp;! On a pass\u00e9 une bonne soir\u00e9e, en buvant quelques bi\u00e8res et en\nmangeant de tr\u00e8s bonnes petites pizzas \u2013 ici les boulangeries sont vraiment\ntr\u00e8s bonnes&nbsp;!<\/p>\n\n\n\n<p>On avait un peu l\u2019impression d\u2019\u00eatre dans l\u2019ambiance aveyronnaise et c\u2019est globalement ce qu\u2019on a ressenti avec la partie Herz\u00e9govine (Sud) de la Bosnie-Herz\u00e9govine. Parce que les gens nous arr\u00eatent au bord de la route pour parler, m\u00eame s\u2019ils parlent mal anglais, qu\u2019on peut communiquer sur le voyage. Ils ont une mentalit\u00e9 tr\u00e8s \u00ab&nbsp;chaude&nbsp;\u00bb, tr\u00e8s chaleureuse, bref, c\u2019est super. Et on a eu une journ\u00e9e chaude (7\/8 degr\u00e9s) et ensoleill\u00e9e, \u00e7a faisait (tr\u00e8s) longtemps&nbsp;! Demain mercredi 27 janvier, on reste pour la journ\u00e9e \u00e0 Mostar.<\/p>\n\n\n\n<figure class=\"wp-block-image size-large\"><img loading=\"lazy\" width=\"1024\" height=\"768\" src=\"http:\/\/europa2velos.com\/wp-content\/uploads\/2021\/01\/IMG_20210126_141541-1024x768.jpg\" alt=\"\" class=\"wp-image-2015\" srcset=\"https:\/\/europa2velos.com\/wp-content\/uploads\/2021\/01\/IMG_20210126_141541-1024x768.jpg 1024w, https:\/\/europa2velos.com\/wp-content\/uploads\/2021\/01\/IMG_20210126_141541-300x225.jpg 300w, https:\/\/europa2velos.com\/wp-content\/uploads\/2021\/01\/IMG_20210126_141541-768x576.jpg 768w, https:\/\/europa2velos.com\/wp-content\/uploads\/2021\/01\/IMG_20210126_141541-1536x1152.jpg 1536w, https:\/\/europa2velos.com\/wp-content\/uploads\/2021\/01\/IMG_20210126_141541-2048x1536.jpg 2048w\" sizes=\"(max-width: 1024px) 100vw, 1024px\" \/><\/figure>\n\n\n\n<figure class=\"wp-block-image size-large\"><img loading=\"lazy\" width=\"1024\" height=\"798\" src=\"http:\/\/europa2velos.com\/wp-content\/uploads\/2021\/01\/C7871D21-EAFA-4095-8D67-F543E73E9A45-1024x798.jpg\" alt=\"\" class=\"wp-image-2016\" srcset=\"https:\/\/europa2velos.com\/wp-content\/uploads\/2021\/01\/C7871D21-EAFA-4095-8D67-F543E73E9A45-1024x798.jpg 1024w, https:\/\/europa2velos.com\/wp-content\/uploads\/2021\/01\/C7871D21-EAFA-4095-8D67-F543E73E9A45-300x234.jpg 300w, https:\/\/europa2velos.com\/wp-content\/uploads\/2021\/01\/C7871D21-EAFA-4095-8D67-F543E73E9A45-768x598.jpg 768w, https:\/\/europa2velos.com\/wp-content\/uploads\/2021\/01\/C7871D21-EAFA-4095-8D67-F543E73E9A45-1536x1197.jpg 1536w, https:\/\/europa2velos.com\/wp-content\/uploads\/2021\/01\/C7871D21-EAFA-4095-8D67-F543E73E9A45-2048x1596.jpg 2048w\" sizes=\"(max-width: 1024px) 100vw, 1024px\" \/><\/figure>\n\n\n\n<figure class=\"wp-block-image size-large\"><img loading=\"lazy\" width=\"1024\" height=\"862\" src=\"http:\/\/europa2velos.com\/wp-content\/uploads\/2021\/01\/IMG_20210126_141840-1024x862.jpg\" alt=\"\" class=\"wp-image-2017\" srcset=\"https:\/\/europa2velos.com\/wp-content\/uploads\/2021\/01\/IMG_20210126_141840-1024x862.jpg 1024w, https:\/\/europa2velos.com\/wp-content\/uploads\/2021\/01\/IMG_20210126_141840-300x252.jpg 300w, https:\/\/europa2velos.com\/wp-content\/uploads\/2021\/01\/IMG_20210126_141840-768x646.jpg 768w, https:\/\/europa2velos.com\/wp-content\/uploads\/2021\/01\/IMG_20210126_141840-1536x1292.jpg 1536w, https:\/\/europa2velos.com\/wp-content\/uploads\/2021\/01\/IMG_20210126_141840-2048x1723.jpg 2048w\" sizes=\"(max-width: 1024px) 100vw, 1024px\" \/><\/figure>\n\n\n\n<figure class=\"wp-block-image size-large\"><img loading=\"lazy\" width=\"1024\" height=\"725\" src=\"http:\/\/europa2velos.com\/wp-content\/uploads\/2021\/01\/734C4706-40A4-4B8D-93DE-92071EA9A235-1024x725.jpg\" alt=\"\" class=\"wp-image-2018\" srcset=\"https:\/\/europa2velos.com\/wp-content\/uploads\/2021\/01\/734C4706-40A4-4B8D-93DE-92071EA9A235-1024x725.jpg 1024w, https:\/\/europa2velos.com\/wp-content\/uploads\/2021\/01\/734C4706-40A4-4B8D-93DE-92071EA9A235-300x212.jpg 300w, https:\/\/europa2velos.com\/wp-content\/uploads\/2021\/01\/734C4706-40A4-4B8D-93DE-92071EA9A235-768x543.jpg 768w, https:\/\/europa2velos.com\/wp-content\/uploads\/2021\/01\/734C4706-40A4-4B8D-93DE-92071EA9A235-1536x1087.jpg 1536w, https:\/\/europa2velos.com\/wp-content\/uploads\/2021\/01\/734C4706-40A4-4B8D-93DE-92071EA9A235-2048x1449.jpg 2048w\" sizes=\"(max-width: 1024px) 100vw, 1024px\" \/><\/figure>\n\n\n\n<figure class=\"wp-block-image size-large\"><img loading=\"lazy\" width=\"1024\" height=\"768\" src=\"http:\/\/europa2velos.com\/wp-content\/uploads\/2021\/01\/IMG_20210126_142305-1024x768.jpg\" alt=\"\" class=\"wp-image-2019\" srcset=\"https:\/\/europa2velos.com\/wp-content\/uploads\/2021\/01\/IMG_20210126_142305-1024x768.jpg 1024w, https:\/\/europa2velos.com\/wp-content\/uploads\/2021\/01\/IMG_20210126_142305-300x225.jpg 300w, https:\/\/europa2velos.com\/wp-content\/uploads\/2021\/01\/IMG_20210126_142305-768x576.jpg 768w, https:\/\/europa2velos.com\/wp-content\/uploads\/2021\/01\/IMG_20210126_142305-1536x1152.jpg 1536w, https:\/\/europa2velos.com\/wp-content\/uploads\/2021\/01\/IMG_20210126_142305-2048x1536.jpg 2048w\" sizes=\"(max-width: 1024px) 100vw, 1024px\" \/><\/figure>\n\n\n\n<figure class=\"wp-block-image size-large\"><img loading=\"lazy\" width=\"892\" height=\"1024\" src=\"http:\/\/europa2velos.com\/wp-content\/uploads\/2021\/01\/IMG_20210126_143420-892x1024.jpg\" alt=\"\" class=\"wp-image-2020\" srcset=\"https:\/\/europa2velos.com\/wp-content\/uploads\/2021\/01\/IMG_20210126_143420-892x1024.jpg 892w, https:\/\/europa2velos.com\/wp-content\/uploads\/2021\/01\/IMG_20210126_143420-261x300.jpg 261w, https:\/\/europa2velos.com\/wp-content\/uploads\/2021\/01\/IMG_20210126_143420-768x881.jpg 768w, https:\/\/europa2velos.com\/wp-content\/uploads\/2021\/01\/IMG_20210126_143420-1338x1536.jpg 1338w, https:\/\/europa2velos.com\/wp-content\/uploads\/2021\/01\/IMG_20210126_143420-1784x2048.jpg 1784w\" sizes=\"(max-width: 892px) 100vw, 892px\" \/><\/figure>\n\n\n\n<figure class=\"wp-block-image size-large\"><img loading=\"lazy\" width=\"1024\" height=\"741\" src=\"http:\/\/europa2velos.com\/wp-content\/uploads\/2021\/01\/F915AEF1-9C92-4555-9345-EAC089392BBE-1024x741.jpg\" alt=\"\" class=\"wp-image-2022\" srcset=\"https:\/\/europa2velos.com\/wp-content\/uploads\/2021\/01\/F915AEF1-9C92-4555-9345-EAC089392BBE-1024x741.jpg 1024w, https:\/\/europa2velos.com\/wp-content\/uploads\/2021\/01\/F915AEF1-9C92-4555-9345-EAC089392BBE-300x217.jpg 300w, https:\/\/europa2velos.com\/wp-content\/uploads\/2021\/01\/F915AEF1-9C92-4555-9345-EAC089392BBE-768x555.jpg 768w, https:\/\/europa2velos.com\/wp-content\/uploads\/2021\/01\/F915AEF1-9C92-4555-9345-EAC089392BBE-1536x1111.jpg 1536w, https:\/\/europa2velos.com\/wp-content\/uploads\/2021\/01\/F915AEF1-9C92-4555-9345-EAC089392BBE-2048x1481.jpg 2048w\" sizes=\"(max-width: 1024px) 100vw, 1024px\" \/><\/figure>\n\n\n\n<figure class=\"wp-block-image size-large\"><img loading=\"lazy\" width=\"1024\" height=\"647\" src=\"http:\/\/europa2velos.com\/wp-content\/uploads\/2021\/01\/IMG_20210126_164633-1024x647.jpg\" alt=\"\" class=\"wp-image-2021\" srcset=\"https:\/\/europa2velos.com\/wp-content\/uploads\/2021\/01\/IMG_20210126_164633-1024x647.jpg 1024w, https:\/\/europa2velos.com\/wp-content\/uploads\/2021\/01\/IMG_20210126_164633-300x189.jpg 300w, https:\/\/europa2velos.com\/wp-content\/uploads\/2021\/01\/IMG_20210126_164633-768x485.jpg 768w, https:\/\/europa2velos.com\/wp-content\/uploads\/2021\/01\/IMG_20210126_164633-1536x970.jpg 1536w, https:\/\/europa2velos.com\/wp-content\/uploads\/2021\/01\/IMG_20210126_164633-2048x1293.jpg 2048w\" sizes=\"(max-width: 1024px) 100vw, 1024px\" \/><\/figure>\n","protected":false},"excerpt":{"rendered":"<p>du 20 au 26 janvier : Bosnie-Herz\u00e9govine, de Banja-Luka \u00e0 Mostar<\/p>\n","protected":false},"author":1,"featured_media":1956,"comment_status":"open","ping_status":"open","sticky":false,"template":"","format":"standard","meta":[],"categories":[7],"tags":[],"yoast_head":"<!-- This site is optimized with the Yoast SEO plugin v14.0.4 - https:\/\/yoast.com\/wordpress\/plugins\/seo\/ -->\n<title>Parcours : semaine 27 - Europa2velos<\/title>\n<meta name=\"description\" content=\"27\u00e8me semaine du tour d&#039;Europe \u00e0 v\u00e9lo de deux ados sur le th\u00e8me de la transition \u00e9cologique et de la citoyennet\u00e9 europ\u00e9enne : Bosnie-Herz\u00e9govine de Banja-Luka \u00e0 Mostar.\" \/>\n<meta name=\"robots\" content=\"index, follow\" \/>\n<meta name=\"googlebot\" content=\"index, follow, max-snippet:-1, max-image-preview:large, max-video-preview:-1\" \/>\n<meta name=\"bingbot\" content=\"index, follow, max-snippet:-1, max-image-preview:large, max-video-preview:-1\" \/>\n<link rel=\"canonical\" href=\"http:\/\/europa2velos.com\/index.php\/2021\/01\/27\/parcours-semaine-27\/\" \/>\n<meta property=\"og:locale\" content=\"fr_FR\" \/>\n<meta property=\"og:type\" content=\"article\" \/>\n<meta property=\"og:title\" content=\"Parcours : semaine 27 - Europa2velos\" \/>\n<meta property=\"og:description\" content=\"27\u00e8me semaine du tour d&#039;Europe \u00e0 v\u00e9lo de deux ados sur le th\u00e8me de la transition \u00e9cologique et de la citoyennet\u00e9 europ\u00e9enne : Bosnie-Herz\u00e9govine de Banja-Luka \u00e0 Mostar.\" \/>\n<meta property=\"og:url\" content=\"http:\/\/europa2velos.com\/index.php\/2021\/01\/27\/parcours-semaine-27\/\" \/>\n<meta property=\"og:site_name\" content=\"Europa2velos\" \/>\n<meta property=\"article:published_time\" content=\"2021-01-27T21:57:33+00:00\" \/>\n<meta property=\"article:modified_time\" content=\"2021-03-29T19:07:10+00:00\" \/>\n<meta property=\"og:image\" content=\"http:\/\/europa2velos.com\/wp-content\/uploads\/2021\/01\/0-2021-01-20-a\u0300-26-1-1024x640.png\" \/>\n\t<meta property=\"og:image:width\" content=\"1024\" \/>\n\t<meta property=\"og:image:height\" content=\"640\" \/>\n<meta name=\"twitter:card\" content=\"summary_large_image\" \/>\n<script type=\"application\/ld+json\" class=\"yoast-schema-graph\">{\"@context\":\"https:\/\/schema.org\",\"@graph\":[{\"@type\":\"WebSite\",\"@id\":\"https:\/\/europa2velos.com\/#website\",\"url\":\"https:\/\/europa2velos.com\/\",\"name\":\"Europa2velos\",\"description\":\"Le tour d&#039;Europe \\u00e0 v\\u00e9lo de deux ados\",\"potentialAction\":[{\"@type\":\"SearchAction\",\"target\":\"https:\/\/europa2velos.com\/?s={search_term_string}\",\"query-input\":\"required name=search_term_string\"}],\"inLanguage\":\"fr-FR\"},{\"@type\":\"ImageObject\",\"@id\":\"http:\/\/europa2velos.com\/index.php\/2021\/01\/27\/parcours-semaine-27\/#primaryimage\",\"inLanguage\":\"fr-FR\",\"url\":\"https:\/\/europa2velos.com\/wp-content\/uploads\/2021\/01\/0-2021-01-20-a\\u0300-26-1.png\",\"width\":3360,\"height\":2100},{\"@type\":\"WebPage\",\"@id\":\"http:\/\/europa2velos.com\/index.php\/2021\/01\/27\/parcours-semaine-27\/#webpage\",\"url\":\"http:\/\/europa2velos.com\/index.php\/2021\/01\/27\/parcours-semaine-27\/\",\"name\":\"Parcours : semaine 27 - Europa2velos\",\"isPartOf\":{\"@id\":\"https:\/\/europa2velos.com\/#website\"},\"primaryImageOfPage\":{\"@id\":\"http:\/\/europa2velos.com\/index.php\/2021\/01\/27\/parcours-semaine-27\/#primaryimage\"},\"datePublished\":\"2021-01-27T21:57:33+00:00\",\"dateModified\":\"2021-03-29T19:07:10+00:00\",\"author\":{\"@id\":\"https:\/\/europa2velos.com\/#\/schema\/person\/d5f282be03e5aec06ad6591da1af0324\"},\"description\":\"27\\u00e8me semaine du tour d'Europe \\u00e0 v\\u00e9lo de deux ados sur le th\\u00e8me de la transition \\u00e9cologique et de la citoyennet\\u00e9 europ\\u00e9enne : Bosnie-Herz\\u00e9govine de Banja-Luka \\u00e0 Mostar.\",\"inLanguage\":\"fr-FR\",\"potentialAction\":[{\"@type\":\"ReadAction\",\"target\":[\"http:\/\/europa2velos.com\/index.php\/2021\/01\/27\/parcours-semaine-27\/\"]}]},{\"@type\":[\"Person\"],\"@id\":\"https:\/\/europa2velos.com\/#\/schema\/person\/d5f282be03e5aec06ad6591da1af0324\",\"name\":\"Europa2v\\u00e9los\",\"image\":{\"@type\":\"ImageObject\",\"@id\":\"https:\/\/europa2velos.com\/#personlogo\",\"inLanguage\":\"fr-FR\",\"url\":\"https:\/\/secure.gravatar.com\/avatar\/7e55f9fc671b5244d75c5978bf0e7c51?s=96&d=mm&r=g\",\"caption\":\"Europa2v\\u00e9los\"}}]}<\/script>\n<!-- \/ Yoast SEO plugin. -->","_links":{"self":[{"href":"https:\/\/europa2velos.com\/index.php\/wp-json\/wp\/v2\/posts\/1955"}],"collection":[{"href":"https:\/\/europa2velos.com\/index.php\/wp-json\/wp\/v2\/posts"}],"about":[{"href":"https:\/\/europa2velos.com\/index.php\/wp-json\/wp\/v2\/types\/post"}],"author":[{"embeddable":true,"href":"https:\/\/europa2velos.com\/index.php\/wp-json\/wp\/v2\/users\/1"}],"replies":[{"embeddable":true,"href":"https:\/\/europa2velos.com\/index.php\/wp-json\/wp\/v2\/comments?post=1955"}],"version-history":[{"count":2,"href":"https:\/\/europa2velos.com\/index.php\/wp-json\/wp\/v2\/posts\/1955\/revisions"}],"predecessor-version":[{"id":2588,"href":"https:\/\/europa2velos.com\/index.php\/wp-json\/wp\/v2\/posts\/1955\/revisions\/2588"}],"wp:featuredmedia":[{"embeddable":true,"href":"https:\/\/europa2velos.com\/index.php\/wp-json\/wp\/v2\/media\/1956"}],"wp:attachment":[{"href":"https:\/\/europa2velos.com\/index.php\/wp-json\/wp\/v2\/media?parent=1955"}],"wp:term":[{"taxonomy":"category","embeddable":true,"href":"https:\/\/europa2velos.com\/index.php\/wp-json\/wp\/v2\/categories?post=1955"},{"taxonomy":"post_tag","embeddable":true,"href":"https:\/\/europa2velos.com\/index.php\/wp-json\/wp\/v2\/tags?post=1955"}],"curies":[{"name":"wp","href":"https:\/\/api.w.org\/{rel}","templated":true}]}}