{"id":1747,"date":"2020-12-24T18:57:43","date_gmt":"2020-12-24T17:57:43","guid":{"rendered":"http:\/\/europa2velos.com\/?p=1747"},"modified":"2020-12-24T20:19:23","modified_gmt":"2020-12-24T19:19:23","slug":"le-froid-des-pays-de-lest","status":"publish","type":"post","link":"https:\/\/europa2velos.com\/index.php\/2020\/12\/24\/le-froid-des-pays-de-lest\/","title":{"rendered":"Le froid des pays de l&#8217;Est"},"content":{"rendered":"\n<figure class=\"wp-block-image size-large\"><img loading=\"lazy\" width=\"1024\" height=\"347\" src=\"http:\/\/europa2velos.com\/wp-content\/uploads\/2020\/12\/0-Titre-1024x347.jpg\" alt=\"\" class=\"wp-image-1749\" srcset=\"https:\/\/europa2velos.com\/wp-content\/uploads\/2020\/12\/0-Titre-1024x347.jpg 1024w, https:\/\/europa2velos.com\/wp-content\/uploads\/2020\/12\/0-Titre-300x102.jpg 300w, https:\/\/europa2velos.com\/wp-content\/uploads\/2020\/12\/0-Titre-768x260.jpg 768w, https:\/\/europa2velos.com\/wp-content\/uploads\/2020\/12\/0-Titre-1536x520.jpg 1536w, https:\/\/europa2velos.com\/wp-content\/uploads\/2020\/12\/0-Titre.jpg 1610w\" sizes=\"(max-width: 1024px) 100vw, 1024px\" \/><\/figure>\n\n\n\n<figure class=\"wp-block-image size-large\"><img loading=\"lazy\" width=\"642\" height=\"927\" src=\"http:\/\/europa2velos.com\/wp-content\/uploads\/2020\/12\/1-Une.jpg\" alt=\"\" class=\"wp-image-1750\" srcset=\"https:\/\/europa2velos.com\/wp-content\/uploads\/2020\/12\/1-Une.jpg 642w, https:\/\/europa2velos.com\/wp-content\/uploads\/2020\/12\/1-Une-208x300.jpg 208w\" sizes=\"(max-width: 642px) 100vw, 642px\" \/><\/figure>\n\n\n\n<figure class=\"wp-block-image size-large\"><img loading=\"lazy\" width=\"938\" height=\"621\" src=\"http:\/\/europa2velos.com\/wp-content\/uploads\/2020\/12\/2-GP-Une.jpg\" alt=\"\" class=\"wp-image-1751\" srcset=\"https:\/\/europa2velos.com\/wp-content\/uploads\/2020\/12\/2-GP-Une.jpg 938w, https:\/\/europa2velos.com\/wp-content\/uploads\/2020\/12\/2-GP-Une-300x199.jpg 300w, https:\/\/europa2velos.com\/wp-content\/uploads\/2020\/12\/2-GP-Une-768x508.jpg 768w, https:\/\/europa2velos.com\/wp-content\/uploads\/2020\/12\/2-GP-Une-76x50.jpg 76w, https:\/\/europa2velos.com\/wp-content\/uploads\/2020\/12\/2-GP-Une-123x82.jpg 123w, https:\/\/europa2velos.com\/wp-content\/uploads\/2020\/12\/2-GP-Une-83x55.jpg 83w, https:\/\/europa2velos.com\/wp-content\/uploads\/2020\/12\/2-GP-Une-125x83.jpg 125w\" sizes=\"(max-width: 938px) 100vw, 938px\" \/><\/figure>\n\n\n\n<figure class=\"wp-block-image size-large\"><img loading=\"lazy\" width=\"634\" height=\"968\" src=\"http:\/\/europa2velos.com\/wp-content\/uploads\/2020\/12\/3-Page-entie\u0300re.jpg\" alt=\"\" class=\"wp-image-1752\" srcset=\"https:\/\/europa2velos.com\/wp-content\/uploads\/2020\/12\/3-Page-entie\u0300re.jpg 634w, https:\/\/europa2velos.com\/wp-content\/uploads\/2020\/12\/3-Page-entie\u0300re-196x300.jpg 196w\" sizes=\"(max-width: 634px) 100vw, 634px\" \/><\/figure>\n\n\n\n<p><em><strong>Et en plus gros plan pour mieux lire l&#8217;article :<\/strong><\/em><\/p>\n\n\n\n<figure class=\"wp-block-image size-large\"><img loading=\"lazy\" width=\"1024\" height=\"760\" src=\"http:\/\/europa2velos.com\/wp-content\/uploads\/2020\/12\/5-GP-1-Article-1024x760.jpg\" alt=\"\" class=\"wp-image-1754\" srcset=\"https:\/\/europa2velos.com\/wp-content\/uploads\/2020\/12\/5-GP-1-Article-1024x760.jpg 1024w, https:\/\/europa2velos.com\/wp-content\/uploads\/2020\/12\/5-GP-1-Article-300x223.jpg 300w, https:\/\/europa2velos.com\/wp-content\/uploads\/2020\/12\/5-GP-1-Article-768x570.jpg 768w, https:\/\/europa2velos.com\/wp-content\/uploads\/2020\/12\/5-GP-1-Article.jpg 1282w\" sizes=\"(max-width: 1024px) 100vw, 1024px\" \/><\/figure>\n\n\n\n<p><\/p>\n\n\n\n<figure class=\"wp-block-image size-large\"><img loading=\"lazy\" width=\"1024\" height=\"769\" src=\"http:\/\/europa2velos.com\/wp-content\/uploads\/2020\/12\/6-GP-2-Article-1024x769.jpg\" alt=\"\" class=\"wp-image-1755\" srcset=\"https:\/\/europa2velos.com\/wp-content\/uploads\/2020\/12\/6-GP-2-Article-1024x769.jpg 1024w, https:\/\/europa2velos.com\/wp-content\/uploads\/2020\/12\/6-GP-2-Article-300x225.jpg 300w, https:\/\/europa2velos.com\/wp-content\/uploads\/2020\/12\/6-GP-2-Article-768x577.jpg 768w, https:\/\/europa2velos.com\/wp-content\/uploads\/2020\/12\/6-GP-2-Article.jpg 1289w\" sizes=\"(max-width: 1024px) 100vw, 1024px\" \/><\/figure>\n","protected":false},"excerpt":{"rendered":"<p>24 d\u00e9cembre 2020 : un article dans Le Villefranchois<\/p>\n","protected":false},"author":1,"featured_media":1748,"comment_status":"open","ping_status":"open","sticky":false,"template":"","format":"standard","meta":[],"categories":[4],"tags":[],"yoast_head":"<!-- This site is optimized with the Yoast SEO plugin v14.0.4 - https:\/\/yoast.com\/wordpress\/plugins\/seo\/ -->\n<title>Le froid des pays de l&#039;Est - Europa2velos<\/title>\n<meta name=\"description\" content=\"Retomb\u00e9e dans Le Villefranchois du tour d&#039;Europe \u00e0 v\u00e9lo de deux ados sur le th\u00e8me de la transition \u00e9cologique et de la citoyennet\u00e9 europ\u00e9enne.\" \/>\n<meta name=\"robots\" content=\"index, follow\" \/>\n<meta name=\"googlebot\" content=\"index, follow, max-snippet:-1, max-image-preview:large, max-video-preview:-1\" \/>\n<meta name=\"bingbot\" content=\"index, follow, max-snippet:-1, max-image-preview:large, max-video-preview:-1\" \/>\n<link rel=\"canonical\" href=\"http:\/\/europa2velos.com\/index.php\/2020\/12\/24\/le-froid-des-pays-de-lest\/\" \/>\n<meta property=\"og:locale\" content=\"fr_FR\" \/>\n<meta property=\"og:type\" content=\"article\" \/>\n<meta property=\"og:title\" content=\"Le froid des pays de l&#039;Est - Europa2velos\" \/>\n<meta property=\"og:description\" content=\"Retomb\u00e9e dans Le Villefranchois du tour d&#039;Europe \u00e0 v\u00e9lo de deux ados sur le th\u00e8me de la transition \u00e9cologique et de la citoyennet\u00e9 europ\u00e9enne.\" \/>\n<meta property=\"og:url\" content=\"http:\/\/europa2velos.com\/index.php\/2020\/12\/24\/le-froid-des-pays-de-lest\/\" \/>\n<meta property=\"og:site_name\" content=\"Europa2velos\" \/>\n<meta property=\"article:published_time\" content=\"2020-12-24T17:57:43+00:00\" \/>\n<meta property=\"article:modified_time\" content=\"2020-12-24T19:19:23+00:00\" \/>\n<meta property=\"og:image\" content=\"http:\/\/europa2velos.com\/wp-content\/uploads\/2020\/12\/00-Miniature.jpg\" \/>\n\t<meta property=\"og:image:width\" content=\"1335\" \/>\n\t<meta property=\"og:image:height\" content=\"751\" \/>\n<meta name=\"twitter:card\" content=\"summary_large_image\" \/>\n<script type=\"application\/ld+json\" class=\"yoast-schema-graph\">{\"@context\":\"https:\/\/schema.org\",\"@graph\":[{\"@type\":\"WebSite\",\"@id\":\"https:\/\/europa2velos.com\/#website\",\"url\":\"https:\/\/europa2velos.com\/\",\"name\":\"Europa2velos\",\"description\":\"Le tour d&#039;Europe \\u00e0 v\\u00e9lo de deux ados\",\"potentialAction\":[{\"@type\":\"SearchAction\",\"target\":\"https:\/\/europa2velos.com\/?s={search_term_string}\",\"query-input\":\"required name=search_term_string\"}],\"inLanguage\":\"fr-FR\"},{\"@type\":\"ImageObject\",\"@id\":\"http:\/\/europa2velos.com\/index.php\/2020\/12\/24\/le-froid-des-pays-de-lest\/#primaryimage\",\"inLanguage\":\"fr-FR\",\"url\":\"https:\/\/europa2velos.com\/wp-content\/uploads\/2020\/12\/00-Miniature.jpg\",\"width\":1335,\"height\":751},{\"@type\":\"WebPage\",\"@id\":\"http:\/\/europa2velos.com\/index.php\/2020\/12\/24\/le-froid-des-pays-de-lest\/#webpage\",\"url\":\"http:\/\/europa2velos.com\/index.php\/2020\/12\/24\/le-froid-des-pays-de-lest\/\",\"name\":\"Le froid des pays de l'Est - Europa2velos\",\"isPartOf\":{\"@id\":\"https:\/\/europa2velos.com\/#website\"},\"primaryImageOfPage\":{\"@id\":\"http:\/\/europa2velos.com\/index.php\/2020\/12\/24\/le-froid-des-pays-de-lest\/#primaryimage\"},\"datePublished\":\"2020-12-24T17:57:43+00:00\",\"dateModified\":\"2020-12-24T19:19:23+00:00\",\"author\":{\"@id\":\"https:\/\/europa2velos.com\/#\/schema\/person\/d5f282be03e5aec06ad6591da1af0324\"},\"description\":\"Retomb\\u00e9e dans Le Villefranchois du tour d'Europe \\u00e0 v\\u00e9lo de deux ados sur le th\\u00e8me de la transition \\u00e9cologique et de la citoyennet\\u00e9 europ\\u00e9enne.\",\"inLanguage\":\"fr-FR\",\"potentialAction\":[{\"@type\":\"ReadAction\",\"target\":[\"http:\/\/europa2velos.com\/index.php\/2020\/12\/24\/le-froid-des-pays-de-lest\/\"]}]},{\"@type\":[\"Person\"],\"@id\":\"https:\/\/europa2velos.com\/#\/schema\/person\/d5f282be03e5aec06ad6591da1af0324\",\"name\":\"Europa2v\\u00e9los\",\"image\":{\"@type\":\"ImageObject\",\"@id\":\"https:\/\/europa2velos.com\/#personlogo\",\"inLanguage\":\"fr-FR\",\"url\":\"https:\/\/secure.gravatar.com\/avatar\/7e55f9fc671b5244d75c5978bf0e7c51?s=96&d=mm&r=g\",\"caption\":\"Europa2v\\u00e9los\"}}]}<\/script>\n<!-- \/ Yoast SEO plugin. -->","_links":{"self":[{"href":"https:\/\/europa2velos.com\/index.php\/wp-json\/wp\/v2\/posts\/1747"}],"collection":[{"href":"https:\/\/europa2velos.com\/index.php\/wp-json\/wp\/v2\/posts"}],"about":[{"href":"https:\/\/europa2velos.com\/index.php\/wp-json\/wp\/v2\/types\/post"}],"author":[{"embeddable":true,"href":"https:\/\/europa2velos.com\/index.php\/wp-json\/wp\/v2\/users\/1"}],"replies":[{"embeddable":true,"href":"https:\/\/europa2velos.com\/index.php\/wp-json\/wp\/v2\/comments?post=1747"}],"version-history":[{"count":2,"href":"https:\/\/europa2velos.com\/index.php\/wp-json\/wp\/v2\/posts\/1747\/revisions"}],"predecessor-version":[{"id":1757,"href":"https:\/\/europa2velos.com\/index.php\/wp-json\/wp\/v2\/posts\/1747\/revisions\/1757"}],"wp:featuredmedia":[{"embeddable":true,"href":"https:\/\/europa2velos.com\/index.php\/wp-json\/wp\/v2\/media\/1748"}],"wp:attachment":[{"href":"https:\/\/europa2velos.com\/index.php\/wp-json\/wp\/v2\/media?parent=1747"}],"wp:term":[{"taxonomy":"category","embeddable":true,"href":"https:\/\/europa2velos.com\/index.php\/wp-json\/wp\/v2\/categories?post=1747"},{"taxonomy":"post_tag","embeddable":true,"href":"https:\/\/europa2velos.com\/index.php\/wp-json\/wp\/v2\/tags?post=1747"}],"curies":[{"name":"wp","href":"https:\/\/api.w.org\/{rel}","templated":true}]}}