{"id":1661,"date":"2020-12-18T19:20:17","date_gmt":"2020-12-18T18:20:17","guid":{"rendered":"http:\/\/europa2velos.com\/?p=1661"},"modified":"2020-12-18T19:25:52","modified_gmt":"2020-12-18T18:25:52","slug":"entrer-en-lettonie","status":"publish","type":"post","link":"https:\/\/europa2velos.com\/index.php\/2020\/12\/18\/entrer-en-lettonie\/","title":{"rendered":"Entrer en Lettonie"},"content":{"rendered":"\n<figure class=\"wp-block-embed-youtube wp-block-embed is-type-video is-provider-youtube wp-embed-aspect-16-9 wp-has-aspect-ratio\"><div class=\"wp-block-embed__wrapper\">\n<iframe title=\"Entrer en Lettonie\" width=\"1104\" height=\"621\" src=\"https:\/\/www.youtube.com\/embed\/dyNokepxewI?feature=oembed\" frameborder=\"0\" allow=\"accelerometer; autoplay; clipboard-write; encrypted-media; gyroscope; picture-in-picture\" allowfullscreen><\/iframe>\n<\/div><\/figure>\n\n\n\n<p>M\u00eame s\u2019il ne nous faut que tr\u00e8s peu de jours si on\nne s\u2019y arr\u00eate pas, impossible de traverser la Lettonie&nbsp;: flicage par QR\nCode, r\u00e9sidence obligatoire, amendes \u00e9normes\u2026<\/p>\n\n\n\n<p>A quelques kilom\u00e8tres de la fronti\u00e8re, on essaie d\u2019avoir\nle plus d\u2019information possible, via Ben, qui devrait nous accueillir en <em>Couchsurfing<\/em>,\nsi on peut passer, puis via l\u2019Ambassade de France\u2026<\/p>\n\n\n\n<p>Finalement on nous laisse entrer en Lettonie sans trop de contraintes, l&#8217;Ambassade de France nous dit qu&#8217;on sera consid\u00e9r\u00e9s comme en transit. Ben nous accueille \u00e0 Riga et peut nous faire visiter la ville\u00a0!<\/p>\n","protected":false},"excerpt":{"rendered":"<p>6-12 novembre 2020 : Une nouvelle fronti\u00e8re<\/p>\n","protected":false},"author":1,"featured_media":1665,"comment_status":"open","ping_status":"open","sticky":false,"template":"","format":"standard","meta":[],"categories":[6],"tags":[],"yoast_head":"<!-- This site is optimized with the Yoast SEO plugin v14.0.4 - https:\/\/yoast.com\/wordpress\/plugins\/seo\/ -->\n<title>Entrer en Lettonie - Europa2velos<\/title>\n<meta name=\"description\" content=\"D&#039;Estonie en Lettonie, suite du tour d&#039;Europe \u00e0 v\u00e9lo de deux ados sur le th\u00e8me de la transition \u00e9cologique et de la citoyennet\u00e9 europ\u00e9enne.\" \/>\n<meta name=\"robots\" content=\"index, follow\" \/>\n<meta name=\"googlebot\" content=\"index, follow, max-snippet:-1, max-image-preview:large, max-video-preview:-1\" \/>\n<meta name=\"bingbot\" content=\"index, follow, max-snippet:-1, max-image-preview:large, max-video-preview:-1\" \/>\n<link rel=\"canonical\" href=\"http:\/\/europa2velos.com\/index.php\/2020\/12\/18\/entrer-en-lettonie\/\" \/>\n<meta property=\"og:locale\" content=\"fr_FR\" \/>\n<meta property=\"og:type\" content=\"article\" \/>\n<meta property=\"og:title\" content=\"Entrer en Lettonie - Europa2velos\" \/>\n<meta property=\"og:description\" content=\"D&#039;Estonie en Lettonie, suite du tour d&#039;Europe \u00e0 v\u00e9lo de deux ados sur le th\u00e8me de la transition \u00e9cologique et de la citoyennet\u00e9 europ\u00e9enne.\" \/>\n<meta property=\"og:url\" content=\"http:\/\/europa2velos.com\/index.php\/2020\/12\/18\/entrer-en-lettonie\/\" \/>\n<meta property=\"og:site_name\" content=\"Europa2velos\" \/>\n<meta property=\"article:published_time\" content=\"2020-12-18T18:20:17+00:00\" \/>\n<meta property=\"article:modified_time\" content=\"2020-12-18T18:25:52+00:00\" \/>\n<meta property=\"og:image\" content=\"http:\/\/europa2velos.com\/wp-content\/uploads\/2020\/12\/2020-11-06-a\u0300-12-Estonie-Lettonie.png\" \/>\n\t<meta property=\"og:image:width\" content=\"934\" \/>\n\t<meta property=\"og:image:height\" content=\"525\" \/>\n<meta name=\"twitter:card\" content=\"summary_large_image\" \/>\n<script type=\"application\/ld+json\" class=\"yoast-schema-graph\">{\"@context\":\"https:\/\/schema.org\",\"@graph\":[{\"@type\":\"WebSite\",\"@id\":\"https:\/\/europa2velos.com\/#website\",\"url\":\"https:\/\/europa2velos.com\/\",\"name\":\"Europa2velos\",\"description\":\"Le tour d&#039;Europe \\u00e0 v\\u00e9lo de deux ados\",\"potentialAction\":[{\"@type\":\"SearchAction\",\"target\":\"https:\/\/europa2velos.com\/?s={search_term_string}\",\"query-input\":\"required name=search_term_string\"}],\"inLanguage\":\"fr-FR\"},{\"@type\":\"ImageObject\",\"@id\":\"http:\/\/europa2velos.com\/index.php\/2020\/12\/18\/entrer-en-lettonie\/#primaryimage\",\"inLanguage\":\"fr-FR\",\"url\":\"https:\/\/europa2velos.com\/wp-content\/uploads\/2020\/12\/2020-11-06-a\\u0300-12-Estonie-Lettonie.png\",\"width\":934,\"height\":525},{\"@type\":\"WebPage\",\"@id\":\"http:\/\/europa2velos.com\/index.php\/2020\/12\/18\/entrer-en-lettonie\/#webpage\",\"url\":\"http:\/\/europa2velos.com\/index.php\/2020\/12\/18\/entrer-en-lettonie\/\",\"name\":\"Entrer en Lettonie - Europa2velos\",\"isPartOf\":{\"@id\":\"https:\/\/europa2velos.com\/#website\"},\"primaryImageOfPage\":{\"@id\":\"http:\/\/europa2velos.com\/index.php\/2020\/12\/18\/entrer-en-lettonie\/#primaryimage\"},\"datePublished\":\"2020-12-18T18:20:17+00:00\",\"dateModified\":\"2020-12-18T18:25:52+00:00\",\"author\":{\"@id\":\"https:\/\/europa2velos.com\/#\/schema\/person\/d5f282be03e5aec06ad6591da1af0324\"},\"description\":\"D'Estonie en Lettonie, suite du tour d'Europe \\u00e0 v\\u00e9lo de deux ados sur le th\\u00e8me de la transition \\u00e9cologique et de la citoyennet\\u00e9 europ\\u00e9enne.\",\"inLanguage\":\"fr-FR\",\"potentialAction\":[{\"@type\":\"ReadAction\",\"target\":[\"http:\/\/europa2velos.com\/index.php\/2020\/12\/18\/entrer-en-lettonie\/\"]}]},{\"@type\":[\"Person\"],\"@id\":\"https:\/\/europa2velos.com\/#\/schema\/person\/d5f282be03e5aec06ad6591da1af0324\",\"name\":\"Europa2v\\u00e9los\",\"image\":{\"@type\":\"ImageObject\",\"@id\":\"https:\/\/europa2velos.com\/#personlogo\",\"inLanguage\":\"fr-FR\",\"url\":\"https:\/\/secure.gravatar.com\/avatar\/7e55f9fc671b5244d75c5978bf0e7c51?s=96&d=mm&r=g\",\"caption\":\"Europa2v\\u00e9los\"}}]}<\/script>\n<!-- \/ Yoast SEO plugin. -->","_links":{"self":[{"href":"https:\/\/europa2velos.com\/index.php\/wp-json\/wp\/v2\/posts\/1661"}],"collection":[{"href":"https:\/\/europa2velos.com\/index.php\/wp-json\/wp\/v2\/posts"}],"about":[{"href":"https:\/\/europa2velos.com\/index.php\/wp-json\/wp\/v2\/types\/post"}],"author":[{"embeddable":true,"href":"https:\/\/europa2velos.com\/index.php\/wp-json\/wp\/v2\/users\/1"}],"replies":[{"embeddable":true,"href":"https:\/\/europa2velos.com\/index.php\/wp-json\/wp\/v2\/comments?post=1661"}],"version-history":[{"count":3,"href":"https:\/\/europa2velos.com\/index.php\/wp-json\/wp\/v2\/posts\/1661\/revisions"}],"predecessor-version":[{"id":1667,"href":"https:\/\/europa2velos.com\/index.php\/wp-json\/wp\/v2\/posts\/1661\/revisions\/1667"}],"wp:featuredmedia":[{"embeddable":true,"href":"https:\/\/europa2velos.com\/index.php\/wp-json\/wp\/v2\/media\/1665"}],"wp:attachment":[{"href":"https:\/\/europa2velos.com\/index.php\/wp-json\/wp\/v2\/media?parent=1661"}],"wp:term":[{"taxonomy":"category","embeddable":true,"href":"https:\/\/europa2velos.com\/index.php\/wp-json\/wp\/v2\/categories?post=1661"},{"taxonomy":"post_tag","embeddable":true,"href":"https:\/\/europa2velos.com\/index.php\/wp-json\/wp\/v2\/tags?post=1661"}],"curies":[{"name":"wp","href":"https:\/\/api.w.org\/{rel}","templated":true}]}}