{"id":1597,"date":"2020-12-13T09:37:33","date_gmt":"2020-12-13T08:37:33","guid":{"rendered":"http:\/\/europa2velos.com\/?p=1597"},"modified":"2020-12-13T09:39:22","modified_gmt":"2020-12-13T08:39:22","slug":"pause-a-tallinn","status":"publish","type":"post","link":"https:\/\/europa2velos.com\/index.php\/2020\/12\/13\/pause-a-tallinn\/","title":{"rendered":"Pause estonienne"},"content":{"rendered":"\n<figure class=\"wp-block-embed-youtube wp-block-embed is-type-video is-provider-youtube wp-embed-aspect-16-9 wp-has-aspect-ratio\"><div class=\"wp-block-embed__wrapper\">\n<iframe title=\"Pause a\u0300 Tallinn\" width=\"1104\" height=\"621\" src=\"https:\/\/www.youtube.com\/embed\/wvltfIO_iqI?feature=oembed\" frameborder=\"0\" allow=\"accelerometer; autoplay; clipboard-write; encrypted-media; gyroscope; picture-in-picture\" allowfullscreen><\/iframe>\n<\/div><\/figure>\n\n\n\n<p>Apr\u00e8s la longue travers\u00e9e de la Finlande, install\u00e9s dans la coloc d\u2019une cousine de Justin, nous prenons un peu de temps \u00e0 Tallinn, une tr\u00e8s belle ville qui nous pla\u00eet. Elio enregistre plusieurs raps &#8211; un vrai travail, avec ses doutes et ses loup\u00e9s avant d&#8217;y arriver. Nous faisons nos premi\u00e8res sorties depuis le d\u00e9but du voyage dans des soir\u00e9es en ville\u2026<\/p>\n","protected":false},"excerpt":{"rendered":"<p>1er-5 novembre 2020 : Rap \u00e0 Tallinn<\/p>\n","protected":false},"author":1,"featured_media":1600,"comment_status":"open","ping_status":"open","sticky":false,"template":"","format":"standard","meta":[],"categories":[6],"tags":[],"yoast_head":"<!-- This site is optimized with the Yoast SEO plugin v14.0.4 - https:\/\/yoast.com\/wordpress\/plugins\/seo\/ -->\n<title>Pause estonienne - Europa2velos<\/title>\n<meta name=\"description\" content=\"Tallinn en Estonie, suite du tour d&#039;Europe \u00e0 v\u00e9lo de deux ados sur le th\u00e8me de la transition \u00e9cologique et de la citoyennet\u00e9 europ\u00e9enne.\" \/>\n<meta name=\"robots\" content=\"index, follow\" \/>\n<meta name=\"googlebot\" content=\"index, follow, max-snippet:-1, max-image-preview:large, max-video-preview:-1\" \/>\n<meta name=\"bingbot\" content=\"index, follow, max-snippet:-1, max-image-preview:large, max-video-preview:-1\" \/>\n<link rel=\"canonical\" href=\"http:\/\/europa2velos.com\/index.php\/2020\/12\/13\/pause-a-tallinn\/\" \/>\n<meta property=\"og:locale\" content=\"fr_FR\" \/>\n<meta property=\"og:type\" content=\"article\" \/>\n<meta property=\"og:title\" content=\"Pause estonienne - Europa2velos\" \/>\n<meta property=\"og:description\" content=\"Tallinn en Estonie, suite du tour d&#039;Europe \u00e0 v\u00e9lo de deux ados sur le th\u00e8me de la transition \u00e9cologique et de la citoyennet\u00e9 europ\u00e9enne.\" \/>\n<meta property=\"og:url\" content=\"http:\/\/europa2velos.com\/index.php\/2020\/12\/13\/pause-a-tallinn\/\" \/>\n<meta property=\"og:site_name\" content=\"Europa2velos\" \/>\n<meta property=\"article:published_time\" content=\"2020-12-13T08:37:33+00:00\" \/>\n<meta property=\"article:modified_time\" content=\"2020-12-13T08:39:22+00:00\" \/>\n<meta property=\"og:image\" content=\"http:\/\/europa2velos.com\/wp-content\/uploads\/2020\/12\/pause-a-tallinn.jpg\" \/>\n\t<meta property=\"og:image:width\" content=\"1280\" \/>\n\t<meta property=\"og:image:height\" content=\"720\" \/>\n<meta name=\"twitter:card\" content=\"summary_large_image\" \/>\n<script type=\"application\/ld+json\" class=\"yoast-schema-graph\">{\"@context\":\"https:\/\/schema.org\",\"@graph\":[{\"@type\":\"WebSite\",\"@id\":\"https:\/\/europa2velos.com\/#website\",\"url\":\"https:\/\/europa2velos.com\/\",\"name\":\"Europa2velos\",\"description\":\"Le tour d&#039;Europe \\u00e0 v\\u00e9lo de deux ados\",\"potentialAction\":[{\"@type\":\"SearchAction\",\"target\":\"https:\/\/europa2velos.com\/?s={search_term_string}\",\"query-input\":\"required name=search_term_string\"}],\"inLanguage\":\"fr-FR\"},{\"@type\":\"ImageObject\",\"@id\":\"http:\/\/europa2velos.com\/index.php\/2020\/12\/13\/pause-a-tallinn\/#primaryimage\",\"inLanguage\":\"fr-FR\",\"url\":\"https:\/\/europa2velos.com\/wp-content\/uploads\/2020\/12\/pause-a-tallinn.jpg\",\"width\":1280,\"height\":720},{\"@type\":\"WebPage\",\"@id\":\"http:\/\/europa2velos.com\/index.php\/2020\/12\/13\/pause-a-tallinn\/#webpage\",\"url\":\"http:\/\/europa2velos.com\/index.php\/2020\/12\/13\/pause-a-tallinn\/\",\"name\":\"Pause estonienne - Europa2velos\",\"isPartOf\":{\"@id\":\"https:\/\/europa2velos.com\/#website\"},\"primaryImageOfPage\":{\"@id\":\"http:\/\/europa2velos.com\/index.php\/2020\/12\/13\/pause-a-tallinn\/#primaryimage\"},\"datePublished\":\"2020-12-13T08:37:33+00:00\",\"dateModified\":\"2020-12-13T08:39:22+00:00\",\"author\":{\"@id\":\"https:\/\/europa2velos.com\/#\/schema\/person\/d5f282be03e5aec06ad6591da1af0324\"},\"description\":\"Tallinn en Estonie, suite du tour d'Europe \\u00e0 v\\u00e9lo de deux ados sur le th\\u00e8me de la transition \\u00e9cologique et de la citoyennet\\u00e9 europ\\u00e9enne.\",\"inLanguage\":\"fr-FR\",\"potentialAction\":[{\"@type\":\"ReadAction\",\"target\":[\"http:\/\/europa2velos.com\/index.php\/2020\/12\/13\/pause-a-tallinn\/\"]}]},{\"@type\":[\"Person\"],\"@id\":\"https:\/\/europa2velos.com\/#\/schema\/person\/d5f282be03e5aec06ad6591da1af0324\",\"name\":\"Europa2v\\u00e9los\",\"image\":{\"@type\":\"ImageObject\",\"@id\":\"https:\/\/europa2velos.com\/#personlogo\",\"inLanguage\":\"fr-FR\",\"url\":\"https:\/\/secure.gravatar.com\/avatar\/7e55f9fc671b5244d75c5978bf0e7c51?s=96&d=mm&r=g\",\"caption\":\"Europa2v\\u00e9los\"}}]}<\/script>\n<!-- \/ Yoast SEO plugin. -->","_links":{"self":[{"href":"https:\/\/europa2velos.com\/index.php\/wp-json\/wp\/v2\/posts\/1597"}],"collection":[{"href":"https:\/\/europa2velos.com\/index.php\/wp-json\/wp\/v2\/posts"}],"about":[{"href":"https:\/\/europa2velos.com\/index.php\/wp-json\/wp\/v2\/types\/post"}],"author":[{"embeddable":true,"href":"https:\/\/europa2velos.com\/index.php\/wp-json\/wp\/v2\/users\/1"}],"replies":[{"embeddable":true,"href":"https:\/\/europa2velos.com\/index.php\/wp-json\/wp\/v2\/comments?post=1597"}],"version-history":[{"count":2,"href":"https:\/\/europa2velos.com\/index.php\/wp-json\/wp\/v2\/posts\/1597\/revisions"}],"predecessor-version":[{"id":1601,"href":"https:\/\/europa2velos.com\/index.php\/wp-json\/wp\/v2\/posts\/1597\/revisions\/1601"}],"wp:featuredmedia":[{"embeddable":true,"href":"https:\/\/europa2velos.com\/index.php\/wp-json\/wp\/v2\/media\/1600"}],"wp:attachment":[{"href":"https:\/\/europa2velos.com\/index.php\/wp-json\/wp\/v2\/media?parent=1597"}],"wp:term":[{"taxonomy":"category","embeddable":true,"href":"https:\/\/europa2velos.com\/index.php\/wp-json\/wp\/v2\/categories?post=1597"},{"taxonomy":"post_tag","embeddable":true,"href":"https:\/\/europa2velos.com\/index.php\/wp-json\/wp\/v2\/tags?post=1597"}],"curies":[{"name":"wp","href":"https:\/\/api.w.org\/{rel}","templated":true}]}}