{"id":1530,"date":"2020-12-09T12:47:54","date_gmt":"2020-12-09T11:47:54","guid":{"rendered":"http:\/\/europa2velos.com\/?p=1530"},"modified":"2021-09-14T08:39:38","modified_gmt":"2021-09-14T06:39:38","slug":"parcours-semaine-20","status":"publish","type":"post","link":"https:\/\/europa2velos.com\/index.php\/2020\/12\/09\/parcours-semaine-20\/","title":{"rendered":"Parcours : semaine 20"},"content":{"rendered":"\n<figure class=\"wp-block-image size-large\"><img loading=\"lazy\" width=\"1024\" height=\"576\" src=\"http:\/\/europa2velos.com\/wp-content\/uploads\/2020\/12\/2020-12-02-a\u0300-08-A-1024x576.png\" alt=\"\" class=\"wp-image-1531\" srcset=\"https:\/\/europa2velos.com\/wp-content\/uploads\/2020\/12\/2020-12-02-a\u0300-08-A-1024x576.png 1024w, https:\/\/europa2velos.com\/wp-content\/uploads\/2020\/12\/2020-12-02-a\u0300-08-A-300x169.png 300w, https:\/\/europa2velos.com\/wp-content\/uploads\/2020\/12\/2020-12-02-a\u0300-08-A-768x432.png 768w, https:\/\/europa2velos.com\/wp-content\/uploads\/2020\/12\/2020-12-02-a\u0300-08-A-1536x864.png 1536w, https:\/\/europa2velos.com\/wp-content\/uploads\/2020\/12\/2020-12-02-a\u0300-08-A-1104x621.png 1104w, https:\/\/europa2velos.com\/wp-content\/uploads\/2020\/12\/2020-12-02-a\u0300-08-A-366x205.png 366w, https:\/\/europa2velos.com\/wp-content\/uploads\/2020\/12\/2020-12-02-a\u0300-08-A-534x300.png 534w, https:\/\/europa2velos.com\/wp-content\/uploads\/2020\/12\/2020-12-02-a\u0300-08-A-165x92.png 165w, https:\/\/europa2velos.com\/wp-content\/uploads\/2020\/12\/2020-12-02-a\u0300-08-A-249x140.png 249w, https:\/\/europa2velos.com\/wp-content\/uploads\/2020\/12\/2020-12-02-a\u0300-08-A-232x130.png 232w, https:\/\/europa2velos.com\/wp-content\/uploads\/2020\/12\/2020-12-02-a\u0300-08-A-344x193.png 344w, https:\/\/europa2velos.com\/wp-content\/uploads\/2020\/12\/2020-12-02-a\u0300-08-A.png 1920w\" sizes=\"(max-width: 1024px) 100vw, 1024px\" \/><\/figure>\n\n\n\n<p>Du mercredi 2 au mardi 8 d\u00e9cembre : 200 km \u00e0 v\u00e9lo vers Cracovie, puis Oswiecim (Auschwitz) \u00e0 l&#8217;Est et enfin Katowice.<\/p>\n\n\n\n<p>Au total, nous avons fait maintenant plus de 5000 km \u00e0 v\u00e9lo depuis le d\u00e9part et travers\u00e9 10 pays.<\/p>\n\n\n\n<p><em><strong>Cartes quotidiennes, photos et journal de voyage de la semaine :<\/strong><\/em><\/p>\n\n\n\n<figure class=\"wp-block-image size-large\"><img loading=\"lazy\" width=\"1024\" height=\"576\" src=\"http:\/\/europa2velos.com\/wp-content\/uploads\/2020\/12\/2020-12-02-A-1-1024x576.png\" alt=\"\" class=\"wp-image-1540\" srcset=\"https:\/\/europa2velos.com\/wp-content\/uploads\/2020\/12\/2020-12-02-A-1-1024x576.png 1024w, https:\/\/europa2velos.com\/wp-content\/uploads\/2020\/12\/2020-12-02-A-1-300x169.png 300w, https:\/\/europa2velos.com\/wp-content\/uploads\/2020\/12\/2020-12-02-A-1-768x432.png 768w, https:\/\/europa2velos.com\/wp-content\/uploads\/2020\/12\/2020-12-02-A-1-1536x864.png 1536w, https:\/\/europa2velos.com\/wp-content\/uploads\/2020\/12\/2020-12-02-A-1-1104x621.png 1104w, https:\/\/europa2velos.com\/wp-content\/uploads\/2020\/12\/2020-12-02-A-1-366x205.png 366w, https:\/\/europa2velos.com\/wp-content\/uploads\/2020\/12\/2020-12-02-A-1-534x300.png 534w, https:\/\/europa2velos.com\/wp-content\/uploads\/2020\/12\/2020-12-02-A-1-165x92.png 165w, https:\/\/europa2velos.com\/wp-content\/uploads\/2020\/12\/2020-12-02-A-1-249x140.png 249w, https:\/\/europa2velos.com\/wp-content\/uploads\/2020\/12\/2020-12-02-A-1-232x130.png 232w, https:\/\/europa2velos.com\/wp-content\/uploads\/2020\/12\/2020-12-02-A-1-344x193.png 344w, https:\/\/europa2velos.com\/wp-content\/uploads\/2020\/12\/2020-12-02-A-1.png 1920w\" sizes=\"(max-width: 1024px) 100vw, 1024px\" \/><\/figure>\n\n\n\n<p>Mercredi 2 d\u00e9cembre :\u00a0La journ\u00e9e la plus froide et la plus longue ! Un temps gris et bas, la nuit qui vient \u00e0 partir de 15h30, une plaine parfois vallonn\u00e9e, jusqu&#8217;\u00e0 l&#8217;arriv\u00e9e \u00e0 Cracovie, de nuit&#8230;<\/p>\n\n\n\n<figure class=\"wp-block-image size-large\"><img loading=\"lazy\" width=\"1024\" height=\"452\" src=\"http:\/\/europa2velos.com\/wp-content\/uploads\/2020\/12\/2020-12-02-1-1-1024x452.jpg\" alt=\"\" class=\"wp-image-1568\" srcset=\"https:\/\/europa2velos.com\/wp-content\/uploads\/2020\/12\/2020-12-02-1-1-1024x452.jpg 1024w, https:\/\/europa2velos.com\/wp-content\/uploads\/2020\/12\/2020-12-02-1-1-300x133.jpg 300w, https:\/\/europa2velos.com\/wp-content\/uploads\/2020\/12\/2020-12-02-1-1-768x339.jpg 768w, https:\/\/europa2velos.com\/wp-content\/uploads\/2020\/12\/2020-12-02-1-1-1536x678.jpg 1536w, https:\/\/europa2velos.com\/wp-content\/uploads\/2020\/12\/2020-12-02-1-1-2048x905.jpg 2048w\" sizes=\"(max-width: 1024px) 100vw, 1024px\" \/><figcaption>Ce matin, -5\u00b0 ressenti -9\u00b0 : pas facile de sortir des sacs de couchage !<\/figcaption><\/figure>\n\n\n\n<figure class=\"wp-block-image size-large\"><img loading=\"lazy\" width=\"1024\" height=\"429\" src=\"http:\/\/europa2velos.com\/wp-content\/uploads\/2020\/12\/2020-12-02-2-1-1024x429.jpg\" alt=\"\" class=\"wp-image-1569\" srcset=\"https:\/\/europa2velos.com\/wp-content\/uploads\/2020\/12\/2020-12-02-2-1-1024x429.jpg 1024w, https:\/\/europa2velos.com\/wp-content\/uploads\/2020\/12\/2020-12-02-2-1-300x126.jpg 300w, https:\/\/europa2velos.com\/wp-content\/uploads\/2020\/12\/2020-12-02-2-1-768x322.jpg 768w, https:\/\/europa2velos.com\/wp-content\/uploads\/2020\/12\/2020-12-02-2-1-1536x643.jpg 1536w, https:\/\/europa2velos.com\/wp-content\/uploads\/2020\/12\/2020-12-02-2-1-2048x858.jpg 2048w\" sizes=\"(max-width: 1024px) 100vw, 1024px\" \/><figcaption>Presque midi et le soleil n&#8217;a pas l&#8217;air de s&#8217;\u00eatre encore lev\u00e9 !<\/figcaption><\/figure>\n\n\n\n<figure class=\"wp-block-image size-large\"><img loading=\"lazy\" width=\"1024\" height=\"459\" src=\"http:\/\/europa2velos.com\/wp-content\/uploads\/2020\/12\/2020-12-02-3-1-1024x459.jpg\" alt=\"\" class=\"wp-image-1570\" srcset=\"https:\/\/europa2velos.com\/wp-content\/uploads\/2020\/12\/2020-12-02-3-1-1024x459.jpg 1024w, https:\/\/europa2velos.com\/wp-content\/uploads\/2020\/12\/2020-12-02-3-1-300x134.jpg 300w, https:\/\/europa2velos.com\/wp-content\/uploads\/2020\/12\/2020-12-02-3-1-768x344.jpg 768w, https:\/\/europa2velos.com\/wp-content\/uploads\/2020\/12\/2020-12-02-3-1-1536x688.jpg 1536w, https:\/\/europa2velos.com\/wp-content\/uploads\/2020\/12\/2020-12-02-3-1-2048x917.jpg 2048w\" sizes=\"(max-width: 1024px) 100vw, 1024px\" \/><figcaption>C&#8217;est gai, la campagne polonaise, non ?<\/figcaption><\/figure>\n\n\n\n<figure class=\"wp-block-image size-large\"><img loading=\"lazy\" width=\"1024\" height=\"420\" src=\"http:\/\/europa2velos.com\/wp-content\/uploads\/2020\/12\/2020-12-02-4-1-1024x420.jpg\" alt=\"\" class=\"wp-image-1571\" srcset=\"https:\/\/europa2velos.com\/wp-content\/uploads\/2020\/12\/2020-12-02-4-1-1024x420.jpg 1024w, https:\/\/europa2velos.com\/wp-content\/uploads\/2020\/12\/2020-12-02-4-1-300x123.jpg 300w, https:\/\/europa2velos.com\/wp-content\/uploads\/2020\/12\/2020-12-02-4-1-768x315.jpg 768w, https:\/\/europa2velos.com\/wp-content\/uploads\/2020\/12\/2020-12-02-4-1-1536x629.jpg 1536w, https:\/\/europa2velos.com\/wp-content\/uploads\/2020\/12\/2020-12-02-4-1-2048x839.jpg 2048w\" sizes=\"(max-width: 1024px) 100vw, 1024px\" \/><figcaption>15h45 : la nuit est tomb\u00e9e, nous repartons pour encore une trentaine de kilom\u00e8tres jusqu&#8217;\u00e0 Cracovie.<\/figcaption><\/figure>\n\n\n\n<figure class=\"wp-block-image size-large\"><img loading=\"lazy\" width=\"1024\" height=\"640\" src=\"http:\/\/europa2velos.com\/wp-content\/uploads\/2020\/12\/2020-12-03-1024x640.png\" alt=\"\" class=\"wp-image-1534\" srcset=\"https:\/\/europa2velos.com\/wp-content\/uploads\/2020\/12\/2020-12-03-1024x640.png 1024w, https:\/\/europa2velos.com\/wp-content\/uploads\/2020\/12\/2020-12-03-300x188.png 300w, https:\/\/europa2velos.com\/wp-content\/uploads\/2020\/12\/2020-12-03-768x480.png 768w, https:\/\/europa2velos.com\/wp-content\/uploads\/2020\/12\/2020-12-03-1536x960.png 1536w, https:\/\/europa2velos.com\/wp-content\/uploads\/2020\/12\/2020-12-03-2048x1280.png 2048w\" sizes=\"(max-width: 1024px) 100vw, 1024px\" \/><\/figure>\n\n\n\n<p>Jeudi 3 d\u00e9cembre : visite de la vieille ville de Cracovie, une des plus belles d&#8217;Europe de l&#8217;Est, dit-on, mais, un peu aust\u00e8re, surtout avec tous les restaurants et caf\u00e9s ferm\u00e9s et presque personne dans les rues&#8230; Le soir, tr\u00e8s contents de retrouver Mariola, \u00e9tudiante en math de 23 ans, qui nous accueille en <em>couchsurfing<\/em>. Elle a invit\u00e9 un de ses amis, Hubert, 22 ans, \u00e9tudiant en environnement.<\/p>\n\n\n\n<figure class=\"wp-block-image size-large\"><img loading=\"lazy\" width=\"1024\" height=\"768\" src=\"http:\/\/europa2velos.com\/wp-content\/uploads\/2020\/12\/2020-12-03-1-1024x768.jpg\" alt=\"\" class=\"wp-image-1545\" srcset=\"https:\/\/europa2velos.com\/wp-content\/uploads\/2020\/12\/2020-12-03-1-1024x768.jpg 1024w, https:\/\/europa2velos.com\/wp-content\/uploads\/2020\/12\/2020-12-03-1-300x225.jpg 300w, https:\/\/europa2velos.com\/wp-content\/uploads\/2020\/12\/2020-12-03-1-768x576.jpg 768w, https:\/\/europa2velos.com\/wp-content\/uploads\/2020\/12\/2020-12-03-1-1536x1153.jpg 1536w, https:\/\/europa2velos.com\/wp-content\/uploads\/2020\/12\/2020-12-03-1-2048x1537.jpg 2048w\" sizes=\"(max-width: 1024px) 100vw, 1024px\" \/><\/figure>\n\n\n\n<figure class=\"wp-block-image size-large\"><img loading=\"lazy\" width=\"1019\" height=\"1024\" src=\"http:\/\/europa2velos.com\/wp-content\/uploads\/2020\/12\/2020-12-03-2-1019x1024.jpg\" alt=\"\" class=\"wp-image-1546\" srcset=\"https:\/\/europa2velos.com\/wp-content\/uploads\/2020\/12\/2020-12-03-2-1019x1024.jpg 1019w, https:\/\/europa2velos.com\/wp-content\/uploads\/2020\/12\/2020-12-03-2-298x300.jpg 298w, https:\/\/europa2velos.com\/wp-content\/uploads\/2020\/12\/2020-12-03-2-150x150.jpg 150w, https:\/\/europa2velos.com\/wp-content\/uploads\/2020\/12\/2020-12-03-2-768x772.jpg 768w, https:\/\/europa2velos.com\/wp-content\/uploads\/2020\/12\/2020-12-03-2-1528x1536.jpg 1528w, https:\/\/europa2velos.com\/wp-content\/uploads\/2020\/12\/2020-12-03-2-2038x2048.jpg 2038w\" sizes=\"(max-width: 1019px) 100vw, 1019px\" \/><\/figure>\n\n\n\n<figure class=\"wp-block-image size-large\"><img loading=\"lazy\" width=\"1024\" height=\"631\" src=\"http:\/\/europa2velos.com\/wp-content\/uploads\/2020\/12\/2020-12-03-3-1024x631.jpg\" alt=\"\" class=\"wp-image-1547\" srcset=\"https:\/\/europa2velos.com\/wp-content\/uploads\/2020\/12\/2020-12-03-3-1024x631.jpg 1024w, https:\/\/europa2velos.com\/wp-content\/uploads\/2020\/12\/2020-12-03-3-300x185.jpg 300w, https:\/\/europa2velos.com\/wp-content\/uploads\/2020\/12\/2020-12-03-3-768x473.jpg 768w, https:\/\/europa2velos.com\/wp-content\/uploads\/2020\/12\/2020-12-03-3-1536x947.jpg 1536w, https:\/\/europa2velos.com\/wp-content\/uploads\/2020\/12\/2020-12-03-3-2048x1262.jpg 2048w\" sizes=\"(max-width: 1024px) 100vw, 1024px\" \/><\/figure>\n\n\n\n<figure class=\"wp-block-image size-large\"><img loading=\"lazy\" width=\"1024\" height=\"725\" src=\"http:\/\/europa2velos.com\/wp-content\/uploads\/2020\/12\/2020-12-03-4-1024x725.jpg\" alt=\"\" class=\"wp-image-1548\" srcset=\"https:\/\/europa2velos.com\/wp-content\/uploads\/2020\/12\/2020-12-03-4-1024x725.jpg 1024w, https:\/\/europa2velos.com\/wp-content\/uploads\/2020\/12\/2020-12-03-4-300x213.jpg 300w, https:\/\/europa2velos.com\/wp-content\/uploads\/2020\/12\/2020-12-03-4-768x544.jpg 768w, https:\/\/europa2velos.com\/wp-content\/uploads\/2020\/12\/2020-12-03-4-1536x1088.jpg 1536w, https:\/\/europa2velos.com\/wp-content\/uploads\/2020\/12\/2020-12-03-4-2048x1451.jpg 2048w\" sizes=\"(max-width: 1024px) 100vw, 1024px\" \/><\/figure>\n\n\n\n<figure class=\"wp-block-image size-large\"><img loading=\"lazy\" width=\"1024\" height=\"487\" src=\"http:\/\/europa2velos.com\/wp-content\/uploads\/2020\/12\/2020-12-03-5-1-1024x487.jpg\" alt=\"\" class=\"wp-image-1572\" srcset=\"https:\/\/europa2velos.com\/wp-content\/uploads\/2020\/12\/2020-12-03-5-1-1024x487.jpg 1024w, https:\/\/europa2velos.com\/wp-content\/uploads\/2020\/12\/2020-12-03-5-1-300x143.jpg 300w, https:\/\/europa2velos.com\/wp-content\/uploads\/2020\/12\/2020-12-03-5-1-768x365.jpg 768w, https:\/\/europa2velos.com\/wp-content\/uploads\/2020\/12\/2020-12-03-5-1-1536x731.jpg 1536w, https:\/\/europa2velos.com\/wp-content\/uploads\/2020\/12\/2020-12-03-5-1-2048x974.jpg 2048w\" sizes=\"(max-width: 1024px) 100vw, 1024px\" \/><figcaption>Elio, Mariola, Hubert, Justin, soir\u00e9e \u00e0 la polonaise&#8230;<\/figcaption><\/figure>\n\n\n\n<figure class=\"wp-block-image size-large\"><img loading=\"lazy\" width=\"1024\" height=\"534\" src=\"http:\/\/europa2velos.com\/wp-content\/uploads\/2020\/12\/2020-12-03-6-1-1024x534.jpg\" alt=\"\" class=\"wp-image-1573\" srcset=\"https:\/\/europa2velos.com\/wp-content\/uploads\/2020\/12\/2020-12-03-6-1-1024x534.jpg 1024w, https:\/\/europa2velos.com\/wp-content\/uploads\/2020\/12\/2020-12-03-6-1-300x156.jpg 300w, https:\/\/europa2velos.com\/wp-content\/uploads\/2020\/12\/2020-12-03-6-1-768x400.jpg 768w, https:\/\/europa2velos.com\/wp-content\/uploads\/2020\/12\/2020-12-03-6-1-1536x801.jpg 1536w, https:\/\/europa2velos.com\/wp-content\/uploads\/2020\/12\/2020-12-03-6-1-2048x1068.jpg 2048w\" sizes=\"(max-width: 1024px) 100vw, 1024px\" \/><figcaption>D\u00e9bat anim\u00e9<\/figcaption><\/figure>\n\n\n\n<figure class=\"wp-block-image size-large\"><img loading=\"lazy\" width=\"1024\" height=\"571\" src=\"http:\/\/europa2velos.com\/wp-content\/uploads\/2020\/12\/2020-12-03-7-1024x571.jpg\" alt=\"\" class=\"wp-image-1551\" srcset=\"https:\/\/europa2velos.com\/wp-content\/uploads\/2020\/12\/2020-12-03-7-1024x571.jpg 1024w, https:\/\/europa2velos.com\/wp-content\/uploads\/2020\/12\/2020-12-03-7-300x167.jpg 300w, https:\/\/europa2velos.com\/wp-content\/uploads\/2020\/12\/2020-12-03-7-768x428.jpg 768w, https:\/\/europa2velos.com\/wp-content\/uploads\/2020\/12\/2020-12-03-7-1536x856.jpg 1536w, https:\/\/europa2velos.com\/wp-content\/uploads\/2020\/12\/2020-12-03-7-2048x1141.jpg 2048w, https:\/\/europa2velos.com\/wp-content\/uploads\/2020\/12\/2020-12-03-7-366x205.jpg 366w, https:\/\/europa2velos.com\/wp-content\/uploads\/2020\/12\/2020-12-03-7-165x92.jpg 165w, https:\/\/europa2velos.com\/wp-content\/uploads\/2020\/12\/2020-12-03-7-249x140.jpg 249w, https:\/\/europa2velos.com\/wp-content\/uploads\/2020\/12\/2020-12-03-7-232x130.jpg 232w, https:\/\/europa2velos.com\/wp-content\/uploads\/2020\/12\/2020-12-03-7-344x193.jpg 344w\" sizes=\"(max-width: 1024px) 100vw, 1024px\" \/><figcaption>Justin parle avec Hubert&#8230;<\/figcaption><\/figure>\n\n\n\n<figure class=\"wp-block-image size-large\"><img loading=\"lazy\" width=\"1024\" height=\"414\" src=\"http:\/\/europa2velos.com\/wp-content\/uploads\/2020\/12\/2020-12-03-8-1-1024x414.jpg\" alt=\"\" class=\"wp-image-1574\" srcset=\"https:\/\/europa2velos.com\/wp-content\/uploads\/2020\/12\/2020-12-03-8-1-1024x414.jpg 1024w, https:\/\/europa2velos.com\/wp-content\/uploads\/2020\/12\/2020-12-03-8-1-300x121.jpg 300w, https:\/\/europa2velos.com\/wp-content\/uploads\/2020\/12\/2020-12-03-8-1-768x310.jpg 768w, https:\/\/europa2velos.com\/wp-content\/uploads\/2020\/12\/2020-12-03-8-1-1536x621.jpg 1536w, https:\/\/europa2velos.com\/wp-content\/uploads\/2020\/12\/2020-12-03-8-1-2048x828.jpg 2048w\" sizes=\"(max-width: 1024px) 100vw, 1024px\" \/><figcaption>&#8230;Hubert parle avec Elio.<\/figcaption><\/figure>\n\n\n\n<figure class=\"wp-block-image size-large\"><img loading=\"lazy\" width=\"1024\" height=\"542\" src=\"http:\/\/europa2velos.com\/wp-content\/uploads\/2020\/12\/2020-12-03-9-1024x542.jpg\" alt=\"\" class=\"wp-image-1553\" srcset=\"https:\/\/europa2velos.com\/wp-content\/uploads\/2020\/12\/2020-12-03-9-1024x542.jpg 1024w, https:\/\/europa2velos.com\/wp-content\/uploads\/2020\/12\/2020-12-03-9-300x159.jpg 300w, https:\/\/europa2velos.com\/wp-content\/uploads\/2020\/12\/2020-12-03-9-768x407.jpg 768w, https:\/\/europa2velos.com\/wp-content\/uploads\/2020\/12\/2020-12-03-9-1536x813.jpg 1536w, https:\/\/europa2velos.com\/wp-content\/uploads\/2020\/12\/2020-12-03-9-2048x1084.jpg 2048w\" sizes=\"(max-width: 1024px) 100vw, 1024px\" \/><figcaption>Elio sort le grand jeu&#8230;<\/figcaption><\/figure>\n\n\n\n<figure class=\"wp-block-image size-large\"><img loading=\"lazy\" width=\"1024\" height=\"576\" src=\"http:\/\/europa2velos.com\/wp-content\/uploads\/2020\/12\/2020-12-04-A-1024x576.png\" alt=\"\" class=\"wp-image-1535\" srcset=\"https:\/\/europa2velos.com\/wp-content\/uploads\/2020\/12\/2020-12-04-A-1024x576.png 1024w, https:\/\/europa2velos.com\/wp-content\/uploads\/2020\/12\/2020-12-04-A-300x169.png 300w, https:\/\/europa2velos.com\/wp-content\/uploads\/2020\/12\/2020-12-04-A-768x432.png 768w, https:\/\/europa2velos.com\/wp-content\/uploads\/2020\/12\/2020-12-04-A-1536x864.png 1536w, https:\/\/europa2velos.com\/wp-content\/uploads\/2020\/12\/2020-12-04-A-1104x621.png 1104w, https:\/\/europa2velos.com\/wp-content\/uploads\/2020\/12\/2020-12-04-A-366x205.png 366w, https:\/\/europa2velos.com\/wp-content\/uploads\/2020\/12\/2020-12-04-A-534x300.png 534w, https:\/\/europa2velos.com\/wp-content\/uploads\/2020\/12\/2020-12-04-A-165x92.png 165w, https:\/\/europa2velos.com\/wp-content\/uploads\/2020\/12\/2020-12-04-A-249x140.png 249w, https:\/\/europa2velos.com\/wp-content\/uploads\/2020\/12\/2020-12-04-A-232x130.png 232w, https:\/\/europa2velos.com\/wp-content\/uploads\/2020\/12\/2020-12-04-A-344x193.png 344w, https:\/\/europa2velos.com\/wp-content\/uploads\/2020\/12\/2020-12-04-A.png 1920w\" sizes=\"(max-width: 1024px) 100vw, 1024px\" \/><\/figure>\n\n\n\n<p>Vendredi 4 d\u00e9cembre : Mariola et Hubert nous font visiter deux &#8220;spots&#8221; \u00e0 l&#8217;ext\u00e9rieur de Cracovie&#8230; beaucoup de transport pour y aller et des embouteillages. D&#8217;abord, une ancienne mine dont le lac tr\u00e8s profond attire les nageurs bravant l&#8217;hiver et dont les alentours sont propices aux rave-party. La promenade est cool. A quelques kilom\u00e8tres, une colline artificielle d&#8217;o\u00f9 on domine la ville, \u00e9tendue en longueur le long de la Vistule. C&#8217;est plut\u00f4t pour les touristes, mais bon&#8230;<\/p>\n\n\n\n<figure class=\"wp-block-image size-large\"><img loading=\"lazy\" width=\"1024\" height=\"583\" src=\"http:\/\/europa2velos.com\/wp-content\/uploads\/2020\/12\/2020-12-04-1-1024x583.jpg\" alt=\"\" class=\"wp-image-1554\" srcset=\"https:\/\/europa2velos.com\/wp-content\/uploads\/2020\/12\/2020-12-04-1-1024x583.jpg 1024w, https:\/\/europa2velos.com\/wp-content\/uploads\/2020\/12\/2020-12-04-1-300x171.jpg 300w, https:\/\/europa2velos.com\/wp-content\/uploads\/2020\/12\/2020-12-04-1-768x437.jpg 768w, https:\/\/europa2velos.com\/wp-content\/uploads\/2020\/12\/2020-12-04-1-1536x875.jpg 1536w, https:\/\/europa2velos.com\/wp-content\/uploads\/2020\/12\/2020-12-04-1.jpg 1600w\" sizes=\"(max-width: 1024px) 100vw, 1024px\" \/><figcaption>Brossage des dents chez Mariola&#8230;<\/figcaption><\/figure>\n\n\n\n<figure class=\"wp-block-image size-large\"><img loading=\"lazy\" width=\"1024\" height=\"525\" src=\"http:\/\/europa2velos.com\/wp-content\/uploads\/2020\/12\/2020-12-04-2-1024x525.jpg\" alt=\"\" class=\"wp-image-1555\" srcset=\"https:\/\/europa2velos.com\/wp-content\/uploads\/2020\/12\/2020-12-04-2-1024x525.jpg 1024w, https:\/\/europa2velos.com\/wp-content\/uploads\/2020\/12\/2020-12-04-2-300x154.jpg 300w, https:\/\/europa2velos.com\/wp-content\/uploads\/2020\/12\/2020-12-04-2-768x394.jpg 768w, https:\/\/europa2velos.com\/wp-content\/uploads\/2020\/12\/2020-12-04-2-1536x788.jpg 1536w, https:\/\/europa2velos.com\/wp-content\/uploads\/2020\/12\/2020-12-04-2-2048x1051.jpg 2048w\" sizes=\"(max-width: 1024px) 100vw, 1024px\" \/><figcaption>Elle habite une collocation dans une grande barre de cit\u00e9, loin du centre.<\/figcaption><\/figure>\n\n\n\n<figure class=\"wp-block-image size-large\"><img loading=\"lazy\" width=\"1024\" height=\"564\" src=\"http:\/\/europa2velos.com\/wp-content\/uploads\/2020\/12\/2020-12-04-3-1024x564.jpg\" alt=\"\" class=\"wp-image-1556\" srcset=\"https:\/\/europa2velos.com\/wp-content\/uploads\/2020\/12\/2020-12-04-3-1024x564.jpg 1024w, https:\/\/europa2velos.com\/wp-content\/uploads\/2020\/12\/2020-12-04-3-300x165.jpg 300w, https:\/\/europa2velos.com\/wp-content\/uploads\/2020\/12\/2020-12-04-3-768x423.jpg 768w, https:\/\/europa2velos.com\/wp-content\/uploads\/2020\/12\/2020-12-04-3-1536x845.jpg 1536w, https:\/\/europa2velos.com\/wp-content\/uploads\/2020\/12\/2020-12-04-3-2048x1127.jpg 2048w, https:\/\/europa2velos.com\/wp-content\/uploads\/2020\/12\/2020-12-04-3-165x92.jpg 165w\" sizes=\"(max-width: 1024px) 100vw, 1024px\" \/><figcaption>Un lagon, tout pr\u00e8s d&#8217;un grand centre commercial en bordure de ville.<\/figcaption><\/figure>\n\n\n\n<figure class=\"wp-block-image size-large\"><img loading=\"lazy\" width=\"1024\" height=\"614\" src=\"http:\/\/europa2velos.com\/wp-content\/uploads\/2020\/12\/2020-12-04-4-1024x614.jpg\" alt=\"\" class=\"wp-image-1557\" srcset=\"https:\/\/europa2velos.com\/wp-content\/uploads\/2020\/12\/2020-12-04-4-1024x614.jpg 1024w, https:\/\/europa2velos.com\/wp-content\/uploads\/2020\/12\/2020-12-04-4-300x180.jpg 300w, https:\/\/europa2velos.com\/wp-content\/uploads\/2020\/12\/2020-12-04-4-768x460.jpg 768w, https:\/\/europa2velos.com\/wp-content\/uploads\/2020\/12\/2020-12-04-4-1536x920.jpg 1536w, https:\/\/europa2velos.com\/wp-content\/uploads\/2020\/12\/2020-12-04-4-2048x1227.jpg 2048w\" sizes=\"(max-width: 1024px) 100vw, 1024px\" \/><figcaption>Mariola, Justin, Elio, JP, Hubert<\/figcaption><\/figure>\n\n\n\n<figure class=\"wp-block-image size-large\"><img loading=\"lazy\" width=\"1024\" height=\"553\" src=\"http:\/\/europa2velos.com\/wp-content\/uploads\/2020\/12\/2020-12-04-5-1024x553.jpg\" alt=\"\" class=\"wp-image-1558\" srcset=\"https:\/\/europa2velos.com\/wp-content\/uploads\/2020\/12\/2020-12-04-5-1024x553.jpg 1024w, https:\/\/europa2velos.com\/wp-content\/uploads\/2020\/12\/2020-12-04-5-300x162.jpg 300w, https:\/\/europa2velos.com\/wp-content\/uploads\/2020\/12\/2020-12-04-5-768x414.jpg 768w, https:\/\/europa2velos.com\/wp-content\/uploads\/2020\/12\/2020-12-04-5-1536x829.jpg 1536w, https:\/\/europa2velos.com\/wp-content\/uploads\/2020\/12\/2020-12-04-5-2048x1105.jpg 2048w\" sizes=\"(max-width: 1024px) 100vw, 1024px\" \/><figcaption>La vue depuis Kopiec Kosciuszki<\/figcaption><\/figure>\n\n\n\n<figure class=\"wp-block-image size-large\"><img loading=\"lazy\" width=\"1024\" height=\"576\" src=\"http:\/\/europa2velos.com\/wp-content\/uploads\/2020\/12\/2020-12-05-A-1024x576.png\" alt=\"\" class=\"wp-image-1536\" srcset=\"https:\/\/europa2velos.com\/wp-content\/uploads\/2020\/12\/2020-12-05-A-1024x576.png 1024w, https:\/\/europa2velos.com\/wp-content\/uploads\/2020\/12\/2020-12-05-A-300x169.png 300w, https:\/\/europa2velos.com\/wp-content\/uploads\/2020\/12\/2020-12-05-A-768x432.png 768w, https:\/\/europa2velos.com\/wp-content\/uploads\/2020\/12\/2020-12-05-A-1536x864.png 1536w, https:\/\/europa2velos.com\/wp-content\/uploads\/2020\/12\/2020-12-05-A-1104x621.png 1104w, https:\/\/europa2velos.com\/wp-content\/uploads\/2020\/12\/2020-12-05-A-366x205.png 366w, https:\/\/europa2velos.com\/wp-content\/uploads\/2020\/12\/2020-12-05-A-534x300.png 534w, https:\/\/europa2velos.com\/wp-content\/uploads\/2020\/12\/2020-12-05-A-165x92.png 165w, https:\/\/europa2velos.com\/wp-content\/uploads\/2020\/12\/2020-12-05-A-249x140.png 249w, https:\/\/europa2velos.com\/wp-content\/uploads\/2020\/12\/2020-12-05-A-232x130.png 232w, https:\/\/europa2velos.com\/wp-content\/uploads\/2020\/12\/2020-12-05-A-344x193.png 344w, https:\/\/europa2velos.com\/wp-content\/uploads\/2020\/12\/2020-12-05-A.png 1920w\" sizes=\"(max-width: 1024px) 100vw, 1024px\" \/><\/figure>\n\n\n\n<p>Samedi 5 d\u00e9cembre : de Cracovie \u00e0 Oswiecim. Une route un peu monotone, mais toute une partie en piste cyclable loin des routes, bord\u00e9e d&#8217;\u00e9tangs et de bois, avec un magnifique coucher de soleil. Attention, les couleurs n&#8217;ont pas \u00e9t\u00e9 trafiqu\u00e9es, c&#8217;\u00e9tait vraiment \u00e7a !<\/p>\n\n\n\n<figure class=\"wp-block-image size-large\"><img loading=\"lazy\" width=\"1024\" height=\"561\" src=\"http:\/\/europa2velos.com\/wp-content\/uploads\/2020\/12\/2020-12-05-1-1-1024x561.jpg\" alt=\"\" class=\"wp-image-1575\" srcset=\"https:\/\/europa2velos.com\/wp-content\/uploads\/2020\/12\/2020-12-05-1-1-1024x561.jpg 1024w, https:\/\/europa2velos.com\/wp-content\/uploads\/2020\/12\/2020-12-05-1-1-300x164.jpg 300w, https:\/\/europa2velos.com\/wp-content\/uploads\/2020\/12\/2020-12-05-1-1-768x421.jpg 768w, https:\/\/europa2velos.com\/wp-content\/uploads\/2020\/12\/2020-12-05-1-1-1536x842.jpg 1536w, https:\/\/europa2velos.com\/wp-content\/uploads\/2020\/12\/2020-12-05-1-1-2048x1122.jpg 2048w\" sizes=\"(max-width: 1024px) 100vw, 1024px\" \/><\/figure>\n\n\n\n<figure class=\"wp-block-image size-large\"><img loading=\"lazy\" width=\"1024\" height=\"576\" src=\"http:\/\/europa2velos.com\/wp-content\/uploads\/2020\/12\/2020-12-05-2-1024x576.jpg\" alt=\"\" class=\"wp-image-1560\" srcset=\"https:\/\/europa2velos.com\/wp-content\/uploads\/2020\/12\/2020-12-05-2-1024x576.jpg 1024w, https:\/\/europa2velos.com\/wp-content\/uploads\/2020\/12\/2020-12-05-2-300x169.jpg 300w, https:\/\/europa2velos.com\/wp-content\/uploads\/2020\/12\/2020-12-05-2-768x432.jpg 768w, https:\/\/europa2velos.com\/wp-content\/uploads\/2020\/12\/2020-12-05-2-1536x864.jpg 1536w, https:\/\/europa2velos.com\/wp-content\/uploads\/2020\/12\/2020-12-05-2-1104x621.jpg 1104w, https:\/\/europa2velos.com\/wp-content\/uploads\/2020\/12\/2020-12-05-2-366x205.jpg 366w, https:\/\/europa2velos.com\/wp-content\/uploads\/2020\/12\/2020-12-05-2-534x300.jpg 534w, https:\/\/europa2velos.com\/wp-content\/uploads\/2020\/12\/2020-12-05-2-165x92.jpg 165w, https:\/\/europa2velos.com\/wp-content\/uploads\/2020\/12\/2020-12-05-2-249x140.jpg 249w, https:\/\/europa2velos.com\/wp-content\/uploads\/2020\/12\/2020-12-05-2-232x130.jpg 232w, https:\/\/europa2velos.com\/wp-content\/uploads\/2020\/12\/2020-12-05-2-344x193.jpg 344w, https:\/\/europa2velos.com\/wp-content\/uploads\/2020\/12\/2020-12-05-2.jpg 1920w\" sizes=\"(max-width: 1024px) 100vw, 1024px\" \/><\/figure>\n\n\n\n<figure class=\"wp-block-image size-large\"><img loading=\"lazy\" width=\"1024\" height=\"878\" src=\"http:\/\/europa2velos.com\/wp-content\/uploads\/2020\/12\/2020-12-05-3-1-1024x878.jpg\" alt=\"\" class=\"wp-image-1576\" srcset=\"https:\/\/europa2velos.com\/wp-content\/uploads\/2020\/12\/2020-12-05-3-1-1024x878.jpg 1024w, https:\/\/europa2velos.com\/wp-content\/uploads\/2020\/12\/2020-12-05-3-1-300x257.jpg 300w, https:\/\/europa2velos.com\/wp-content\/uploads\/2020\/12\/2020-12-05-3-1-768x658.jpg 768w, https:\/\/europa2velos.com\/wp-content\/uploads\/2020\/12\/2020-12-05-3-1-1536x1316.jpg 1536w, https:\/\/europa2velos.com\/wp-content\/uploads\/2020\/12\/2020-12-05-3-1-2048x1755.jpg 2048w\" sizes=\"(max-width: 1024px) 100vw, 1024px\" \/><\/figure>\n\n\n\n<figure class=\"wp-block-image size-large\"><img loading=\"lazy\" width=\"1024\" height=\"612\" src=\"http:\/\/europa2velos.com\/wp-content\/uploads\/2020\/12\/2020-12-05-4-1-1024x612.jpg\" alt=\"\" class=\"wp-image-1577\" srcset=\"https:\/\/europa2velos.com\/wp-content\/uploads\/2020\/12\/2020-12-05-4-1-1024x612.jpg 1024w, https:\/\/europa2velos.com\/wp-content\/uploads\/2020\/12\/2020-12-05-4-1-300x179.jpg 300w, https:\/\/europa2velos.com\/wp-content\/uploads\/2020\/12\/2020-12-05-4-1-768x459.jpg 768w, https:\/\/europa2velos.com\/wp-content\/uploads\/2020\/12\/2020-12-05-4-1-1536x917.jpg 1536w, https:\/\/europa2velos.com\/wp-content\/uploads\/2020\/12\/2020-12-05-4-1-2048x1223.jpg 2048w\" sizes=\"(max-width: 1024px) 100vw, 1024px\" \/><\/figure>\n\n\n\n<figure class=\"wp-block-image size-large\"><img loading=\"lazy\" width=\"1024\" height=\"576\" src=\"http:\/\/europa2velos.com\/wp-content\/uploads\/2020\/12\/2020-12-06-A-1024x576.png\" alt=\"\" class=\"wp-image-1537\" srcset=\"https:\/\/europa2velos.com\/wp-content\/uploads\/2020\/12\/2020-12-06-A-1024x576.png 1024w, https:\/\/europa2velos.com\/wp-content\/uploads\/2020\/12\/2020-12-06-A-300x169.png 300w, https:\/\/europa2velos.com\/wp-content\/uploads\/2020\/12\/2020-12-06-A-768x432.png 768w, https:\/\/europa2velos.com\/wp-content\/uploads\/2020\/12\/2020-12-06-A-1536x864.png 1536w, https:\/\/europa2velos.com\/wp-content\/uploads\/2020\/12\/2020-12-06-A-1104x621.png 1104w, https:\/\/europa2velos.com\/wp-content\/uploads\/2020\/12\/2020-12-06-A-366x205.png 366w, https:\/\/europa2velos.com\/wp-content\/uploads\/2020\/12\/2020-12-06-A-534x300.png 534w, https:\/\/europa2velos.com\/wp-content\/uploads\/2020\/12\/2020-12-06-A-165x92.png 165w, https:\/\/europa2velos.com\/wp-content\/uploads\/2020\/12\/2020-12-06-A-249x140.png 249w, https:\/\/europa2velos.com\/wp-content\/uploads\/2020\/12\/2020-12-06-A-232x130.png 232w, https:\/\/europa2velos.com\/wp-content\/uploads\/2020\/12\/2020-12-06-A-344x193.png 344w, https:\/\/europa2velos.com\/wp-content\/uploads\/2020\/12\/2020-12-06-A.png 1920w\" sizes=\"(max-width: 1024px) 100vw, 1024px\" \/><\/figure>\n\n\n\n<p>Dimanche 6 d\u00e9cembre : Auschwitz. La visite des vestiges et le mus\u00e9e sont ferm\u00e9s \u00e0 cause du COVID. Mais on voit bien les sites, les rails, les baraquements \u00e0 travers les barbel\u00e9s. Difficile d&#8217;en parler. 1 100 000 morts extermin\u00e9s par les nazis sur ces quelques hectares.<\/p>\n\n\n\n<figure class=\"wp-block-image size-large\"><img loading=\"lazy\" width=\"1024\" height=\"465\" src=\"http:\/\/europa2velos.com\/wp-content\/uploads\/2020\/12\/2020-12-06-1-1024x465.jpg\" alt=\"\" class=\"wp-image-1563\" srcset=\"https:\/\/europa2velos.com\/wp-content\/uploads\/2020\/12\/2020-12-06-1-1024x465.jpg 1024w, https:\/\/europa2velos.com\/wp-content\/uploads\/2020\/12\/2020-12-06-1-300x136.jpg 300w, https:\/\/europa2velos.com\/wp-content\/uploads\/2020\/12\/2020-12-06-1-768x348.jpg 768w, https:\/\/europa2velos.com\/wp-content\/uploads\/2020\/12\/2020-12-06-1-1536x697.jpg 1536w, https:\/\/europa2velos.com\/wp-content\/uploads\/2020\/12\/2020-12-06-1-2048x929.jpg 2048w\" sizes=\"(max-width: 1024px) 100vw, 1024px\" \/><\/figure>\n\n\n\n<figure class=\"wp-block-image size-large\"><img loading=\"lazy\" width=\"1024\" height=\"481\" src=\"http:\/\/europa2velos.com\/wp-content\/uploads\/2020\/12\/2020-12-06-2-1024x481.jpg\" alt=\"\" class=\"wp-image-1564\" srcset=\"https:\/\/europa2velos.com\/wp-content\/uploads\/2020\/12\/2020-12-06-2-1024x481.jpg 1024w, https:\/\/europa2velos.com\/wp-content\/uploads\/2020\/12\/2020-12-06-2-300x141.jpg 300w, https:\/\/europa2velos.com\/wp-content\/uploads\/2020\/12\/2020-12-06-2-768x361.jpg 768w, https:\/\/europa2velos.com\/wp-content\/uploads\/2020\/12\/2020-12-06-2-1536x721.jpg 1536w, https:\/\/europa2velos.com\/wp-content\/uploads\/2020\/12\/2020-12-06-2-2048x962.jpg 2048w\" sizes=\"(max-width: 1024px) 100vw, 1024px\" \/><\/figure>\n\n\n\n<figure class=\"wp-block-image size-large\"><img loading=\"lazy\" width=\"1024\" height=\"544\" src=\"http:\/\/europa2velos.com\/wp-content\/uploads\/2020\/12\/2020-12-06-3-1024x544.jpg\" alt=\"\" class=\"wp-image-1565\" srcset=\"https:\/\/europa2velos.com\/wp-content\/uploads\/2020\/12\/2020-12-06-3-1024x544.jpg 1024w, https:\/\/europa2velos.com\/wp-content\/uploads\/2020\/12\/2020-12-06-3-300x159.jpg 300w, https:\/\/europa2velos.com\/wp-content\/uploads\/2020\/12\/2020-12-06-3-768x408.jpg 768w, https:\/\/europa2velos.com\/wp-content\/uploads\/2020\/12\/2020-12-06-3-1536x816.jpg 1536w, https:\/\/europa2velos.com\/wp-content\/uploads\/2020\/12\/2020-12-06-3-2048x1089.jpg 2048w\" sizes=\"(max-width: 1024px) 100vw, 1024px\" \/><\/figure>\n\n\n\n<figure class=\"wp-block-image size-large\"><img loading=\"lazy\" width=\"1024\" height=\"576\" src=\"http:\/\/europa2velos.com\/wp-content\/uploads\/2020\/12\/2020-12-07-A-1024x576.png\" alt=\"\" class=\"wp-image-1538\" srcset=\"https:\/\/europa2velos.com\/wp-content\/uploads\/2020\/12\/2020-12-07-A-1024x576.png 1024w, https:\/\/europa2velos.com\/wp-content\/uploads\/2020\/12\/2020-12-07-A-300x169.png 300w, https:\/\/europa2velos.com\/wp-content\/uploads\/2020\/12\/2020-12-07-A-768x432.png 768w, https:\/\/europa2velos.com\/wp-content\/uploads\/2020\/12\/2020-12-07-A-1536x864.png 1536w, https:\/\/europa2velos.com\/wp-content\/uploads\/2020\/12\/2020-12-07-A-1104x621.png 1104w, https:\/\/europa2velos.com\/wp-content\/uploads\/2020\/12\/2020-12-07-A-366x205.png 366w, https:\/\/europa2velos.com\/wp-content\/uploads\/2020\/12\/2020-12-07-A-534x300.png 534w, https:\/\/europa2velos.com\/wp-content\/uploads\/2020\/12\/2020-12-07-A-165x92.png 165w, https:\/\/europa2velos.com\/wp-content\/uploads\/2020\/12\/2020-12-07-A-249x140.png 249w, https:\/\/europa2velos.com\/wp-content\/uploads\/2020\/12\/2020-12-07-A-232x130.png 232w, https:\/\/europa2velos.com\/wp-content\/uploads\/2020\/12\/2020-12-07-A-344x193.png 344w, https:\/\/europa2velos.com\/wp-content\/uploads\/2020\/12\/2020-12-07-A.png 1920w\" sizes=\"(max-width: 1024px) 100vw, 1024px\" \/><\/figure>\n\n\n\n<p>Lundi 7 d\u00e9cembre : Notre programme pour le prochaine mois est compl\u00e8tement perturb\u00e9, parce que nous avons appris hier soir que l&#8217;Italie a ferm\u00e9 ses fronti\u00e8res \u00e0 toute personne venant de France, du 21 d\u00e9cembre au 5 janvier. C&#8217;\u00e9tait notre objectif depuis deux mois : retrouver nos copines pendant la deuxi\u00e8me semaine de leurs vacances scolaires, \u00e0 partir du 27 d\u00e9cembre. Tout \u00e9tait pr\u00e9vu. Parmi les autres destinations envisageables, la Tch\u00e9quie ayant \u00e0 l&#8217;inverse r\u00e9ouvert ses fronti\u00e8res, seul Prague tient la route, le reste est beaucoup trop cher (vol depuis Toulouse + logement sur place). Mais c&#8217;est beaucoup plus pr\u00e8s pour nous (450km au lieu de 1000km), on ne sait plus trop quel programme se faire d&#8217;ici l\u00e0. Nous plantons la tente dans un bois, \u00e0 quelques kilom\u00e8tres d&#8217;Auschwitz.<\/p>\n\n\n\n<figure class=\"wp-block-image size-large\"><img loading=\"lazy\" width=\"1024\" height=\"576\" src=\"http:\/\/europa2velos.com\/wp-content\/uploads\/2020\/12\/2020-12-07-1024x576.jpg\" alt=\"\" class=\"wp-image-1578\" srcset=\"https:\/\/europa2velos.com\/wp-content\/uploads\/2020\/12\/2020-12-07-1024x576.jpg 1024w, https:\/\/europa2velos.com\/wp-content\/uploads\/2020\/12\/2020-12-07-300x169.jpg 300w, https:\/\/europa2velos.com\/wp-content\/uploads\/2020\/12\/2020-12-07-768x432.jpg 768w, https:\/\/europa2velos.com\/wp-content\/uploads\/2020\/12\/2020-12-07-1536x864.jpg 1536w, https:\/\/europa2velos.com\/wp-content\/uploads\/2020\/12\/2020-12-07-1104x621.jpg 1104w, https:\/\/europa2velos.com\/wp-content\/uploads\/2020\/12\/2020-12-07-366x205.jpg 366w, https:\/\/europa2velos.com\/wp-content\/uploads\/2020\/12\/2020-12-07-534x300.jpg 534w, https:\/\/europa2velos.com\/wp-content\/uploads\/2020\/12\/2020-12-07-165x92.jpg 165w, https:\/\/europa2velos.com\/wp-content\/uploads\/2020\/12\/2020-12-07-249x140.jpg 249w, https:\/\/europa2velos.com\/wp-content\/uploads\/2020\/12\/2020-12-07-232x130.jpg 232w, https:\/\/europa2velos.com\/wp-content\/uploads\/2020\/12\/2020-12-07-344x193.jpg 344w, https:\/\/europa2velos.com\/wp-content\/uploads\/2020\/12\/2020-12-07.jpg 1920w\" sizes=\"(max-width: 1024px) 100vw, 1024px\" \/><\/figure>\n\n\n\n<figure class=\"wp-block-image size-large\"><img loading=\"lazy\" width=\"1024\" height=\"576\" src=\"http:\/\/europa2velos.com\/wp-content\/uploads\/2020\/12\/2020-12-08-A-1024x576.png\" alt=\"\" class=\"wp-image-1539\" srcset=\"https:\/\/europa2velos.com\/wp-content\/uploads\/2020\/12\/2020-12-08-A-1024x576.png 1024w, https:\/\/europa2velos.com\/wp-content\/uploads\/2020\/12\/2020-12-08-A-300x169.png 300w, https:\/\/europa2velos.com\/wp-content\/uploads\/2020\/12\/2020-12-08-A-768x432.png 768w, https:\/\/europa2velos.com\/wp-content\/uploads\/2020\/12\/2020-12-08-A-1536x864.png 1536w, https:\/\/europa2velos.com\/wp-content\/uploads\/2020\/12\/2020-12-08-A-1104x621.png 1104w, https:\/\/europa2velos.com\/wp-content\/uploads\/2020\/12\/2020-12-08-A-366x205.png 366w, https:\/\/europa2velos.com\/wp-content\/uploads\/2020\/12\/2020-12-08-A-534x300.png 534w, https:\/\/europa2velos.com\/wp-content\/uploads\/2020\/12\/2020-12-08-A-165x92.png 165w, https:\/\/europa2velos.com\/wp-content\/uploads\/2020\/12\/2020-12-08-A-249x140.png 249w, https:\/\/europa2velos.com\/wp-content\/uploads\/2020\/12\/2020-12-08-A-232x130.png 232w, https:\/\/europa2velos.com\/wp-content\/uploads\/2020\/12\/2020-12-08-A-344x193.png 344w, https:\/\/europa2velos.com\/wp-content\/uploads\/2020\/12\/2020-12-08-A.png 1920w\" sizes=\"(max-width: 1024px) 100vw, 1024px\" \/><\/figure>\n\n\n\n<p>Mardi 8 d\u00e9cembre : On a trouv\u00e9 un <em>couchsurfing<\/em> \u00e0 Katowice. Depuis dimanche soir, beaucoup d&#8217;\u00e9changes au t\u00e9l\u00e9phone autour du nouveau programme Prague pour la fin de l&#8217;ann\u00e9e&#8230;<\/p>\n\n\n\n<figure class=\"wp-block-image size-large\"><img loading=\"lazy\" width=\"1024\" height=\"576\" src=\"http:\/\/europa2velos.com\/wp-content\/uploads\/2020\/12\/2020-12-08-1024x576.jpg\" alt=\"\" class=\"wp-image-1579\" srcset=\"https:\/\/europa2velos.com\/wp-content\/uploads\/2020\/12\/2020-12-08-1024x576.jpg 1024w, https:\/\/europa2velos.com\/wp-content\/uploads\/2020\/12\/2020-12-08-300x169.jpg 300w, https:\/\/europa2velos.com\/wp-content\/uploads\/2020\/12\/2020-12-08-768x432.jpg 768w, https:\/\/europa2velos.com\/wp-content\/uploads\/2020\/12\/2020-12-08-1536x864.jpg 1536w, https:\/\/europa2velos.com\/wp-content\/uploads\/2020\/12\/2020-12-08-1104x621.jpg 1104w, https:\/\/europa2velos.com\/wp-content\/uploads\/2020\/12\/2020-12-08-366x205.jpg 366w, https:\/\/europa2velos.com\/wp-content\/uploads\/2020\/12\/2020-12-08-534x300.jpg 534w, https:\/\/europa2velos.com\/wp-content\/uploads\/2020\/12\/2020-12-08-165x92.jpg 165w, https:\/\/europa2velos.com\/wp-content\/uploads\/2020\/12\/2020-12-08-249x140.jpg 249w, https:\/\/europa2velos.com\/wp-content\/uploads\/2020\/12\/2020-12-08-232x130.jpg 232w, https:\/\/europa2velos.com\/wp-content\/uploads\/2020\/12\/2020-12-08-344x193.jpg 344w, https:\/\/europa2velos.com\/wp-content\/uploads\/2020\/12\/2020-12-08.jpg 1920w\" sizes=\"(max-width: 1024px) 100vw, 1024px\" \/><\/figure>\n","protected":false},"excerpt":{"rendered":"<p>du 2 au 8 d\u00e9cembre : Cracovie, Auschwitz<\/p>\n","protected":false},"author":1,"featured_media":1532,"comment_status":"open","ping_status":"open","sticky":false,"template":"","format":"standard","meta":[],"categories":[7],"tags":[],"yoast_head":"<!-- This site is optimized with the Yoast SEO plugin v14.0.4 - https:\/\/yoast.com\/wordpress\/plugins\/seo\/ -->\n<title>Parcours : semaine 20 - Europa2velos<\/title>\n<meta name=\"description\" content=\"20\u00e8me semaine du tour d&#039;Europe \u00e0 v\u00e9lo de deux ados sur le th\u00e8me de la transition \u00e9cologique et de la citoyennet\u00e9 europ\u00e9enne : Cracovie, Auschwitz.\" \/>\n<meta name=\"robots\" content=\"index, follow\" \/>\n<meta name=\"googlebot\" content=\"index, follow, max-snippet:-1, max-image-preview:large, max-video-preview:-1\" \/>\n<meta name=\"bingbot\" content=\"index, follow, max-snippet:-1, max-image-preview:large, max-video-preview:-1\" \/>\n<link rel=\"canonical\" href=\"http:\/\/europa2velos.com\/index.php\/2020\/12\/09\/parcours-semaine-20\/\" \/>\n<meta property=\"og:locale\" content=\"fr_FR\" \/>\n<meta property=\"og:type\" content=\"article\" \/>\n<meta property=\"og:title\" content=\"Parcours : semaine 20 - Europa2velos\" \/>\n<meta property=\"og:description\" content=\"20\u00e8me semaine du tour d&#039;Europe \u00e0 v\u00e9lo de deux ados sur le th\u00e8me de la transition \u00e9cologique et de la citoyennet\u00e9 europ\u00e9enne : Cracovie, Auschwitz.\" \/>\n<meta property=\"og:url\" content=\"http:\/\/europa2velos.com\/index.php\/2020\/12\/09\/parcours-semaine-20\/\" \/>\n<meta property=\"og:site_name\" content=\"Europa2velos\" \/>\n<meta property=\"article:published_time\" content=\"2020-12-09T11:47:54+00:00\" \/>\n<meta property=\"article:modified_time\" content=\"2021-09-14T06:39:38+00:00\" \/>\n<meta property=\"og:image\" content=\"http:\/\/europa2velos.com\/wp-content\/uploads\/2020\/12\/2020-12-02-a\u0300-08-0.png\" \/>\n\t<meta property=\"og:image:width\" content=\"1920\" \/>\n\t<meta property=\"og:image:height\" content=\"1080\" \/>\n<meta name=\"twitter:card\" content=\"summary_large_image\" \/>\n<script type=\"application\/ld+json\" class=\"yoast-schema-graph\">{\"@context\":\"https:\/\/schema.org\",\"@graph\":[{\"@type\":\"WebSite\",\"@id\":\"https:\/\/europa2velos.com\/#website\",\"url\":\"https:\/\/europa2velos.com\/\",\"name\":\"Europa2velos\",\"description\":\"Le tour d&#039;Europe \\u00e0 v\\u00e9lo de deux ados\",\"potentialAction\":[{\"@type\":\"SearchAction\",\"target\":\"https:\/\/europa2velos.com\/?s={search_term_string}\",\"query-input\":\"required name=search_term_string\"}],\"inLanguage\":\"fr-FR\"},{\"@type\":\"ImageObject\",\"@id\":\"http:\/\/europa2velos.com\/index.php\/2020\/12\/09\/parcours-semaine-20\/#primaryimage\",\"inLanguage\":\"fr-FR\",\"url\":\"https:\/\/europa2velos.com\/wp-content\/uploads\/2020\/12\/2020-12-02-a\\u0300-08-0.png\",\"width\":1920,\"height\":1080},{\"@type\":\"WebPage\",\"@id\":\"http:\/\/europa2velos.com\/index.php\/2020\/12\/09\/parcours-semaine-20\/#webpage\",\"url\":\"http:\/\/europa2velos.com\/index.php\/2020\/12\/09\/parcours-semaine-20\/\",\"name\":\"Parcours : semaine 20 - Europa2velos\",\"isPartOf\":{\"@id\":\"https:\/\/europa2velos.com\/#website\"},\"primaryImageOfPage\":{\"@id\":\"http:\/\/europa2velos.com\/index.php\/2020\/12\/09\/parcours-semaine-20\/#primaryimage\"},\"datePublished\":\"2020-12-09T11:47:54+00:00\",\"dateModified\":\"2021-09-14T06:39:38+00:00\",\"author\":{\"@id\":\"https:\/\/europa2velos.com\/#\/schema\/person\/d5f282be03e5aec06ad6591da1af0324\"},\"description\":\"20\\u00e8me semaine du tour d'Europe \\u00e0 v\\u00e9lo de deux ados sur le th\\u00e8me de la transition \\u00e9cologique et de la citoyennet\\u00e9 europ\\u00e9enne : Cracovie, Auschwitz.\",\"inLanguage\":\"fr-FR\",\"potentialAction\":[{\"@type\":\"ReadAction\",\"target\":[\"http:\/\/europa2velos.com\/index.php\/2020\/12\/09\/parcours-semaine-20\/\"]}]},{\"@type\":[\"Person\"],\"@id\":\"https:\/\/europa2velos.com\/#\/schema\/person\/d5f282be03e5aec06ad6591da1af0324\",\"name\":\"Europa2v\\u00e9los\",\"image\":{\"@type\":\"ImageObject\",\"@id\":\"https:\/\/europa2velos.com\/#personlogo\",\"inLanguage\":\"fr-FR\",\"url\":\"https:\/\/secure.gravatar.com\/avatar\/7e55f9fc671b5244d75c5978bf0e7c51?s=96&d=mm&r=g\",\"caption\":\"Europa2v\\u00e9los\"}}]}<\/script>\n<!-- \/ Yoast SEO plugin. -->","_links":{"self":[{"href":"https:\/\/europa2velos.com\/index.php\/wp-json\/wp\/v2\/posts\/1530"}],"collection":[{"href":"https:\/\/europa2velos.com\/index.php\/wp-json\/wp\/v2\/posts"}],"about":[{"href":"https:\/\/europa2velos.com\/index.php\/wp-json\/wp\/v2\/types\/post"}],"author":[{"embeddable":true,"href":"https:\/\/europa2velos.com\/index.php\/wp-json\/wp\/v2\/users\/1"}],"replies":[{"embeddable":true,"href":"https:\/\/europa2velos.com\/index.php\/wp-json\/wp\/v2\/comments?post=1530"}],"version-history":[{"count":5,"href":"https:\/\/europa2velos.com\/index.php\/wp-json\/wp\/v2\/posts\/1530\/revisions"}],"predecessor-version":[{"id":3869,"href":"https:\/\/europa2velos.com\/index.php\/wp-json\/wp\/v2\/posts\/1530\/revisions\/3869"}],"wp:featuredmedia":[{"embeddable":true,"href":"https:\/\/europa2velos.com\/index.php\/wp-json\/wp\/v2\/media\/1532"}],"wp:attachment":[{"href":"https:\/\/europa2velos.com\/index.php\/wp-json\/wp\/v2\/media?parent=1530"}],"wp:term":[{"taxonomy":"category","embeddable":true,"href":"https:\/\/europa2velos.com\/index.php\/wp-json\/wp\/v2\/categories?post=1530"},{"taxonomy":"post_tag","embeddable":true,"href":"https:\/\/europa2velos.com\/index.php\/wp-json\/wp\/v2\/tags?post=1530"}],"curies":[{"name":"wp","href":"https:\/\/api.w.org\/{rel}","templated":true}]}}