{"id":1480,"date":"2020-12-02T07:43:40","date_gmt":"2020-12-02T06:43:40","guid":{"rendered":"http:\/\/europa2velos.com\/?p=1480"},"modified":"2021-03-29T21:12:17","modified_gmt":"2021-03-29T19:12:17","slug":"parcours-semaine-19","status":"publish","type":"post","link":"https:\/\/europa2velos.com\/index.php\/2020\/12\/02\/parcours-semaine-19\/","title":{"rendered":"Parcours : semaine 19"},"content":{"rendered":"\n<figure class=\"wp-block-image size-large\"><img loading=\"lazy\" width=\"1024\" height=\"640\" src=\"http:\/\/europa2velos.com\/wp-content\/uploads\/2020\/12\/2020-11-25-a\u0300-12-02-A-1-1024x640.png\" alt=\"\" class=\"wp-image-1490\" srcset=\"https:\/\/europa2velos.com\/wp-content\/uploads\/2020\/12\/2020-11-25-a\u0300-12-02-A-1-1024x640.png 1024w, https:\/\/europa2velos.com\/wp-content\/uploads\/2020\/12\/2020-11-25-a\u0300-12-02-A-1-300x188.png 300w, https:\/\/europa2velos.com\/wp-content\/uploads\/2020\/12\/2020-11-25-a\u0300-12-02-A-1-768x480.png 768w, https:\/\/europa2velos.com\/wp-content\/uploads\/2020\/12\/2020-11-25-a\u0300-12-02-A-1-1536x960.png 1536w, https:\/\/europa2velos.com\/wp-content\/uploads\/2020\/12\/2020-11-25-a\u0300-12-02-A-1-2048x1280.png 2048w\" sizes=\"(max-width: 1024px) 100vw, 1024px\" \/><\/figure>\n\n\n\n<p>Du mercredi 25 novembre au mardi 1er d\u00e9cembre : 380 km \u00e0 v\u00e9lo \u00e0 travers la campagne polonaise vers Varsovie, puis plus au sud.<\/p>\n\n\n\n<p>Au total, nous avons fait maintenant plus de 4900 km \u00e0 v\u00e9lo depuis le d\u00e9part et travers\u00e9 10 pays.<\/p>\n\n\n\n<p><em><strong>Cartes quotidiennes, photos et journal de voyage de la semaine :<\/strong><\/em><\/p>\n\n\n\n<figure class=\"wp-block-image size-large\"><img loading=\"lazy\" width=\"1024\" height=\"576\" src=\"http:\/\/europa2velos.com\/wp-content\/uploads\/2020\/12\/2020-11-25-A-1024x576.png\" alt=\"\" class=\"wp-image-1484\" srcset=\"https:\/\/europa2velos.com\/wp-content\/uploads\/2020\/12\/2020-11-25-A-1024x576.png 1024w, https:\/\/europa2velos.com\/wp-content\/uploads\/2020\/12\/2020-11-25-A-300x169.png 300w, https:\/\/europa2velos.com\/wp-content\/uploads\/2020\/12\/2020-11-25-A-768x432.png 768w, https:\/\/europa2velos.com\/wp-content\/uploads\/2020\/12\/2020-11-25-A-1536x864.png 1536w, https:\/\/europa2velos.com\/wp-content\/uploads\/2020\/12\/2020-11-25-A-1104x621.png 1104w, https:\/\/europa2velos.com\/wp-content\/uploads\/2020\/12\/2020-11-25-A-366x205.png 366w, https:\/\/europa2velos.com\/wp-content\/uploads\/2020\/12\/2020-11-25-A-534x300.png 534w, https:\/\/europa2velos.com\/wp-content\/uploads\/2020\/12\/2020-11-25-A-165x92.png 165w, https:\/\/europa2velos.com\/wp-content\/uploads\/2020\/12\/2020-11-25-A-249x140.png 249w, https:\/\/europa2velos.com\/wp-content\/uploads\/2020\/12\/2020-11-25-A-232x130.png 232w, https:\/\/europa2velos.com\/wp-content\/uploads\/2020\/12\/2020-11-25-A-344x193.png 344w, https:\/\/europa2velos.com\/wp-content\/uploads\/2020\/12\/2020-11-25-A.png 1920w\" sizes=\"(max-width: 1024px) 100vw, 1024px\" \/><\/figure>\n\n\n\n<p>Mercredi 25 novembre :&nbsp;Nous poursuivons notre trajet en direction de Varsovie. La campagne polonaise est loin d&#8217;\u00eatre fascinante&#8230; Heureusement, nous avons du soleil, mais il fait froid.<\/p>\n\n\n\n<figure class=\"wp-block-image size-large\"><img loading=\"lazy\" width=\"1024\" height=\"531\" src=\"http:\/\/europa2velos.com\/wp-content\/uploads\/2020\/12\/2020-11-25_150611-1024x531.jpg\" alt=\"\" class=\"wp-image-1491\" srcset=\"https:\/\/europa2velos.com\/wp-content\/uploads\/2020\/12\/2020-11-25_150611-1024x531.jpg 1024w, https:\/\/europa2velos.com\/wp-content\/uploads\/2020\/12\/2020-11-25_150611-300x156.jpg 300w, https:\/\/europa2velos.com\/wp-content\/uploads\/2020\/12\/2020-11-25_150611-768x398.jpg 768w, https:\/\/europa2velos.com\/wp-content\/uploads\/2020\/12\/2020-11-25_150611-1536x796.jpg 1536w, https:\/\/europa2velos.com\/wp-content\/uploads\/2020\/12\/2020-11-25_150611-2048x1062.jpg 2048w\" sizes=\"(max-width: 1024px) 100vw, 1024px\" \/><figcaption>La cigogne dans son nid : un classique de la campagne polonaise.<\/figcaption><\/figure>\n\n\n\n<figure class=\"wp-block-image size-large\"><img loading=\"lazy\" width=\"1024\" height=\"502\" src=\"http:\/\/europa2velos.com\/wp-content\/uploads\/2020\/12\/2020-11-25-1024x502.jpg\" alt=\"\" class=\"wp-image-1492\" srcset=\"https:\/\/europa2velos.com\/wp-content\/uploads\/2020\/12\/2020-11-25-1024x502.jpg 1024w, https:\/\/europa2velos.com\/wp-content\/uploads\/2020\/12\/2020-11-25-300x147.jpg 300w, https:\/\/europa2velos.com\/wp-content\/uploads\/2020\/12\/2020-11-25-768x376.jpg 768w, https:\/\/europa2velos.com\/wp-content\/uploads\/2020\/12\/2020-11-25-1536x752.jpg 1536w, https:\/\/europa2velos.com\/wp-content\/uploads\/2020\/12\/2020-11-25-2048x1003.jpg 2048w\" sizes=\"(max-width: 1024px) 100vw, 1024px\" \/><figcaption>On essaie de manger plus sainement, depuis deux semaines,  tout en se donnant des calories  pour lutter contre le froid.<\/figcaption><\/figure>\n\n\n\n<figure class=\"wp-block-image size-large\"><img loading=\"lazy\" width=\"1024\" height=\"576\" src=\"http:\/\/europa2velos.com\/wp-content\/uploads\/2020\/12\/2020-11-26-A-1024x576.png\" alt=\"\" class=\"wp-image-1485\" srcset=\"https:\/\/europa2velos.com\/wp-content\/uploads\/2020\/12\/2020-11-26-A-1024x576.png 1024w, https:\/\/europa2velos.com\/wp-content\/uploads\/2020\/12\/2020-11-26-A-300x169.png 300w, https:\/\/europa2velos.com\/wp-content\/uploads\/2020\/12\/2020-11-26-A-768x432.png 768w, https:\/\/europa2velos.com\/wp-content\/uploads\/2020\/12\/2020-11-26-A-1536x864.png 1536w, https:\/\/europa2velos.com\/wp-content\/uploads\/2020\/12\/2020-11-26-A-1104x621.png 1104w, https:\/\/europa2velos.com\/wp-content\/uploads\/2020\/12\/2020-11-26-A-366x205.png 366w, https:\/\/europa2velos.com\/wp-content\/uploads\/2020\/12\/2020-11-26-A-534x300.png 534w, https:\/\/europa2velos.com\/wp-content\/uploads\/2020\/12\/2020-11-26-A-165x92.png 165w, https:\/\/europa2velos.com\/wp-content\/uploads\/2020\/12\/2020-11-26-A-249x140.png 249w, https:\/\/europa2velos.com\/wp-content\/uploads\/2020\/12\/2020-11-26-A-232x130.png 232w, https:\/\/europa2velos.com\/wp-content\/uploads\/2020\/12\/2020-11-26-A-344x193.png 344w, https:\/\/europa2velos.com\/wp-content\/uploads\/2020\/12\/2020-11-26-A.png 1920w\" sizes=\"(max-width: 1024px) 100vw, 1024px\" \/><\/figure>\n\n\n\n<p>Jeudi 26 novembre :&nbsp;Une grosse journ\u00e9e de v\u00e9lo avant d&#8217;arriver chez le &#8220;Couchsurfing&#8221; qui nous accueille \u00e0 Varsovie, sur la rive Est de la Vistule, la seule partie de la ville qui n&#8217;a pas \u00e9t\u00e9 ras\u00e9e pendant la seconde guerre mondiale. Micolaj, jeune ing\u00e9nieur en informatique de 25 ans, habite un quartier r\u00e9sidentiel au sud du grand stade de la Ville.<\/p>\n\n\n\n<figure class=\"wp-block-image size-large\"><img loading=\"lazy\" width=\"1024\" height=\"883\" src=\"http:\/\/europa2velos.com\/wp-content\/uploads\/2020\/12\/2020-11-26_160748-2-1024x883.jpg\" alt=\"\" class=\"wp-image-1493\" srcset=\"https:\/\/europa2velos.com\/wp-content\/uploads\/2020\/12\/2020-11-26_160748-2-1024x883.jpg 1024w, https:\/\/europa2velos.com\/wp-content\/uploads\/2020\/12\/2020-11-26_160748-2-300x259.jpg 300w, https:\/\/europa2velos.com\/wp-content\/uploads\/2020\/12\/2020-11-26_160748-2-768x662.jpg 768w, https:\/\/europa2velos.com\/wp-content\/uploads\/2020\/12\/2020-11-26_160748-2-1536x1324.jpg 1536w, https:\/\/europa2velos.com\/wp-content\/uploads\/2020\/12\/2020-11-26_160748-2-2048x1765.jpg 2048w\" sizes=\"(max-width: 1024px) 100vw, 1024px\" \/><figcaption>Le Pa\u0142ac Kultury i Nauki, embl\u00e9matique de l&#8217;\u00e9poque stalinienne \u00e0 Varsovie.<\/figcaption><\/figure>\n\n\n\n<figure class=\"wp-block-image size-large\"><img loading=\"lazy\" width=\"1024\" height=\"549\" src=\"http:\/\/europa2velos.com\/wp-content\/uploads\/2020\/12\/2020-11-27-4-1024x549.jpg\" alt=\"\" class=\"wp-image-1494\" srcset=\"https:\/\/europa2velos.com\/wp-content\/uploads\/2020\/12\/2020-11-27-4-1024x549.jpg 1024w, https:\/\/europa2velos.com\/wp-content\/uploads\/2020\/12\/2020-11-27-4-300x161.jpg 300w, https:\/\/europa2velos.com\/wp-content\/uploads\/2020\/12\/2020-11-27-4-768x412.jpg 768w, https:\/\/europa2velos.com\/wp-content\/uploads\/2020\/12\/2020-11-27-4-1536x823.jpg 1536w, https:\/\/europa2velos.com\/wp-content\/uploads\/2020\/12\/2020-11-27-4-2048x1098.jpg 2048w\" sizes=\"(max-width: 1024px) 100vw, 1024px\" \/><figcaption>Micolaj = Nicolas, mais il faut prononcer Mico \/ Why (Mico \u00e0 la fran\u00e7aise, Why \u00e0 l&#8217;anglaise)<\/figcaption><\/figure>\n\n\n\n<figure class=\"wp-block-image size-large\"><img loading=\"lazy\" width=\"1024\" height=\"640\" src=\"http:\/\/europa2velos.com\/wp-content\/uploads\/2020\/12\/2020-11-27-et-28-1024x640.png\" alt=\"\" class=\"wp-image-1489\" srcset=\"https:\/\/europa2velos.com\/wp-content\/uploads\/2020\/12\/2020-11-27-et-28-1024x640.png 1024w, https:\/\/europa2velos.com\/wp-content\/uploads\/2020\/12\/2020-11-27-et-28-300x188.png 300w, https:\/\/europa2velos.com\/wp-content\/uploads\/2020\/12\/2020-11-27-et-28-768x480.png 768w, https:\/\/europa2velos.com\/wp-content\/uploads\/2020\/12\/2020-11-27-et-28-1536x960.png 1536w, https:\/\/europa2velos.com\/wp-content\/uploads\/2020\/12\/2020-11-27-et-28-2048x1280.png 2048w\" sizes=\"(max-width: 1024px) 100vw, 1024px\" \/><\/figure>\n\n\n\n<p>Vendredi 27 novembre : Visite de Varsovie avec une amie de notre h\u00f4te qui parle un fran\u00e7ais impeccable. Il fait tr\u00e8s gris, la ville ne nous pla\u00eet pas trop. Une partie de l&#8217;ancien centre historique a \u00e9t\u00e9 reconstruit \u00e0 l&#8217;identique apr\u00e8s la seconde guerre mondiale, ainsi qu&#8217;un certain nombre d&#8217;\u00e9glises et de monuments. Mais c&#8217;est assez froid et comme tous les restaurants et caf\u00e9s sont ferm\u00e9s \u00e0 cause du Corona, ce n&#8217;est pas tr\u00e8s vivant.  Arriv\u00e9e de JP le soir et repas convivial avec Micolaj.<\/p>\n\n\n\n<figure class=\"wp-block-image size-large\"><img loading=\"lazy\" width=\"1024\" height=\"575\" src=\"http:\/\/europa2velos.com\/wp-content\/uploads\/2020\/12\/2020-11-23-a\u0300-28-Pologne-Varsovie-2-1-1024x575.jpg\" alt=\"\" class=\"wp-image-1770\" srcset=\"https:\/\/europa2velos.com\/wp-content\/uploads\/2020\/12\/2020-11-23-a\u0300-28-Pologne-Varsovie-2-1-1024x575.jpg 1024w, https:\/\/europa2velos.com\/wp-content\/uploads\/2020\/12\/2020-11-23-a\u0300-28-Pologne-Varsovie-2-1-300x169.jpg 300w, https:\/\/europa2velos.com\/wp-content\/uploads\/2020\/12\/2020-11-23-a\u0300-28-Pologne-Varsovie-2-1-768x432.jpg 768w, https:\/\/europa2velos.com\/wp-content\/uploads\/2020\/12\/2020-11-23-a\u0300-28-Pologne-Varsovie-2-1-1536x863.jpg 1536w, https:\/\/europa2velos.com\/wp-content\/uploads\/2020\/12\/2020-11-23-a\u0300-28-Pologne-Varsovie-2-1-1104x621.jpg 1104w, https:\/\/europa2velos.com\/wp-content\/uploads\/2020\/12\/2020-11-23-a\u0300-28-Pologne-Varsovie-2-1-366x205.jpg 366w, https:\/\/europa2velos.com\/wp-content\/uploads\/2020\/12\/2020-11-23-a\u0300-28-Pologne-Varsovie-2-1-534x300.jpg 534w, https:\/\/europa2velos.com\/wp-content\/uploads\/2020\/12\/2020-11-23-a\u0300-28-Pologne-Varsovie-2-1-165x92.jpg 165w, https:\/\/europa2velos.com\/wp-content\/uploads\/2020\/12\/2020-11-23-a\u0300-28-Pologne-Varsovie-2-1-249x140.jpg 249w, https:\/\/europa2velos.com\/wp-content\/uploads\/2020\/12\/2020-11-23-a\u0300-28-Pologne-Varsovie-2-1-232x130.jpg 232w, https:\/\/europa2velos.com\/wp-content\/uploads\/2020\/12\/2020-11-23-a\u0300-28-Pologne-Varsovie-2-1-344x193.jpg 344w, https:\/\/europa2velos.com\/wp-content\/uploads\/2020\/12\/2020-11-23-a\u0300-28-Pologne-Varsovie-2-1.jpg 1680w\" sizes=\"(max-width: 1024px) 100vw, 1024px\" \/><figcaption>Le Pa\u0142ac Kultury i Nauki, encore plus sinistre de jour, par ce temps de fin novembre.<\/figcaption><\/figure>\n\n\n\n<figure class=\"wp-block-image size-large\"><img loading=\"lazy\" width=\"1024\" height=\"535\" src=\"http:\/\/europa2velos.com\/wp-content\/uploads\/2020\/12\/2020-11-27-2_152140-2-1024x535.jpg\" alt=\"\" class=\"wp-image-1496\" srcset=\"https:\/\/europa2velos.com\/wp-content\/uploads\/2020\/12\/2020-11-27-2_152140-2-1024x535.jpg 1024w, https:\/\/europa2velos.com\/wp-content\/uploads\/2020\/12\/2020-11-27-2_152140-2-300x157.jpg 300w, https:\/\/europa2velos.com\/wp-content\/uploads\/2020\/12\/2020-11-27-2_152140-2-768x401.jpg 768w, https:\/\/europa2velos.com\/wp-content\/uploads\/2020\/12\/2020-11-27-2_152140-2-1536x803.jpg 1536w, https:\/\/europa2velos.com\/wp-content\/uploads\/2020\/12\/2020-11-27-2_152140-2-2048x1071.jpg 2048w\" sizes=\"(max-width: 1024px) 100vw, 1024px\" \/><\/figure>\n\n\n\n<figure class=\"wp-block-image size-large\"><img loading=\"lazy\" width=\"1024\" height=\"682\" src=\"http:\/\/europa2velos.com\/wp-content\/uploads\/2020\/12\/2020-11-27-3_220730-2-1024x682.jpg\" alt=\"\" class=\"wp-image-1497\" srcset=\"https:\/\/europa2velos.com\/wp-content\/uploads\/2020\/12\/2020-11-27-3_220730-2-1024x682.jpg 1024w, https:\/\/europa2velos.com\/wp-content\/uploads\/2020\/12\/2020-11-27-3_220730-2-300x200.jpg 300w, https:\/\/europa2velos.com\/wp-content\/uploads\/2020\/12\/2020-11-27-3_220730-2-768x512.jpg 768w, https:\/\/europa2velos.com\/wp-content\/uploads\/2020\/12\/2020-11-27-3_220730-2-1536x1023.jpg 1536w, https:\/\/europa2velos.com\/wp-content\/uploads\/2020\/12\/2020-11-27-3_220730-2-2048x1365.jpg 2048w, https:\/\/europa2velos.com\/wp-content\/uploads\/2020\/12\/2020-11-27-3_220730-2-76x50.jpg 76w, https:\/\/europa2velos.com\/wp-content\/uploads\/2020\/12\/2020-11-27-3_220730-2-123x82.jpg 123w, https:\/\/europa2velos.com\/wp-content\/uploads\/2020\/12\/2020-11-27-3_220730-2-83x55.jpg 83w, https:\/\/europa2velos.com\/wp-content\/uploads\/2020\/12\/2020-11-27-3_220730-2-125x83.jpg 125w\" sizes=\"(max-width: 1024px) 100vw, 1024px\" \/><figcaption>Il faut boire le petit verre taille vodka d&#8217;un trait, mais ces liqueurs d\u00e9licieusement parfum\u00e9es ne sont pas trop alcoolis\u00e9es&#8230;<\/figcaption><\/figure>\n\n\n\n<figure class=\"wp-block-image size-large\"><img loading=\"lazy\" width=\"1024\" height=\"560\" src=\"http:\/\/europa2velos.com\/wp-content\/uploads\/2020\/12\/2020-11-27-5-1024x560.jpg\" alt=\"\" class=\"wp-image-1498\" srcset=\"https:\/\/europa2velos.com\/wp-content\/uploads\/2020\/12\/2020-11-27-5-1024x560.jpg 1024w, https:\/\/europa2velos.com\/wp-content\/uploads\/2020\/12\/2020-11-27-5-300x164.jpg 300w, https:\/\/europa2velos.com\/wp-content\/uploads\/2020\/12\/2020-11-27-5-768x420.jpg 768w, https:\/\/europa2velos.com\/wp-content\/uploads\/2020\/12\/2020-11-27-5-1536x840.jpg 1536w, https:\/\/europa2velos.com\/wp-content\/uploads\/2020\/12\/2020-11-27-5-2048x1120.jpg 2048w\" sizes=\"(max-width: 1024px) 100vw, 1024px\" \/><\/figure>\n\n\n\n<figure class=\"wp-block-image size-large\"><img loading=\"lazy\" width=\"1024\" height=\"640\" src=\"http:\/\/europa2velos.com\/wp-content\/uploads\/2020\/12\/2020-11-27-et-28-1-1024x640.png\" alt=\"\" class=\"wp-image-1514\" srcset=\"https:\/\/europa2velos.com\/wp-content\/uploads\/2020\/12\/2020-11-27-et-28-1-1024x640.png 1024w, https:\/\/europa2velos.com\/wp-content\/uploads\/2020\/12\/2020-11-27-et-28-1-300x188.png 300w, https:\/\/europa2velos.com\/wp-content\/uploads\/2020\/12\/2020-11-27-et-28-1-768x480.png 768w, https:\/\/europa2velos.com\/wp-content\/uploads\/2020\/12\/2020-11-27-et-28-1-1536x960.png 1536w, https:\/\/europa2velos.com\/wp-content\/uploads\/2020\/12\/2020-11-27-et-28-1-2048x1280.png 2048w\" sizes=\"(max-width: 1024px) 100vw, 1024px\" \/><\/figure>\n\n\n\n<p>Samedi 28 novembre : Nouveau tour en ville, avec JP cette fois-ci, et soir\u00e9e pour l&#8217;anniversaire de la soeur de Micolaj, Maria, qui f\u00eate ses 28 ans.  Il y a son mari, Manuel, un argentin, Alejandra, une amie mexicaine et Shreyras, \u00e9tudiant qui vient de Bangalore. Repas indien (gr\u00e2ce \u00e0 lui), ambiance chaleureuse, discussions, mais nous partons assez t\u00f4t : nous imaginions une ambiance festive avec plus de monde&#8230;<\/p>\n\n\n\n<figure class=\"wp-block-image size-large\"><img loading=\"lazy\" width=\"1024\" height=\"493\" src=\"http:\/\/europa2velos.com\/wp-content\/uploads\/2020\/12\/2020-11-28-1-1024x493.jpg\" alt=\"\" class=\"wp-image-1499\" srcset=\"https:\/\/europa2velos.com\/wp-content\/uploads\/2020\/12\/2020-11-28-1-1024x493.jpg 1024w, https:\/\/europa2velos.com\/wp-content\/uploads\/2020\/12\/2020-11-28-1-300x144.jpg 300w, https:\/\/europa2velos.com\/wp-content\/uploads\/2020\/12\/2020-11-28-1-768x370.jpg 768w, https:\/\/europa2velos.com\/wp-content\/uploads\/2020\/12\/2020-11-28-1-1536x739.jpg 1536w, https:\/\/europa2velos.com\/wp-content\/uploads\/2020\/12\/2020-11-28-1-2048x986.jpg 2048w\" sizes=\"(max-width: 1024px) 100vw, 1024px\" \/><figcaption>A la Pologne, notre dixi\u00e8me pays travers\u00e9 !<\/figcaption><\/figure>\n\n\n\n<figure class=\"wp-block-image size-large\"><img loading=\"lazy\" width=\"1024\" height=\"475\" src=\"http:\/\/europa2velos.com\/wp-content\/uploads\/2020\/12\/2020-11-28-2-bis-1024x475.jpg\" alt=\"\" class=\"wp-image-1500\" srcset=\"https:\/\/europa2velos.com\/wp-content\/uploads\/2020\/12\/2020-11-28-2-bis-1024x475.jpg 1024w, https:\/\/europa2velos.com\/wp-content\/uploads\/2020\/12\/2020-11-28-2-bis-300x139.jpg 300w, https:\/\/europa2velos.com\/wp-content\/uploads\/2020\/12\/2020-11-28-2-bis-768x357.jpg 768w, https:\/\/europa2velos.com\/wp-content\/uploads\/2020\/12\/2020-11-28-2-bis-1536x713.jpg 1536w, https:\/\/europa2velos.com\/wp-content\/uploads\/2020\/12\/2020-11-28-2-bis-2048x951.jpg 2048w\" sizes=\"(max-width: 1024px) 100vw, 1024px\" \/><figcaption>Le geste de la pr\u00e9paration des chappatis&#8230;<\/figcaption><\/figure>\n\n\n\n<figure class=\"wp-block-image size-large\"><img loading=\"lazy\" width=\"1024\" height=\"443\" src=\"http:\/\/europa2velos.com\/wp-content\/uploads\/2020\/12\/2020-11-28-2-1024x443.jpg\" alt=\"\" class=\"wp-image-1501\" srcset=\"https:\/\/europa2velos.com\/wp-content\/uploads\/2020\/12\/2020-11-28-2-1024x443.jpg 1024w, https:\/\/europa2velos.com\/wp-content\/uploads\/2020\/12\/2020-11-28-2-300x130.jpg 300w, https:\/\/europa2velos.com\/wp-content\/uploads\/2020\/12\/2020-11-28-2-768x332.jpg 768w, https:\/\/europa2velos.com\/wp-content\/uploads\/2020\/12\/2020-11-28-2-1536x665.jpg 1536w, https:\/\/europa2velos.com\/wp-content\/uploads\/2020\/12\/2020-11-28-2-2048x887.jpg 2048w\" sizes=\"(max-width: 1024px) 100vw, 1024px\" \/><figcaption>&#8230; selon la recette du Karnataka, par Shreyras<\/figcaption><\/figure>\n\n\n\n<figure class=\"wp-block-image size-large\"><img loading=\"lazy\" width=\"1024\" height=\"537\" src=\"http:\/\/europa2velos.com\/wp-content\/uploads\/2020\/12\/2020-11-28-3-1024x537.jpg\" alt=\"\" class=\"wp-image-1502\" srcset=\"https:\/\/europa2velos.com\/wp-content\/uploads\/2020\/12\/2020-11-28-3-1024x537.jpg 1024w, https:\/\/europa2velos.com\/wp-content\/uploads\/2020\/12\/2020-11-28-3-300x157.jpg 300w, https:\/\/europa2velos.com\/wp-content\/uploads\/2020\/12\/2020-11-28-3-768x403.jpg 768w, https:\/\/europa2velos.com\/wp-content\/uploads\/2020\/12\/2020-11-28-3-1536x805.jpg 1536w, https:\/\/europa2velos.com\/wp-content\/uploads\/2020\/12\/2020-11-28-3-2048x1073.jpg 2048w\" sizes=\"(max-width: 1024px) 100vw, 1024px\" \/><figcaption>C&#8217;est d\u00e9licieux, mais trop \u00e9pic\u00e9 pour Justin.<\/figcaption><\/figure>\n\n\n\n<figure class=\"wp-block-image size-large\"><img loading=\"lazy\" width=\"1024\" height=\"427\" src=\"http:\/\/europa2velos.com\/wp-content\/uploads\/2020\/12\/2020-11-28-4-1024x427.jpg\" alt=\"\" class=\"wp-image-1503\" srcset=\"https:\/\/europa2velos.com\/wp-content\/uploads\/2020\/12\/2020-11-28-4-1024x427.jpg 1024w, https:\/\/europa2velos.com\/wp-content\/uploads\/2020\/12\/2020-11-28-4-300x125.jpg 300w, https:\/\/europa2velos.com\/wp-content\/uploads\/2020\/12\/2020-11-28-4-768x321.jpg 768w, https:\/\/europa2velos.com\/wp-content\/uploads\/2020\/12\/2020-11-28-4-1536x641.jpg 1536w, https:\/\/europa2velos.com\/wp-content\/uploads\/2020\/12\/2020-11-28-4-2048x855.jpg 2048w\" sizes=\"(max-width: 1024px) 100vw, 1024px\" \/><figcaption>Mexique, Pologne, France<\/figcaption><\/figure>\n\n\n\n<figure class=\"wp-block-image size-large\"><img loading=\"lazy\" width=\"1024\" height=\"505\" src=\"http:\/\/europa2velos.com\/wp-content\/uploads\/2020\/12\/2020-11-28-5-1024x505.jpg\" alt=\"\" class=\"wp-image-1504\" srcset=\"https:\/\/europa2velos.com\/wp-content\/uploads\/2020\/12\/2020-11-28-5-1024x505.jpg 1024w, https:\/\/europa2velos.com\/wp-content\/uploads\/2020\/12\/2020-11-28-5-300x148.jpg 300w, https:\/\/europa2velos.com\/wp-content\/uploads\/2020\/12\/2020-11-28-5-768x379.jpg 768w, https:\/\/europa2velos.com\/wp-content\/uploads\/2020\/12\/2020-11-28-5-1536x758.jpg 1536w, https:\/\/europa2velos.com\/wp-content\/uploads\/2020\/12\/2020-11-28-5-2048x1011.jpg 2048w\" sizes=\"(max-width: 1024px) 100vw, 1024px\" \/><figcaption>Justin a beaucoup am\u00e9lior\u00e9 son anglais, mais les mains, \u00e7a aide toujours pour la d\u00e9monstration.<\/figcaption><\/figure>\n\n\n\n<figure class=\"wp-block-image size-large\"><img loading=\"lazy\" width=\"1024\" height=\"640\" src=\"http:\/\/europa2velos.com\/wp-content\/uploads\/2020\/12\/2020-11-29-A-1024x640.png\" alt=\"\" class=\"wp-image-1486\" srcset=\"https:\/\/europa2velos.com\/wp-content\/uploads\/2020\/12\/2020-11-29-A-1024x640.png 1024w, https:\/\/europa2velos.com\/wp-content\/uploads\/2020\/12\/2020-11-29-A-300x188.png 300w, https:\/\/europa2velos.com\/wp-content\/uploads\/2020\/12\/2020-11-29-A-768x480.png 768w, https:\/\/europa2velos.com\/wp-content\/uploads\/2020\/12\/2020-11-29-A-1536x960.png 1536w, https:\/\/europa2velos.com\/wp-content\/uploads\/2020\/12\/2020-11-29-A-2048x1280.png 2048w\" sizes=\"(max-width: 1024px) 100vw, 1024px\" \/><\/figure>\n\n\n\n<p>Dimanche 29 novembre : En route pour Cracovie, arriv\u00e9e pr\u00e9vue dans quatre jours. Il fait un temps gris sinistre, on met au moins 30 km \u00e0 sortir vraiment de l&#8217;agglom\u00e9ration de Varsovie, dont les diff\u00e9rentes banlieues travers\u00e9es sont assez moches. Un type sympa crois\u00e9 en chemin nous offre de boire le caf\u00e9 chez lui, pour une petite pause avant de reprendre la route. Une fois dans la campagne, il fait d\u00e9j\u00e0 presque sombre : le soleil se couche \u00e0 15h30 et la nuit est l\u00e0 \u00e0 16h, c&#8217;est d\u00e9primant et \u00e7a nous oblige \u00e0 rouler assez longtemps de nuit. Le soir, on trouve un petit bois pour camper. Il fait tr\u00e8s frisquet&#8230; <\/p>\n\n\n\n<figure class=\"wp-block-image size-large\"><img loading=\"lazy\" width=\"1024\" height=\"640\" src=\"http:\/\/europa2velos.com\/wp-content\/uploads\/2020\/12\/2020-11-29-1024x640.jpg\" alt=\"\" class=\"wp-image-1505\" srcset=\"https:\/\/europa2velos.com\/wp-content\/uploads\/2020\/12\/2020-11-29-1024x640.jpg 1024w, https:\/\/europa2velos.com\/wp-content\/uploads\/2020\/12\/2020-11-29-300x187.jpg 300w, https:\/\/europa2velos.com\/wp-content\/uploads\/2020\/12\/2020-11-29-768x480.jpg 768w, https:\/\/europa2velos.com\/wp-content\/uploads\/2020\/12\/2020-11-29-1536x960.jpg 1536w, https:\/\/europa2velos.com\/wp-content\/uploads\/2020\/12\/2020-11-29-2048x1280.jpg 2048w\" sizes=\"(max-width: 1024px) 100vw, 1024px\" \/><\/figure>\n\n\n\n<figure class=\"wp-block-image size-large\"><img loading=\"lazy\" width=\"1024\" height=\"640\" src=\"http:\/\/europa2velos.com\/wp-content\/uploads\/2020\/12\/2020-11-30-A-1024x640.png\" alt=\"\" class=\"wp-image-1487\" srcset=\"https:\/\/europa2velos.com\/wp-content\/uploads\/2020\/12\/2020-11-30-A-1024x640.png 1024w, https:\/\/europa2velos.com\/wp-content\/uploads\/2020\/12\/2020-11-30-A-300x188.png 300w, https:\/\/europa2velos.com\/wp-content\/uploads\/2020\/12\/2020-11-30-A-768x480.png 768w, https:\/\/europa2velos.com\/wp-content\/uploads\/2020\/12\/2020-11-30-A-1536x960.png 1536w, https:\/\/europa2velos.com\/wp-content\/uploads\/2020\/12\/2020-11-30-A-2048x1280.png 2048w\" sizes=\"(max-width: 1024px) 100vw, 1024px\" \/><\/figure>\n\n\n\n<p>Lundi 30 novembre : Nous nous r\u00e9veillons avec le soleil qui filtre entre les troncs. La campagne est plus bois\u00e9e mais parfois monotone. On croise souvent des calvaires ou des niches avec une Sainte Vierge et toujours des fleurs ou des rubans pour les d\u00e9corer. De 16h \u00e0 18h, on finit par deux heures de route de nuit tr\u00e8s gla\u00e7antes, mais nous arrivons dans un petit chalet o\u00f9 JP nous attend d\u00e9j\u00e0, le po\u00eale chauffe \u00e0 fond &#8211; il y a du bois partout dans les alentours &#8211; et \u00e7a fait vraiment du bien !<\/p>\n\n\n\n<figure class=\"wp-block-image size-large\"><img loading=\"lazy\" width=\"1024\" height=\"414\" src=\"http:\/\/europa2velos.com\/wp-content\/uploads\/2020\/12\/2020-11-30-1-1024x414.jpg\" alt=\"\" class=\"wp-image-1506\" srcset=\"https:\/\/europa2velos.com\/wp-content\/uploads\/2020\/12\/2020-11-30-1-1024x414.jpg 1024w, https:\/\/europa2velos.com\/wp-content\/uploads\/2020\/12\/2020-11-30-1-300x121.jpg 300w, https:\/\/europa2velos.com\/wp-content\/uploads\/2020\/12\/2020-11-30-1-768x311.jpg 768w, https:\/\/europa2velos.com\/wp-content\/uploads\/2020\/12\/2020-11-30-1-1536x621.jpg 1536w, https:\/\/europa2velos.com\/wp-content\/uploads\/2020\/12\/2020-11-30-1-2048x828.jpg 2048w\" sizes=\"(max-width: 1024px) 100vw, 1024px\" \/><figcaption>R\u00e9veil dans les bois.<\/figcaption><\/figure>\n\n\n\n<figure class=\"wp-block-image size-large\"><img loading=\"lazy\" width=\"1024\" height=\"401\" src=\"http:\/\/europa2velos.com\/wp-content\/uploads\/2020\/12\/2020-11-30-2-1024x401.jpg\" alt=\"\" class=\"wp-image-1507\" srcset=\"https:\/\/europa2velos.com\/wp-content\/uploads\/2020\/12\/2020-11-30-2-1024x401.jpg 1024w, https:\/\/europa2velos.com\/wp-content\/uploads\/2020\/12\/2020-11-30-2-300x118.jpg 300w, https:\/\/europa2velos.com\/wp-content\/uploads\/2020\/12\/2020-11-30-2-768x301.jpg 768w, https:\/\/europa2velos.com\/wp-content\/uploads\/2020\/12\/2020-11-30-2-1536x602.jpg 1536w, https:\/\/europa2velos.com\/wp-content\/uploads\/2020\/12\/2020-11-30-2-2048x802.jpg 2048w\" sizes=\"(max-width: 1024px) 100vw, 1024px\" \/><figcaption>Ambiance polonaise.<\/figcaption><\/figure>\n\n\n\n<figure class=\"wp-block-image size-large\"><img loading=\"lazy\" width=\"1024\" height=\"640\" src=\"http:\/\/europa2velos.com\/wp-content\/uploads\/2020\/12\/2020-12-01-A-1024x640.png\" alt=\"\" class=\"wp-image-1488\" srcset=\"https:\/\/europa2velos.com\/wp-content\/uploads\/2020\/12\/2020-12-01-A-1024x640.png 1024w, https:\/\/europa2velos.com\/wp-content\/uploads\/2020\/12\/2020-12-01-A-300x188.png 300w, https:\/\/europa2velos.com\/wp-content\/uploads\/2020\/12\/2020-12-01-A-768x480.png 768w, https:\/\/europa2velos.com\/wp-content\/uploads\/2020\/12\/2020-12-01-A-1536x960.png 1536w, https:\/\/europa2velos.com\/wp-content\/uploads\/2020\/12\/2020-12-01-A-2048x1280.png 2048w\" sizes=\"(max-width: 1024px) 100vw, 1024px\" \/><\/figure>\n\n\n\n<p>Mardi 1er d\u00e9cembre : Rendez-vous avec la classe de terminale le matin, pour r\u00e9pondre \u00e0 leurs questions. Pour la route, toujours une journ\u00e9e tr\u00e8s ensoleill\u00e9e, mais la neige, qui date d&#8217;il y a deux jours, ne fond pas. Une fois la nuit tomb\u00e9e, il se met \u00e0 faire vraiment froid. Moins 3\u00b0 ressenti moins 7\u00b0 dit la m\u00e9t\u00e9o, et le thermom\u00e8tre doit descendre pendant la nuit, avec une pleine lune qui \u00e9claire le paysage hivernal.<\/p>\n\n\n\n<figure class=\"wp-block-image size-large\"><img loading=\"lazy\" width=\"1024\" height=\"569\" src=\"http:\/\/europa2velos.com\/wp-content\/uploads\/2020\/12\/2020-12-01-1-1024x569.jpg\" alt=\"\" class=\"wp-image-1508\" srcset=\"https:\/\/europa2velos.com\/wp-content\/uploads\/2020\/12\/2020-12-01-1-1024x569.jpg 1024w, https:\/\/europa2velos.com\/wp-content\/uploads\/2020\/12\/2020-12-01-1-300x167.jpg 300w, https:\/\/europa2velos.com\/wp-content\/uploads\/2020\/12\/2020-12-01-1-768x428.jpg 768w, https:\/\/europa2velos.com\/wp-content\/uploads\/2020\/12\/2020-12-01-1-1536x853.jpg 1536w, https:\/\/europa2velos.com\/wp-content\/uploads\/2020\/12\/2020-12-01-1-2048x1138.jpg 2048w, https:\/\/europa2velos.com\/wp-content\/uploads\/2020\/12\/2020-12-01-1-165x92.jpg 165w, https:\/\/europa2velos.com\/wp-content\/uploads\/2020\/12\/2020-12-01-1-232x130.jpg 232w\" sizes=\"(max-width: 1024px) 100vw, 1024px\" \/><figcaption>Echanges avec la classe de terminale qui suit notre voyage.<\/figcaption><\/figure>\n\n\n\n<figure class=\"wp-block-image size-large\"><img loading=\"lazy\" width=\"1024\" height=\"544\" src=\"http:\/\/europa2velos.com\/wp-content\/uploads\/2020\/12\/2020-12-01-2-1024x544.jpg\" alt=\"\" class=\"wp-image-1509\" srcset=\"https:\/\/europa2velos.com\/wp-content\/uploads\/2020\/12\/2020-12-01-2-1024x544.jpg 1024w, https:\/\/europa2velos.com\/wp-content\/uploads\/2020\/12\/2020-12-01-2-300x159.jpg 300w, https:\/\/europa2velos.com\/wp-content\/uploads\/2020\/12\/2020-12-01-2-768x408.jpg 768w, https:\/\/europa2velos.com\/wp-content\/uploads\/2020\/12\/2020-12-01-2-1536x816.jpg 1536w, https:\/\/europa2velos.com\/wp-content\/uploads\/2020\/12\/2020-12-01-2-2048x1088.jpg 2048w\" sizes=\"(max-width: 1024px) 100vw, 1024px\" \/><\/figure>\n\n\n\n<figure class=\"wp-block-image size-large\"><img loading=\"lazy\" width=\"1024\" height=\"567\" src=\"http:\/\/europa2velos.com\/wp-content\/uploads\/2020\/12\/2020-12-01-3-1024x567.jpg\" alt=\"\" class=\"wp-image-1510\" srcset=\"https:\/\/europa2velos.com\/wp-content\/uploads\/2020\/12\/2020-12-01-3-1024x567.jpg 1024w, https:\/\/europa2velos.com\/wp-content\/uploads\/2020\/12\/2020-12-01-3-300x166.jpg 300w, https:\/\/europa2velos.com\/wp-content\/uploads\/2020\/12\/2020-12-01-3-768x425.jpg 768w, https:\/\/europa2velos.com\/wp-content\/uploads\/2020\/12\/2020-12-01-3-1536x850.jpg 1536w, https:\/\/europa2velos.com\/wp-content\/uploads\/2020\/12\/2020-12-01-3-2048x1134.jpg 2048w, https:\/\/europa2velos.com\/wp-content\/uploads\/2020\/12\/2020-12-01-3-165x92.jpg 165w\" sizes=\"(max-width: 1024px) 100vw, 1024px\" \/><\/figure>\n\n\n\n<figure class=\"wp-block-image size-large\"><img loading=\"lazy\" width=\"1024\" height=\"475\" src=\"http:\/\/europa2velos.com\/wp-content\/uploads\/2020\/12\/2020-12-01-4-1024x475.jpg\" alt=\"\" class=\"wp-image-1511\" srcset=\"https:\/\/europa2velos.com\/wp-content\/uploads\/2020\/12\/2020-12-01-4-1024x475.jpg 1024w, https:\/\/europa2velos.com\/wp-content\/uploads\/2020\/12\/2020-12-01-4-300x139.jpg 300w, https:\/\/europa2velos.com\/wp-content\/uploads\/2020\/12\/2020-12-01-4-768x356.jpg 768w, https:\/\/europa2velos.com\/wp-content\/uploads\/2020\/12\/2020-12-01-4-1536x712.jpg 1536w, https:\/\/europa2velos.com\/wp-content\/uploads\/2020\/12\/2020-12-01-4-2048x949.jpg 2048w\" sizes=\"(max-width: 1024px) 100vw, 1024px\" \/><figcaption>15h, le soleil d\u00e9cline et va dispara\u00eetre dans moins de 30 minutes.<\/figcaption><\/figure>\n\n\n\n<figure class=\"wp-block-image size-large\"><img loading=\"lazy\" width=\"1024\" height=\"528\" src=\"http:\/\/europa2velos.com\/wp-content\/uploads\/2020\/12\/2020-12-01-5-1-1024x528.jpg\" alt=\"\" class=\"wp-image-1592\" srcset=\"https:\/\/europa2velos.com\/wp-content\/uploads\/2020\/12\/2020-12-01-5-1-1024x528.jpg 1024w, https:\/\/europa2velos.com\/wp-content\/uploads\/2020\/12\/2020-12-01-5-1-300x155.jpg 300w, https:\/\/europa2velos.com\/wp-content\/uploads\/2020\/12\/2020-12-01-5-1-768x396.jpg 768w, https:\/\/europa2velos.com\/wp-content\/uploads\/2020\/12\/2020-12-01-5-1-1536x792.jpg 1536w, https:\/\/europa2velos.com\/wp-content\/uploads\/2020\/12\/2020-12-01-5-1-2048x1056.jpg 2048w\" sizes=\"(max-width: 1024px) 100vw, 1024px\" \/><figcaption>Le sol est gel\u00e9 et on sent que la temp\u00e9rature descend en dessous de moins 5\u00b0&#8230;<\/figcaption><\/figure>\n\n\n\n<figure class=\"wp-block-image size-large\"><img loading=\"lazy\" width=\"1024\" height=\"572\" src=\"http:\/\/europa2velos.com\/wp-content\/uploads\/2020\/12\/2020-12-01-6-1-1024x572.jpg\" alt=\"\" class=\"wp-image-1593\" srcset=\"https:\/\/europa2velos.com\/wp-content\/uploads\/2020\/12\/2020-12-01-6-1-1024x572.jpg 1024w, https:\/\/europa2velos.com\/wp-content\/uploads\/2020\/12\/2020-12-01-6-1-300x168.jpg 300w, https:\/\/europa2velos.com\/wp-content\/uploads\/2020\/12\/2020-12-01-6-1-768x428.jpg 768w, https:\/\/europa2velos.com\/wp-content\/uploads\/2020\/12\/2020-12-01-6-1-1536x858.jpg 1536w, https:\/\/europa2velos.com\/wp-content\/uploads\/2020\/12\/2020-12-01-6-1-2048x1143.jpg 2048w, https:\/\/europa2velos.com\/wp-content\/uploads\/2020\/12\/2020-12-01-6-1-366x205.jpg 366w, https:\/\/europa2velos.com\/wp-content\/uploads\/2020\/12\/2020-12-01-6-1-165x92.jpg 165w, https:\/\/europa2velos.com\/wp-content\/uploads\/2020\/12\/2020-12-01-6-1-249x140.jpg 249w, https:\/\/europa2velos.com\/wp-content\/uploads\/2020\/12\/2020-12-01-6-1-232x130.jpg 232w, https:\/\/europa2velos.com\/wp-content\/uploads\/2020\/12\/2020-12-01-6-1-344x193.jpg 344w\" sizes=\"(max-width: 1024px) 100vw, 1024px\" \/><figcaption>Justin a mal \u00e0 la t\u00eate et frissonne. On esp\u00e8re que ce n&#8217;est qu&#8217;un petit coup de froid qui va passer.<\/figcaption><\/figure>\n","protected":false},"excerpt":{"rendered":"<p>du 25 novembre au 1er d\u00e9cembre : Pologne, Varsovie<\/p>\n","protected":false},"author":1,"featured_media":1483,"comment_status":"open","ping_status":"open","sticky":false,"template":"","format":"standard","meta":[],"categories":[7],"tags":[],"yoast_head":"<!-- This site is optimized with the Yoast SEO plugin v14.0.4 - https:\/\/yoast.com\/wordpress\/plugins\/seo\/ -->\n<title>Parcours : semaine 19 - Europa2velos<\/title>\n<meta name=\"description\" content=\"19\u00e8me semaine du tour d&#039;Europe \u00e0 v\u00e9lo de deux ados sur le th\u00e8me de la transition \u00e9cologique et de la citoyennet\u00e9 europ\u00e9enne : Pologne, Varsovie.\" \/>\n<meta name=\"robots\" content=\"index, follow\" \/>\n<meta name=\"googlebot\" content=\"index, follow, max-snippet:-1, max-image-preview:large, max-video-preview:-1\" \/>\n<meta name=\"bingbot\" content=\"index, follow, max-snippet:-1, max-image-preview:large, max-video-preview:-1\" \/>\n<link rel=\"canonical\" href=\"http:\/\/europa2velos.com\/index.php\/2020\/12\/02\/parcours-semaine-19\/\" \/>\n<meta property=\"og:locale\" content=\"fr_FR\" \/>\n<meta property=\"og:type\" content=\"article\" \/>\n<meta property=\"og:title\" content=\"Parcours : semaine 19 - Europa2velos\" \/>\n<meta property=\"og:description\" content=\"19\u00e8me semaine du tour d&#039;Europe \u00e0 v\u00e9lo de deux ados sur le th\u00e8me de la transition \u00e9cologique et de la citoyennet\u00e9 europ\u00e9enne : Pologne, Varsovie.\" \/>\n<meta property=\"og:url\" content=\"http:\/\/europa2velos.com\/index.php\/2020\/12\/02\/parcours-semaine-19\/\" \/>\n<meta property=\"og:site_name\" content=\"Europa2velos\" \/>\n<meta property=\"article:published_time\" content=\"2020-12-02T06:43:40+00:00\" \/>\n<meta property=\"article:modified_time\" content=\"2021-03-29T19:12:17+00:00\" \/>\n<meta property=\"og:image\" content=\"http:\/\/europa2velos.com\/wp-content\/uploads\/2020\/12\/2020-11-25-a\u0300-12-02-0-1024x640.png\" \/>\n\t<meta property=\"og:image:width\" content=\"1024\" \/>\n\t<meta property=\"og:image:height\" content=\"640\" \/>\n<meta name=\"twitter:card\" content=\"summary_large_image\" \/>\n<script type=\"application\/ld+json\" class=\"yoast-schema-graph\">{\"@context\":\"https:\/\/schema.org\",\"@graph\":[{\"@type\":\"WebSite\",\"@id\":\"https:\/\/europa2velos.com\/#website\",\"url\":\"https:\/\/europa2velos.com\/\",\"name\":\"Europa2velos\",\"description\":\"Le tour d&#039;Europe \\u00e0 v\\u00e9lo de deux ados\",\"potentialAction\":[{\"@type\":\"SearchAction\",\"target\":\"https:\/\/europa2velos.com\/?s={search_term_string}\",\"query-input\":\"required name=search_term_string\"}],\"inLanguage\":\"fr-FR\"},{\"@type\":\"ImageObject\",\"@id\":\"http:\/\/europa2velos.com\/index.php\/2020\/12\/02\/parcours-semaine-19\/#primaryimage\",\"inLanguage\":\"fr-FR\",\"url\":\"https:\/\/europa2velos.com\/wp-content\/uploads\/2020\/12\/2020-11-25-a\\u0300-12-02-0.png\",\"width\":3360,\"height\":2100},{\"@type\":\"WebPage\",\"@id\":\"http:\/\/europa2velos.com\/index.php\/2020\/12\/02\/parcours-semaine-19\/#webpage\",\"url\":\"http:\/\/europa2velos.com\/index.php\/2020\/12\/02\/parcours-semaine-19\/\",\"name\":\"Parcours : semaine 19 - Europa2velos\",\"isPartOf\":{\"@id\":\"https:\/\/europa2velos.com\/#website\"},\"primaryImageOfPage\":{\"@id\":\"http:\/\/europa2velos.com\/index.php\/2020\/12\/02\/parcours-semaine-19\/#primaryimage\"},\"datePublished\":\"2020-12-02T06:43:40+00:00\",\"dateModified\":\"2021-03-29T19:12:17+00:00\",\"author\":{\"@id\":\"https:\/\/europa2velos.com\/#\/schema\/person\/d5f282be03e5aec06ad6591da1af0324\"},\"description\":\"19\\u00e8me semaine du tour d'Europe \\u00e0 v\\u00e9lo de deux ados sur le th\\u00e8me de la transition \\u00e9cologique et de la citoyennet\\u00e9 europ\\u00e9enne : Pologne, Varsovie.\",\"inLanguage\":\"fr-FR\",\"potentialAction\":[{\"@type\":\"ReadAction\",\"target\":[\"http:\/\/europa2velos.com\/index.php\/2020\/12\/02\/parcours-semaine-19\/\"]}]},{\"@type\":[\"Person\"],\"@id\":\"https:\/\/europa2velos.com\/#\/schema\/person\/d5f282be03e5aec06ad6591da1af0324\",\"name\":\"Europa2v\\u00e9los\",\"image\":{\"@type\":\"ImageObject\",\"@id\":\"https:\/\/europa2velos.com\/#personlogo\",\"inLanguage\":\"fr-FR\",\"url\":\"https:\/\/secure.gravatar.com\/avatar\/7e55f9fc671b5244d75c5978bf0e7c51?s=96&d=mm&r=g\",\"caption\":\"Europa2v\\u00e9los\"}}]}<\/script>\n<!-- \/ Yoast SEO plugin. -->","_links":{"self":[{"href":"https:\/\/europa2velos.com\/index.php\/wp-json\/wp\/v2\/posts\/1480"}],"collection":[{"href":"https:\/\/europa2velos.com\/index.php\/wp-json\/wp\/v2\/posts"}],"about":[{"href":"https:\/\/europa2velos.com\/index.php\/wp-json\/wp\/v2\/types\/post"}],"author":[{"embeddable":true,"href":"https:\/\/europa2velos.com\/index.php\/wp-json\/wp\/v2\/users\/1"}],"replies":[{"embeddable":true,"href":"https:\/\/europa2velos.com\/index.php\/wp-json\/wp\/v2\/comments?post=1480"}],"version-history":[{"count":7,"href":"https:\/\/europa2velos.com\/index.php\/wp-json\/wp\/v2\/posts\/1480\/revisions"}],"predecessor-version":[{"id":2595,"href":"https:\/\/europa2velos.com\/index.php\/wp-json\/wp\/v2\/posts\/1480\/revisions\/2595"}],"wp:featuredmedia":[{"embeddable":true,"href":"https:\/\/europa2velos.com\/index.php\/wp-json\/wp\/v2\/media\/1483"}],"wp:attachment":[{"href":"https:\/\/europa2velos.com\/index.php\/wp-json\/wp\/v2\/media?parent=1480"}],"wp:term":[{"taxonomy":"category","embeddable":true,"href":"https:\/\/europa2velos.com\/index.php\/wp-json\/wp\/v2\/categories?post=1480"},{"taxonomy":"post_tag","embeddable":true,"href":"https:\/\/europa2velos.com\/index.php\/wp-json\/wp\/v2\/tags?post=1480"}],"curies":[{"name":"wp","href":"https:\/\/api.w.org\/{rel}","templated":true}]}}