{"id":1402,"date":"2020-11-25T21:58:40","date_gmt":"2020-11-25T20:58:40","guid":{"rendered":"http:\/\/europa2velos.com\/?p=1402"},"modified":"2021-09-13T12:19:01","modified_gmt":"2021-09-13T10:19:01","slug":"parcours-semaine-18","status":"publish","type":"post","link":"https:\/\/europa2velos.com\/index.php\/2020\/11\/25\/parcours-semaine-18\/","title":{"rendered":"Parcours : semaine 18"},"content":{"rendered":"\n<figure class=\"wp-block-image size-large\"><img loading=\"lazy\" width=\"1024\" height=\"576\" src=\"http:\/\/europa2velos.com\/wp-content\/uploads\/2020\/11\/1-2020-11-18-a\u0300-24-A-1024x576.png\" alt=\"\" class=\"wp-image-1406\" srcset=\"https:\/\/europa2velos.com\/wp-content\/uploads\/2020\/11\/1-2020-11-18-a\u0300-24-A-1024x576.png 1024w, https:\/\/europa2velos.com\/wp-content\/uploads\/2020\/11\/1-2020-11-18-a\u0300-24-A-300x169.png 300w, https:\/\/europa2velos.com\/wp-content\/uploads\/2020\/11\/1-2020-11-18-a\u0300-24-A-768x432.png 768w, https:\/\/europa2velos.com\/wp-content\/uploads\/2020\/11\/1-2020-11-18-a\u0300-24-A-1536x864.png 1536w, https:\/\/europa2velos.com\/wp-content\/uploads\/2020\/11\/1-2020-11-18-a\u0300-24-A-1104x621.png 1104w, https:\/\/europa2velos.com\/wp-content\/uploads\/2020\/11\/1-2020-11-18-a\u0300-24-A-366x205.png 366w, https:\/\/europa2velos.com\/wp-content\/uploads\/2020\/11\/1-2020-11-18-a\u0300-24-A-534x300.png 534w, https:\/\/europa2velos.com\/wp-content\/uploads\/2020\/11\/1-2020-11-18-a\u0300-24-A-165x92.png 165w, https:\/\/europa2velos.com\/wp-content\/uploads\/2020\/11\/1-2020-11-18-a\u0300-24-A-249x140.png 249w, https:\/\/europa2velos.com\/wp-content\/uploads\/2020\/11\/1-2020-11-18-a\u0300-24-A-232x130.png 232w, https:\/\/europa2velos.com\/wp-content\/uploads\/2020\/11\/1-2020-11-18-a\u0300-24-A-344x193.png 344w, https:\/\/europa2velos.com\/wp-content\/uploads\/2020\/11\/1-2020-11-18-a\u0300-24-A.png 1920w\" sizes=\"(max-width: 1024px) 100vw, 1024px\" \/><\/figure>\n\n\n\n<p>Du mercredi 18 au mardi 24 novembre : depuis Vilnius, capitale de la Lituanie, 460 km \u00e0 v\u00e9lo pour se rapprocher de Varsovie, apr\u00e8s avoir franchi la fronti\u00e8re du nord de la Pologne, 10\u00e8me pays du voyage.<\/p>\n\n\n\n<p>Au total, nous avons fait maintenant plus de 4500 km \u00e0 v\u00e9lo depuis le d\u00e9part.<\/p>\n\n\n\n<p><em><strong>Cartes quotidiennes, photos et journal de voyage de la semaine :<\/strong><\/em><\/p>\n\n\n\n<figure class=\"wp-block-image size-large\"><img loading=\"lazy\" width=\"1024\" height=\"576\" src=\"http:\/\/europa2velos.com\/wp-content\/uploads\/2020\/11\/2020-11-18-A-1024x576.png\" alt=\"\" class=\"wp-image-1407\" srcset=\"https:\/\/europa2velos.com\/wp-content\/uploads\/2020\/11\/2020-11-18-A-1024x576.png 1024w, https:\/\/europa2velos.com\/wp-content\/uploads\/2020\/11\/2020-11-18-A-300x169.png 300w, https:\/\/europa2velos.com\/wp-content\/uploads\/2020\/11\/2020-11-18-A-768x432.png 768w, https:\/\/europa2velos.com\/wp-content\/uploads\/2020\/11\/2020-11-18-A-1536x864.png 1536w, https:\/\/europa2velos.com\/wp-content\/uploads\/2020\/11\/2020-11-18-A-1104x621.png 1104w, https:\/\/europa2velos.com\/wp-content\/uploads\/2020\/11\/2020-11-18-A-366x205.png 366w, https:\/\/europa2velos.com\/wp-content\/uploads\/2020\/11\/2020-11-18-A-534x300.png 534w, https:\/\/europa2velos.com\/wp-content\/uploads\/2020\/11\/2020-11-18-A-165x92.png 165w, https:\/\/europa2velos.com\/wp-content\/uploads\/2020\/11\/2020-11-18-A-249x140.png 249w, https:\/\/europa2velos.com\/wp-content\/uploads\/2020\/11\/2020-11-18-A-232x130.png 232w, https:\/\/europa2velos.com\/wp-content\/uploads\/2020\/11\/2020-11-18-A-344x193.png 344w, https:\/\/europa2velos.com\/wp-content\/uploads\/2020\/11\/2020-11-18-A.png 1920w\" sizes=\"(max-width: 1024px) 100vw, 1024px\" \/><\/figure>\n\n\n\n<p>Mercredi 18 novembre : Nous partons de Vilnius vers le Nord-Ouest, en direction de Kaunas.<\/p>\n\n\n\n<figure class=\"wp-block-image size-large\"><img loading=\"lazy\" width=\"1024\" height=\"651\" src=\"http:\/\/europa2velos.com\/wp-content\/uploads\/2020\/11\/IMG_20201118_160704-1024x651.jpg\" alt=\"\" class=\"wp-image-1414\" srcset=\"https:\/\/europa2velos.com\/wp-content\/uploads\/2020\/11\/IMG_20201118_160704-1024x651.jpg 1024w, https:\/\/europa2velos.com\/wp-content\/uploads\/2020\/11\/IMG_20201118_160704-300x191.jpg 300w, https:\/\/europa2velos.com\/wp-content\/uploads\/2020\/11\/IMG_20201118_160704-768x488.jpg 768w, https:\/\/europa2velos.com\/wp-content\/uploads\/2020\/11\/IMG_20201118_160704-1536x976.jpg 1536w, https:\/\/europa2velos.com\/wp-content\/uploads\/2020\/11\/IMG_20201118_160704-2048x1302.jpg 2048w\" sizes=\"(max-width: 1024px) 100vw, 1024px\" \/><\/figure>\n\n\n\n<figure class=\"wp-block-image size-large\"><img loading=\"lazy\" width=\"1024\" height=\"576\" src=\"http:\/\/europa2velos.com\/wp-content\/uploads\/2020\/11\/2020-11-19-A-1024x576.png\" alt=\"\" class=\"wp-image-1408\" srcset=\"https:\/\/europa2velos.com\/wp-content\/uploads\/2020\/11\/2020-11-19-A-1024x576.png 1024w, https:\/\/europa2velos.com\/wp-content\/uploads\/2020\/11\/2020-11-19-A-300x169.png 300w, https:\/\/europa2velos.com\/wp-content\/uploads\/2020\/11\/2020-11-19-A-768x432.png 768w, https:\/\/europa2velos.com\/wp-content\/uploads\/2020\/11\/2020-11-19-A-1536x864.png 1536w, https:\/\/europa2velos.com\/wp-content\/uploads\/2020\/11\/2020-11-19-A-1104x621.png 1104w, https:\/\/europa2velos.com\/wp-content\/uploads\/2020\/11\/2020-11-19-A-366x205.png 366w, https:\/\/europa2velos.com\/wp-content\/uploads\/2020\/11\/2020-11-19-A-534x300.png 534w, https:\/\/europa2velos.com\/wp-content\/uploads\/2020\/11\/2020-11-19-A-165x92.png 165w, https:\/\/europa2velos.com\/wp-content\/uploads\/2020\/11\/2020-11-19-A-249x140.png 249w, https:\/\/europa2velos.com\/wp-content\/uploads\/2020\/11\/2020-11-19-A-232x130.png 232w, https:\/\/europa2velos.com\/wp-content\/uploads\/2020\/11\/2020-11-19-A-344x193.png 344w, https:\/\/europa2velos.com\/wp-content\/uploads\/2020\/11\/2020-11-19-A.png 1920w\" sizes=\"(max-width: 1024px) 100vw, 1024px\" \/><\/figure>\n\n\n\n<p>Jeudi 19 novembre : autoroute assez p\u00e9nible jusqu&#8217;\u00e0 Kaunas, o\u00f9 nous arrivons de nuit, chez une femme m\u00e9decin qui nous loge en Couchsurfing.<\/p>\n\n\n\n<figure class=\"wp-block-image size-large\"><img loading=\"lazy\" width=\"1024\" height=\"464\" src=\"http:\/\/europa2velos.com\/wp-content\/uploads\/2020\/11\/IMG_20201119_164303-1024x464.jpg\" alt=\"\" class=\"wp-image-1415\" srcset=\"https:\/\/europa2velos.com\/wp-content\/uploads\/2020\/11\/IMG_20201119_164303-1024x464.jpg 1024w, https:\/\/europa2velos.com\/wp-content\/uploads\/2020\/11\/IMG_20201119_164303-300x136.jpg 300w, https:\/\/europa2velos.com\/wp-content\/uploads\/2020\/11\/IMG_20201119_164303-768x348.jpg 768w, https:\/\/europa2velos.com\/wp-content\/uploads\/2020\/11\/IMG_20201119_164303-1536x696.jpg 1536w, https:\/\/europa2velos.com\/wp-content\/uploads\/2020\/11\/IMG_20201119_164303-2048x929.jpg 2048w\" sizes=\"(max-width: 1024px) 100vw, 1024px\" \/><\/figure>\n\n\n\n<figure class=\"wp-block-image size-large\"><img loading=\"lazy\" width=\"1024\" height=\"896\" src=\"http:\/\/europa2velos.com\/wp-content\/uploads\/2020\/11\/IMG_20201119_171548-1024x896.jpg\" alt=\"\" class=\"wp-image-1416\" srcset=\"https:\/\/europa2velos.com\/wp-content\/uploads\/2020\/11\/IMG_20201119_171548-1024x896.jpg 1024w, https:\/\/europa2velos.com\/wp-content\/uploads\/2020\/11\/IMG_20201119_171548-300x262.jpg 300w, https:\/\/europa2velos.com\/wp-content\/uploads\/2020\/11\/IMG_20201119_171548-768x672.jpg 768w, https:\/\/europa2velos.com\/wp-content\/uploads\/2020\/11\/IMG_20201119_171548-1536x1343.jpg 1536w, https:\/\/europa2velos.com\/wp-content\/uploads\/2020\/11\/IMG_20201119_171548-2048x1791.jpg 2048w\" sizes=\"(max-width: 1024px) 100vw, 1024px\" \/><\/figure>\n\n\n\n<figure class=\"wp-block-image size-large\"><img loading=\"lazy\" width=\"1024\" height=\"576\" src=\"http:\/\/europa2velos.com\/wp-content\/uploads\/2020\/11\/2020-11-20-1024x576.png\" alt=\"\" class=\"wp-image-1409\" srcset=\"https:\/\/europa2velos.com\/wp-content\/uploads\/2020\/11\/2020-11-20-1024x576.png 1024w, https:\/\/europa2velos.com\/wp-content\/uploads\/2020\/11\/2020-11-20-300x169.png 300w, https:\/\/europa2velos.com\/wp-content\/uploads\/2020\/11\/2020-11-20-768x432.png 768w, https:\/\/europa2velos.com\/wp-content\/uploads\/2020\/11\/2020-11-20-1536x864.png 1536w, https:\/\/europa2velos.com\/wp-content\/uploads\/2020\/11\/2020-11-20-1104x621.png 1104w, https:\/\/europa2velos.com\/wp-content\/uploads\/2020\/11\/2020-11-20-366x205.png 366w, https:\/\/europa2velos.com\/wp-content\/uploads\/2020\/11\/2020-11-20-534x300.png 534w, https:\/\/europa2velos.com\/wp-content\/uploads\/2020\/11\/2020-11-20-165x92.png 165w, https:\/\/europa2velos.com\/wp-content\/uploads\/2020\/11\/2020-11-20-249x140.png 249w, https:\/\/europa2velos.com\/wp-content\/uploads\/2020\/11\/2020-11-20-232x130.png 232w, https:\/\/europa2velos.com\/wp-content\/uploads\/2020\/11\/2020-11-20-344x193.png 344w, https:\/\/europa2velos.com\/wp-content\/uploads\/2020\/11\/2020-11-20.png 1920w\" sizes=\"(max-width: 1024px) 100vw, 1024px\" \/><\/figure>\n\n\n\n<p>Vendredi 20 novembre : Journ\u00e9e \u00e0 Kaunas, qui a \u00e9t\u00e9 capitale de la Lituanie dans les ann\u00e9es 20 et qui a un beau centre historique.<\/p>\n\n\n\n<figure class=\"wp-block-image size-large\"><img loading=\"lazy\" width=\"1024\" height=\"605\" src=\"http:\/\/europa2velos.com\/wp-content\/uploads\/2020\/11\/IMG_20201120_131725-1024x605.jpg\" alt=\"\" class=\"wp-image-1417\" srcset=\"https:\/\/europa2velos.com\/wp-content\/uploads\/2020\/11\/IMG_20201120_131725-1024x605.jpg 1024w, https:\/\/europa2velos.com\/wp-content\/uploads\/2020\/11\/IMG_20201120_131725-300x177.jpg 300w, https:\/\/europa2velos.com\/wp-content\/uploads\/2020\/11\/IMG_20201120_131725-768x454.jpg 768w, https:\/\/europa2velos.com\/wp-content\/uploads\/2020\/11\/IMG_20201120_131725-1536x907.jpg 1536w, https:\/\/europa2velos.com\/wp-content\/uploads\/2020\/11\/IMG_20201120_131725-2048x1210.jpg 2048w\" sizes=\"(max-width: 1024px) 100vw, 1024px\" \/><\/figure>\n\n\n\n<figure class=\"wp-block-image size-large\"><img loading=\"lazy\" width=\"1024\" height=\"944\" src=\"http:\/\/europa2velos.com\/wp-content\/uploads\/2020\/11\/IMG_20201120_144328-1024x944.jpg\" alt=\"\" class=\"wp-image-1418\" srcset=\"https:\/\/europa2velos.com\/wp-content\/uploads\/2020\/11\/IMG_20201120_144328-1024x944.jpg 1024w, https:\/\/europa2velos.com\/wp-content\/uploads\/2020\/11\/IMG_20201120_144328-300x277.jpg 300w, https:\/\/europa2velos.com\/wp-content\/uploads\/2020\/11\/IMG_20201120_144328-768x708.jpg 768w, https:\/\/europa2velos.com\/wp-content\/uploads\/2020\/11\/IMG_20201120_144328-1536x1416.jpg 1536w, https:\/\/europa2velos.com\/wp-content\/uploads\/2020\/11\/IMG_20201120_144328-2048x1888.jpg 2048w\" sizes=\"(max-width: 1024px) 100vw, 1024px\" \/><\/figure>\n\n\n\n<figure class=\"wp-block-image size-large\"><img loading=\"lazy\" width=\"1024\" height=\"588\" src=\"http:\/\/europa2velos.com\/wp-content\/uploads\/2020\/11\/IMG_20201120_144407-1024x588.jpg\" alt=\"\" class=\"wp-image-1419\" srcset=\"https:\/\/europa2velos.com\/wp-content\/uploads\/2020\/11\/IMG_20201120_144407-1024x588.jpg 1024w, https:\/\/europa2velos.com\/wp-content\/uploads\/2020\/11\/IMG_20201120_144407-300x172.jpg 300w, https:\/\/europa2velos.com\/wp-content\/uploads\/2020\/11\/IMG_20201120_144407-768x441.jpg 768w, https:\/\/europa2velos.com\/wp-content\/uploads\/2020\/11\/IMG_20201120_144407-1536x881.jpg 1536w, https:\/\/europa2velos.com\/wp-content\/uploads\/2020\/11\/IMG_20201120_144407-2048x1175.jpg 2048w\" sizes=\"(max-width: 1024px) 100vw, 1024px\" \/><\/figure>\n\n\n\n<figure class=\"wp-block-image size-large\"><img loading=\"lazy\" width=\"1024\" height=\"679\" src=\"http:\/\/europa2velos.com\/wp-content\/uploads\/2020\/11\/IMG_20201120_144414-1024x679.jpg\" alt=\"\" class=\"wp-image-1420\" srcset=\"https:\/\/europa2velos.com\/wp-content\/uploads\/2020\/11\/IMG_20201120_144414-1024x679.jpg 1024w, https:\/\/europa2velos.com\/wp-content\/uploads\/2020\/11\/IMG_20201120_144414-300x199.jpg 300w, https:\/\/europa2velos.com\/wp-content\/uploads\/2020\/11\/IMG_20201120_144414-768x509.jpg 768w, https:\/\/europa2velos.com\/wp-content\/uploads\/2020\/11\/IMG_20201120_144414-1536x1018.jpg 1536w, https:\/\/europa2velos.com\/wp-content\/uploads\/2020\/11\/IMG_20201120_144414-2048x1357.jpg 2048w, https:\/\/europa2velos.com\/wp-content\/uploads\/2020\/11\/IMG_20201120_144414-76x50.jpg 76w, https:\/\/europa2velos.com\/wp-content\/uploads\/2020\/11\/IMG_20201120_144414-123x82.jpg 123w, https:\/\/europa2velos.com\/wp-content\/uploads\/2020\/11\/IMG_20201120_144414-83x55.jpg 83w, https:\/\/europa2velos.com\/wp-content\/uploads\/2020\/11\/IMG_20201120_144414-125x83.jpg 125w\" sizes=\"(max-width: 1024px) 100vw, 1024px\" \/><\/figure>\n\n\n\n<figure class=\"wp-block-image size-large\"><img loading=\"lazy\" width=\"1024\" height=\"485\" src=\"http:\/\/europa2velos.com\/wp-content\/uploads\/2020\/11\/IMG_20201120_144430_1-1024x485.jpg\" alt=\"\" class=\"wp-image-1421\" srcset=\"https:\/\/europa2velos.com\/wp-content\/uploads\/2020\/11\/IMG_20201120_144430_1-1024x485.jpg 1024w, https:\/\/europa2velos.com\/wp-content\/uploads\/2020\/11\/IMG_20201120_144430_1-300x142.jpg 300w, https:\/\/europa2velos.com\/wp-content\/uploads\/2020\/11\/IMG_20201120_144430_1-768x364.jpg 768w, https:\/\/europa2velos.com\/wp-content\/uploads\/2020\/11\/IMG_20201120_144430_1-1536x727.jpg 1536w, https:\/\/europa2velos.com\/wp-content\/uploads\/2020\/11\/IMG_20201120_144430_1-2048x970.jpg 2048w\" sizes=\"(max-width: 1024px) 100vw, 1024px\" \/><\/figure>\n\n\n\n<figure class=\"wp-block-image size-large\"><img loading=\"lazy\" width=\"1024\" height=\"481\" src=\"http:\/\/europa2velos.com\/wp-content\/uploads\/2020\/11\/IMG_20201120_145245-1024x481.jpg\" alt=\"\" class=\"wp-image-1422\" srcset=\"https:\/\/europa2velos.com\/wp-content\/uploads\/2020\/11\/IMG_20201120_145245-1024x481.jpg 1024w, https:\/\/europa2velos.com\/wp-content\/uploads\/2020\/11\/IMG_20201120_145245-300x141.jpg 300w, https:\/\/europa2velos.com\/wp-content\/uploads\/2020\/11\/IMG_20201120_145245-768x361.jpg 768w, https:\/\/europa2velos.com\/wp-content\/uploads\/2020\/11\/IMG_20201120_145245-1536x722.jpg 1536w, https:\/\/europa2velos.com\/wp-content\/uploads\/2020\/11\/IMG_20201120_145245-2048x963.jpg 2048w\" sizes=\"(max-width: 1024px) 100vw, 1024px\" \/><\/figure>\n\n\n\n<figure class=\"wp-block-image size-large\"><img loading=\"lazy\" width=\"1024\" height=\"592\" src=\"http:\/\/europa2velos.com\/wp-content\/uploads\/2020\/11\/IMG_20201120_145726-1024x592.jpg\" alt=\"\" class=\"wp-image-1423\" srcset=\"https:\/\/europa2velos.com\/wp-content\/uploads\/2020\/11\/IMG_20201120_145726-1024x592.jpg 1024w, https:\/\/europa2velos.com\/wp-content\/uploads\/2020\/11\/IMG_20201120_145726-300x173.jpg 300w, https:\/\/europa2velos.com\/wp-content\/uploads\/2020\/11\/IMG_20201120_145726-768x444.jpg 768w, https:\/\/europa2velos.com\/wp-content\/uploads\/2020\/11\/IMG_20201120_145726-1536x888.jpg 1536w, https:\/\/europa2velos.com\/wp-content\/uploads\/2020\/11\/IMG_20201120_145726-2048x1184.jpg 2048w\" sizes=\"(max-width: 1024px) 100vw, 1024px\" \/><\/figure>\n\n\n\n<figure class=\"wp-block-image size-large\"><img loading=\"lazy\" width=\"1024\" height=\"503\" src=\"http:\/\/europa2velos.com\/wp-content\/uploads\/2020\/11\/IMG_20201120_151315-1024x503.jpg\" alt=\"\" class=\"wp-image-1424\" srcset=\"https:\/\/europa2velos.com\/wp-content\/uploads\/2020\/11\/IMG_20201120_151315-1024x503.jpg 1024w, https:\/\/europa2velos.com\/wp-content\/uploads\/2020\/11\/IMG_20201120_151315-300x147.jpg 300w, https:\/\/europa2velos.com\/wp-content\/uploads\/2020\/11\/IMG_20201120_151315-768x378.jpg 768w, https:\/\/europa2velos.com\/wp-content\/uploads\/2020\/11\/IMG_20201120_151315-1536x755.jpg 1536w, https:\/\/europa2velos.com\/wp-content\/uploads\/2020\/11\/IMG_20201120_151315-2048x1007.jpg 2048w\" sizes=\"(max-width: 1024px) 100vw, 1024px\" \/><\/figure>\n\n\n\n<figure class=\"wp-block-image size-large\"><img loading=\"lazy\" width=\"1024\" height=\"994\" src=\"http:\/\/europa2velos.com\/wp-content\/uploads\/2020\/11\/IMG_20201120_153553-1024x994.jpg\" alt=\"\" class=\"wp-image-1425\" srcset=\"https:\/\/europa2velos.com\/wp-content\/uploads\/2020\/11\/IMG_20201120_153553-1024x994.jpg 1024w, https:\/\/europa2velos.com\/wp-content\/uploads\/2020\/11\/IMG_20201120_153553-300x291.jpg 300w, https:\/\/europa2velos.com\/wp-content\/uploads\/2020\/11\/IMG_20201120_153553-768x746.jpg 768w, https:\/\/europa2velos.com\/wp-content\/uploads\/2020\/11\/IMG_20201120_153553-1536x1492.jpg 1536w, https:\/\/europa2velos.com\/wp-content\/uploads\/2020\/11\/IMG_20201120_153553-2048x1989.jpg 2048w\" sizes=\"(max-width: 1024px) 100vw, 1024px\" \/><\/figure>\n\n\n\n<figure class=\"wp-block-image size-large\"><img loading=\"lazy\" width=\"1024\" height=\"628\" src=\"http:\/\/europa2velos.com\/wp-content\/uploads\/2020\/11\/IMG_20201120_154502-1024x628.jpg\" alt=\"\" class=\"wp-image-1426\" srcset=\"https:\/\/europa2velos.com\/wp-content\/uploads\/2020\/11\/IMG_20201120_154502-1024x628.jpg 1024w, https:\/\/europa2velos.com\/wp-content\/uploads\/2020\/11\/IMG_20201120_154502-300x184.jpg 300w, https:\/\/europa2velos.com\/wp-content\/uploads\/2020\/11\/IMG_20201120_154502-768x471.jpg 768w, https:\/\/europa2velos.com\/wp-content\/uploads\/2020\/11\/IMG_20201120_154502-1536x943.jpg 1536w, https:\/\/europa2velos.com\/wp-content\/uploads\/2020\/11\/IMG_20201120_154502-2048x1257.jpg 2048w\" sizes=\"(max-width: 1024px) 100vw, 1024px\" \/><\/figure>\n\n\n\n<figure class=\"wp-block-image size-large\"><img loading=\"lazy\" width=\"1024\" height=\"482\" src=\"http:\/\/europa2velos.com\/wp-content\/uploads\/2020\/11\/IMG_20201120_161435-1024x482.jpg\" alt=\"\" class=\"wp-image-1427\" srcset=\"https:\/\/europa2velos.com\/wp-content\/uploads\/2020\/11\/IMG_20201120_161435-1024x482.jpg 1024w, https:\/\/europa2velos.com\/wp-content\/uploads\/2020\/11\/IMG_20201120_161435-300x141.jpg 300w, https:\/\/europa2velos.com\/wp-content\/uploads\/2020\/11\/IMG_20201120_161435-768x362.jpg 768w, https:\/\/europa2velos.com\/wp-content\/uploads\/2020\/11\/IMG_20201120_161435-1536x724.jpg 1536w, https:\/\/europa2velos.com\/wp-content\/uploads\/2020\/11\/IMG_20201120_161435-2048x965.jpg 2048w\" sizes=\"(max-width: 1024px) 100vw, 1024px\" \/><\/figure>\n\n\n\n<figure class=\"wp-block-image size-large\"><img loading=\"lazy\" width=\"1024\" height=\"576\" src=\"http:\/\/europa2velos.com\/wp-content\/uploads\/2020\/11\/2020-11-21-A-1024x576.png\" alt=\"\" class=\"wp-image-1410\" srcset=\"https:\/\/europa2velos.com\/wp-content\/uploads\/2020\/11\/2020-11-21-A-1024x576.png 1024w, https:\/\/europa2velos.com\/wp-content\/uploads\/2020\/11\/2020-11-21-A-300x169.png 300w, https:\/\/europa2velos.com\/wp-content\/uploads\/2020\/11\/2020-11-21-A-768x432.png 768w, https:\/\/europa2velos.com\/wp-content\/uploads\/2020\/11\/2020-11-21-A-1536x864.png 1536w, https:\/\/europa2velos.com\/wp-content\/uploads\/2020\/11\/2020-11-21-A-1104x621.png 1104w, https:\/\/europa2velos.com\/wp-content\/uploads\/2020\/11\/2020-11-21-A-366x205.png 366w, https:\/\/europa2velos.com\/wp-content\/uploads\/2020\/11\/2020-11-21-A-534x300.png 534w, https:\/\/europa2velos.com\/wp-content\/uploads\/2020\/11\/2020-11-21-A-165x92.png 165w, https:\/\/europa2velos.com\/wp-content\/uploads\/2020\/11\/2020-11-21-A-249x140.png 249w, https:\/\/europa2velos.com\/wp-content\/uploads\/2020\/11\/2020-11-21-A-232x130.png 232w, https:\/\/europa2velos.com\/wp-content\/uploads\/2020\/11\/2020-11-21-A-344x193.png 344w, https:\/\/europa2velos.com\/wp-content\/uploads\/2020\/11\/2020-11-21-A.png 1920w\" sizes=\"(max-width: 1024px) 100vw, 1024px\" \/><\/figure>\n\n\n\n<p>Samedi 21 novembre : Plein sud vers la Pologne !<\/p>\n\n\n\n<figure class=\"wp-block-image size-large\"><img loading=\"lazy\" width=\"1024\" height=\"512\" src=\"http:\/\/europa2velos.com\/wp-content\/uploads\/2020\/11\/IMG_20201121_100737-1024x512.jpg\" alt=\"\" class=\"wp-image-1428\" srcset=\"https:\/\/europa2velos.com\/wp-content\/uploads\/2020\/11\/IMG_20201121_100737-1024x512.jpg 1024w, https:\/\/europa2velos.com\/wp-content\/uploads\/2020\/11\/IMG_20201121_100737-300x150.jpg 300w, https:\/\/europa2velos.com\/wp-content\/uploads\/2020\/11\/IMG_20201121_100737-768x384.jpg 768w, https:\/\/europa2velos.com\/wp-content\/uploads\/2020\/11\/IMG_20201121_100737-1536x769.jpg 1536w, https:\/\/europa2velos.com\/wp-content\/uploads\/2020\/11\/IMG_20201121_100737-2048x1025.jpg 2048w\" sizes=\"(max-width: 1024px) 100vw, 1024px\" \/><figcaption><em>Le givre du matin<\/em>&#8230;<\/figcaption><\/figure>\n\n\n\n<figure class=\"wp-block-image size-large\"><img loading=\"lazy\" width=\"1024\" height=\"485\" src=\"http:\/\/europa2velos.com\/wp-content\/uploads\/2020\/11\/IMG_20201121_101705-1024x485.jpg\" alt=\"\" class=\"wp-image-1429\" srcset=\"https:\/\/europa2velos.com\/wp-content\/uploads\/2020\/11\/IMG_20201121_101705-1024x485.jpg 1024w, https:\/\/europa2velos.com\/wp-content\/uploads\/2020\/11\/IMG_20201121_101705-300x142.jpg 300w, https:\/\/europa2velos.com\/wp-content\/uploads\/2020\/11\/IMG_20201121_101705-768x364.jpg 768w, https:\/\/europa2velos.com\/wp-content\/uploads\/2020\/11\/IMG_20201121_101705-1536x728.jpg 1536w, https:\/\/europa2velos.com\/wp-content\/uploads\/2020\/11\/IMG_20201121_101705-2048x971.jpg 2048w\" sizes=\"(max-width: 1024px) 100vw, 1024px\" \/><\/figure>\n\n\n\n<figure class=\"wp-block-image size-large\"><img loading=\"lazy\" width=\"1024\" height=\"576\" src=\"http:\/\/europa2velos.com\/wp-content\/uploads\/2020\/11\/2020-11-22-A-1024x576.png\" alt=\"\" class=\"wp-image-1411\" srcset=\"https:\/\/europa2velos.com\/wp-content\/uploads\/2020\/11\/2020-11-22-A-1024x576.png 1024w, https:\/\/europa2velos.com\/wp-content\/uploads\/2020\/11\/2020-11-22-A-300x169.png 300w, https:\/\/europa2velos.com\/wp-content\/uploads\/2020\/11\/2020-11-22-A-768x432.png 768w, https:\/\/europa2velos.com\/wp-content\/uploads\/2020\/11\/2020-11-22-A-1536x864.png 1536w, https:\/\/europa2velos.com\/wp-content\/uploads\/2020\/11\/2020-11-22-A-1104x621.png 1104w, https:\/\/europa2velos.com\/wp-content\/uploads\/2020\/11\/2020-11-22-A-366x205.png 366w, https:\/\/europa2velos.com\/wp-content\/uploads\/2020\/11\/2020-11-22-A-534x300.png 534w, https:\/\/europa2velos.com\/wp-content\/uploads\/2020\/11\/2020-11-22-A-165x92.png 165w, https:\/\/europa2velos.com\/wp-content\/uploads\/2020\/11\/2020-11-22-A-249x140.png 249w, https:\/\/europa2velos.com\/wp-content\/uploads\/2020\/11\/2020-11-22-A-232x130.png 232w, https:\/\/europa2velos.com\/wp-content\/uploads\/2020\/11\/2020-11-22-A-344x193.png 344w, https:\/\/europa2velos.com\/wp-content\/uploads\/2020\/11\/2020-11-22-A.png 1920w\" sizes=\"(max-width: 1024px) 100vw, 1024px\" \/><\/figure>\n\n\n\n<p>Dimanche 22 novembre : nous allons vers l&#8217;Ouest jusqu&#8217;\u00e0 la fronti\u00e8re polonaise.<\/p>\n\n\n\n<figure class=\"wp-block-image size-large\"><img loading=\"lazy\" width=\"1024\" height=\"564\" src=\"http:\/\/europa2velos.com\/wp-content\/uploads\/2020\/11\/2020-11-22-1024x564.jpg\" alt=\"\" class=\"wp-image-1430\" srcset=\"https:\/\/europa2velos.com\/wp-content\/uploads\/2020\/11\/2020-11-22-1024x564.jpg 1024w, https:\/\/europa2velos.com\/wp-content\/uploads\/2020\/11\/2020-11-22-300x165.jpg 300w, https:\/\/europa2velos.com\/wp-content\/uploads\/2020\/11\/2020-11-22-768x423.jpg 768w, https:\/\/europa2velos.com\/wp-content\/uploads\/2020\/11\/2020-11-22-1536x846.jpg 1536w, https:\/\/europa2velos.com\/wp-content\/uploads\/2020\/11\/2020-11-22-165x92.jpg 165w, https:\/\/europa2velos.com\/wp-content\/uploads\/2020\/11\/2020-11-22.jpg 1587w\" sizes=\"(max-width: 1024px) 100vw, 1024px\" \/><\/figure>\n\n\n\n<figure class=\"wp-block-image size-large\"><img loading=\"lazy\" width=\"1024\" height=\"576\" src=\"http:\/\/europa2velos.com\/wp-content\/uploads\/2020\/11\/2020-11-23-A-1024x576.png\" alt=\"\" class=\"wp-image-1412\" srcset=\"https:\/\/europa2velos.com\/wp-content\/uploads\/2020\/11\/2020-11-23-A-1024x576.png 1024w, https:\/\/europa2velos.com\/wp-content\/uploads\/2020\/11\/2020-11-23-A-300x169.png 300w, https:\/\/europa2velos.com\/wp-content\/uploads\/2020\/11\/2020-11-23-A-768x432.png 768w, https:\/\/europa2velos.com\/wp-content\/uploads\/2020\/11\/2020-11-23-A-1536x864.png 1536w, https:\/\/europa2velos.com\/wp-content\/uploads\/2020\/11\/2020-11-23-A-1104x621.png 1104w, https:\/\/europa2velos.com\/wp-content\/uploads\/2020\/11\/2020-11-23-A-366x205.png 366w, https:\/\/europa2velos.com\/wp-content\/uploads\/2020\/11\/2020-11-23-A-534x300.png 534w, https:\/\/europa2velos.com\/wp-content\/uploads\/2020\/11\/2020-11-23-A-165x92.png 165w, https:\/\/europa2velos.com\/wp-content\/uploads\/2020\/11\/2020-11-23-A-249x140.png 249w, https:\/\/europa2velos.com\/wp-content\/uploads\/2020\/11\/2020-11-23-A-232x130.png 232w, https:\/\/europa2velos.com\/wp-content\/uploads\/2020\/11\/2020-11-23-A-344x193.png 344w, https:\/\/europa2velos.com\/wp-content\/uploads\/2020\/11\/2020-11-23-A.png 1920w\" sizes=\"(max-width: 1024px) 100vw, 1024px\" \/><\/figure>\n\n\n\n<p>Lundi 23 novembre : 150 km pour franchir la fronti\u00e8re polonaise et arriver, assez fatigu\u00e9s, bien apr\u00e8s le coucher du soleil, pour un Couchsurfing \u00e0 Bialystok.<\/p>\n\n\n\n<figure class=\"wp-block-image size-large\"><img loading=\"lazy\" width=\"1024\" height=\"495\" src=\"http:\/\/europa2velos.com\/wp-content\/uploads\/2020\/11\/2020-11-23-1024x495.jpg\" alt=\"\" class=\"wp-image-1431\" srcset=\"https:\/\/europa2velos.com\/wp-content\/uploads\/2020\/11\/2020-11-23-1024x495.jpg 1024w, https:\/\/europa2velos.com\/wp-content\/uploads\/2020\/11\/2020-11-23-300x145.jpg 300w, https:\/\/europa2velos.com\/wp-content\/uploads\/2020\/11\/2020-11-23-768x371.jpg 768w, https:\/\/europa2velos.com\/wp-content\/uploads\/2020\/11\/2020-11-23.jpg 1080w\" sizes=\"(max-width: 1024px) 100vw, 1024px\" \/><\/figure>\n\n\n\n<figure class=\"wp-block-image size-large\"><img loading=\"lazy\" width=\"1024\" height=\"576\" src=\"http:\/\/europa2velos.com\/wp-content\/uploads\/2020\/11\/2020-11-24-A-1024x576.png\" alt=\"\" class=\"wp-image-1413\" srcset=\"https:\/\/europa2velos.com\/wp-content\/uploads\/2020\/11\/2020-11-24-A-1024x576.png 1024w, https:\/\/europa2velos.com\/wp-content\/uploads\/2020\/11\/2020-11-24-A-300x169.png 300w, https:\/\/europa2velos.com\/wp-content\/uploads\/2020\/11\/2020-11-24-A-768x432.png 768w, https:\/\/europa2velos.com\/wp-content\/uploads\/2020\/11\/2020-11-24-A-1536x864.png 1536w, https:\/\/europa2velos.com\/wp-content\/uploads\/2020\/11\/2020-11-24-A-1104x621.png 1104w, https:\/\/europa2velos.com\/wp-content\/uploads\/2020\/11\/2020-11-24-A-366x205.png 366w, https:\/\/europa2velos.com\/wp-content\/uploads\/2020\/11\/2020-11-24-A-534x300.png 534w, https:\/\/europa2velos.com\/wp-content\/uploads\/2020\/11\/2020-11-24-A-165x92.png 165w, https:\/\/europa2velos.com\/wp-content\/uploads\/2020\/11\/2020-11-24-A-249x140.png 249w, https:\/\/europa2velos.com\/wp-content\/uploads\/2020\/11\/2020-11-24-A-232x130.png 232w, https:\/\/europa2velos.com\/wp-content\/uploads\/2020\/11\/2020-11-24-A-344x193.png 344w, https:\/\/europa2velos.com\/wp-content\/uploads\/2020\/11\/2020-11-24-A.png 1920w\" sizes=\"(max-width: 1024px) 100vw, 1024px\" \/><\/figure>\n\n\n\n<p>Mardi 24 novembre : nous quittons cette famille sympathique, en direction de Varsovie, \u00e0 travers la campagne polonaise et ses noms de villes ou de villages impronon\u00e7ables.<\/p>\n\n\n\n<figure class=\"wp-block-image size-large\"><img loading=\"lazy\" width=\"1024\" height=\"601\" src=\"http:\/\/europa2velos.com\/wp-content\/uploads\/2020\/11\/2020-11-24-1024x601.jpg\" alt=\"\" class=\"wp-image-1434\" srcset=\"https:\/\/europa2velos.com\/wp-content\/uploads\/2020\/11\/2020-11-24-1024x601.jpg 1024w, https:\/\/europa2velos.com\/wp-content\/uploads\/2020\/11\/2020-11-24-300x176.jpg 300w, https:\/\/europa2velos.com\/wp-content\/uploads\/2020\/11\/2020-11-24-768x451.jpg 768w, https:\/\/europa2velos.com\/wp-content\/uploads\/2020\/11\/2020-11-24-1536x902.jpg 1536w, https:\/\/europa2velos.com\/wp-content\/uploads\/2020\/11\/2020-11-24-2048x1203.jpg 2048w\" sizes=\"(max-width: 1024px) 100vw, 1024px\" \/><\/figure>\n\n\n\n<figure class=\"wp-block-image size-large\"><img loading=\"lazy\" width=\"1024\" height=\"560\" src=\"http:\/\/europa2velos.com\/wp-content\/uploads\/2020\/11\/IMG_20201124_150535-1024x560.jpg\" alt=\"\" class=\"wp-image-1432\" srcset=\"https:\/\/europa2velos.com\/wp-content\/uploads\/2020\/11\/IMG_20201124_150535-1024x560.jpg 1024w, https:\/\/europa2velos.com\/wp-content\/uploads\/2020\/11\/IMG_20201124_150535-300x164.jpg 300w, https:\/\/europa2velos.com\/wp-content\/uploads\/2020\/11\/IMG_20201124_150535-768x420.jpg 768w, https:\/\/europa2velos.com\/wp-content\/uploads\/2020\/11\/IMG_20201124_150535-1536x840.jpg 1536w, https:\/\/europa2velos.com\/wp-content\/uploads\/2020\/11\/IMG_20201124_150535-2048x1120.jpg 2048w\" sizes=\"(max-width: 1024px) 100vw, 1024px\" \/><\/figure>\n\n\n\n<figure class=\"wp-block-image size-large\"><img loading=\"lazy\" width=\"1024\" height=\"413\" src=\"http:\/\/europa2velos.com\/wp-content\/uploads\/2020\/11\/IMG_20201124_152925-1024x413.jpg\" alt=\"\" class=\"wp-image-1433\" srcset=\"https:\/\/europa2velos.com\/wp-content\/uploads\/2020\/11\/IMG_20201124_152925-1024x413.jpg 1024w, https:\/\/europa2velos.com\/wp-content\/uploads\/2020\/11\/IMG_20201124_152925-300x121.jpg 300w, https:\/\/europa2velos.com\/wp-content\/uploads\/2020\/11\/IMG_20201124_152925-768x309.jpg 768w, https:\/\/europa2velos.com\/wp-content\/uploads\/2020\/11\/IMG_20201124_152925-1536x619.jpg 1536w, https:\/\/europa2velos.com\/wp-content\/uploads\/2020\/11\/IMG_20201124_152925-2048x825.jpg 2048w\" sizes=\"(max-width: 1024px) 100vw, 1024px\" \/><\/figure>\n","protected":false},"excerpt":{"rendered":"<p>du 18 au 24 novembre : de Vilnius \u00e0 la Pologne<\/p>\n","protected":false},"author":1,"featured_media":1440,"comment_status":"open","ping_status":"open","sticky":false,"template":"","format":"standard","meta":[],"categories":[7],"tags":[],"yoast_head":"<!-- This site is optimized with the Yoast SEO plugin v14.0.4 - https:\/\/yoast.com\/wordpress\/plugins\/seo\/ -->\n<title>Parcours : semaine 18 - Europa2velos<\/title>\n<meta name=\"description\" content=\"18\u00e8me semaine du tour d&#039;Europe \u00e0 v\u00e9lo de deux ados sur le th\u00e8me de la transition \u00e9cologique et de la citoyennet\u00e9 europ\u00e9enne : Lituanie - Pologne\" \/>\n<meta name=\"robots\" content=\"index, follow\" \/>\n<meta name=\"googlebot\" content=\"index, follow, max-snippet:-1, max-image-preview:large, max-video-preview:-1\" \/>\n<meta name=\"bingbot\" content=\"index, follow, max-snippet:-1, max-image-preview:large, max-video-preview:-1\" \/>\n<link rel=\"canonical\" href=\"http:\/\/europa2velos.com\/index.php\/2020\/11\/25\/parcours-semaine-18\/\" \/>\n<meta property=\"og:locale\" content=\"fr_FR\" \/>\n<meta property=\"og:type\" content=\"article\" \/>\n<meta property=\"og:title\" content=\"Parcours : semaine 18 - Europa2velos\" \/>\n<meta property=\"og:description\" content=\"18\u00e8me semaine du tour d&#039;Europe \u00e0 v\u00e9lo de deux ados sur le th\u00e8me de la transition \u00e9cologique et de la citoyennet\u00e9 europ\u00e9enne : Lituanie - Pologne\" \/>\n<meta property=\"og:url\" content=\"http:\/\/europa2velos.com\/index.php\/2020\/11\/25\/parcours-semaine-18\/\" \/>\n<meta property=\"og:site_name\" content=\"Europa2velos\" \/>\n<meta property=\"article:published_time\" content=\"2020-11-25T20:58:40+00:00\" \/>\n<meta property=\"article:modified_time\" content=\"2021-09-13T10:19:01+00:00\" \/>\n<meta property=\"og:image\" content=\"http:\/\/europa2velos.com\/wp-content\/uploads\/2020\/11\/0-2020-11-18-a\u0300-24-1-3-1024x576.png\" \/>\n\t<meta property=\"og:image:width\" content=\"1024\" \/>\n\t<meta property=\"og:image:height\" content=\"576\" \/>\n<meta name=\"twitter:card\" content=\"summary_large_image\" \/>\n<script type=\"application\/ld+json\" class=\"yoast-schema-graph\">{\"@context\":\"https:\/\/schema.org\",\"@graph\":[{\"@type\":\"WebSite\",\"@id\":\"https:\/\/europa2velos.com\/#website\",\"url\":\"https:\/\/europa2velos.com\/\",\"name\":\"Europa2velos\",\"description\":\"Le tour d&#039;Europe \\u00e0 v\\u00e9lo de deux ados\",\"potentialAction\":[{\"@type\":\"SearchAction\",\"target\":\"https:\/\/europa2velos.com\/?s={search_term_string}\",\"query-input\":\"required name=search_term_string\"}],\"inLanguage\":\"fr-FR\"},{\"@type\":\"ImageObject\",\"@id\":\"http:\/\/europa2velos.com\/index.php\/2020\/11\/25\/parcours-semaine-18\/#primaryimage\",\"inLanguage\":\"fr-FR\",\"url\":\"https:\/\/europa2velos.com\/wp-content\/uploads\/2020\/11\/0-2020-11-18-a\\u0300-24-1-3.png\",\"width\":3840,\"height\":2160},{\"@type\":\"WebPage\",\"@id\":\"http:\/\/europa2velos.com\/index.php\/2020\/11\/25\/parcours-semaine-18\/#webpage\",\"url\":\"http:\/\/europa2velos.com\/index.php\/2020\/11\/25\/parcours-semaine-18\/\",\"name\":\"Parcours : semaine 18 - Europa2velos\",\"isPartOf\":{\"@id\":\"https:\/\/europa2velos.com\/#website\"},\"primaryImageOfPage\":{\"@id\":\"http:\/\/europa2velos.com\/index.php\/2020\/11\/25\/parcours-semaine-18\/#primaryimage\"},\"datePublished\":\"2020-11-25T20:58:40+00:00\",\"dateModified\":\"2021-09-13T10:19:01+00:00\",\"author\":{\"@id\":\"https:\/\/europa2velos.com\/#\/schema\/person\/d5f282be03e5aec06ad6591da1af0324\"},\"description\":\"18\\u00e8me semaine du tour d'Europe \\u00e0 v\\u00e9lo de deux ados sur le th\\u00e8me de la transition \\u00e9cologique et de la citoyennet\\u00e9 europ\\u00e9enne : Lituanie - Pologne\",\"inLanguage\":\"fr-FR\",\"potentialAction\":[{\"@type\":\"ReadAction\",\"target\":[\"http:\/\/europa2velos.com\/index.php\/2020\/11\/25\/parcours-semaine-18\/\"]}]},{\"@type\":[\"Person\"],\"@id\":\"https:\/\/europa2velos.com\/#\/schema\/person\/d5f282be03e5aec06ad6591da1af0324\",\"name\":\"Europa2v\\u00e9los\",\"image\":{\"@type\":\"ImageObject\",\"@id\":\"https:\/\/europa2velos.com\/#personlogo\",\"inLanguage\":\"fr-FR\",\"url\":\"https:\/\/secure.gravatar.com\/avatar\/7e55f9fc671b5244d75c5978bf0e7c51?s=96&d=mm&r=g\",\"caption\":\"Europa2v\\u00e9los\"}}]}<\/script>\n<!-- \/ Yoast SEO plugin. -->","_links":{"self":[{"href":"https:\/\/europa2velos.com\/index.php\/wp-json\/wp\/v2\/posts\/1402"}],"collection":[{"href":"https:\/\/europa2velos.com\/index.php\/wp-json\/wp\/v2\/posts"}],"about":[{"href":"https:\/\/europa2velos.com\/index.php\/wp-json\/wp\/v2\/types\/post"}],"author":[{"embeddable":true,"href":"https:\/\/europa2velos.com\/index.php\/wp-json\/wp\/v2\/users\/1"}],"replies":[{"embeddable":true,"href":"https:\/\/europa2velos.com\/index.php\/wp-json\/wp\/v2\/comments?post=1402"}],"version-history":[{"count":6,"href":"https:\/\/europa2velos.com\/index.php\/wp-json\/wp\/v2\/posts\/1402\/revisions"}],"predecessor-version":[{"id":3867,"href":"https:\/\/europa2velos.com\/index.php\/wp-json\/wp\/v2\/posts\/1402\/revisions\/3867"}],"wp:featuredmedia":[{"embeddable":true,"href":"https:\/\/europa2velos.com\/index.php\/wp-json\/wp\/v2\/media\/1440"}],"wp:attachment":[{"href":"https:\/\/europa2velos.com\/index.php\/wp-json\/wp\/v2\/media?parent=1402"}],"wp:term":[{"taxonomy":"category","embeddable":true,"href":"https:\/\/europa2velos.com\/index.php\/wp-json\/wp\/v2\/categories?post=1402"},{"taxonomy":"post_tag","embeddable":true,"href":"https:\/\/europa2velos.com\/index.php\/wp-json\/wp\/v2\/tags?post=1402"}],"curies":[{"name":"wp","href":"https:\/\/api.w.org\/{rel}","templated":true}]}}