{"id":1271,"date":"2020-11-06T09:17:19","date_gmt":"2020-11-06T08:17:19","guid":{"rendered":"http:\/\/europa2velos.com\/?p=1271"},"modified":"2020-12-12T07:38:48","modified_gmt":"2020-12-12T06:38:48","slug":"soleil-boreal","status":"publish","type":"post","link":"https:\/\/europa2velos.com\/index.php\/2020\/11\/06\/soleil-boreal\/","title":{"rendered":"Soleil bor\u00e9al"},"content":{"rendered":"\n<figure class=\"wp-block-embed-youtube wp-block-embed is-type-video is-provider-youtube wp-embed-aspect-16-9 wp-has-aspect-ratio\"><div class=\"wp-block-embed__wrapper\">\n<iframe title=\"Soleil bore\u0301al\" width=\"1104\" height=\"621\" src=\"https:\/\/www.youtube.com\/embed\/iUYH8f4D-rE?feature=oembed\" frameborder=\"0\" allow=\"accelerometer; autoplay; clipboard-write; encrypted-media; gyroscope; picture-in-picture\" allowfullscreen><\/iframe>\n<\/div><\/figure>\n\n\n\n<p>Deux journ\u00e9es de grand soleil. La route qui fait le tour des fjords et allonge tellement les trajets \u00e0 vol d\u2019oiseau est assez plate au bord de l\u2019eau, mais nous devons passer plusieurs cols. Toujours en direction d\u2019Alta, entre Oksfjordhamn et Sorstraumen, c\u2019est un paysage de haute montagne qui nous attend, bien que nous ne d\u00e9passions pas les 400 m\u00e8tres d\u2019altitude. La vue plonge sur un fjord d\u2019un bleu intense, ses \u00eeles, les montagnes de l\u2019autre c\u00f4t\u00e9 avec un grand glacier \u00e0 l\u2019horizon. Plus de 80km ce dimanche, avec ce col \u00e0 franchir\u2026 mais un site superbe \u00e0 l\u2019arriv\u00e9e et, dans un ciel toujours sans nuage, de nouvelles aurores bor\u00e9ales. <\/p>\n","protected":false},"excerpt":{"rendered":"<p>26-27 septembre 2020 : Mer et montagne&#8230;<\/p>\n","protected":false},"author":1,"featured_media":1275,"comment_status":"open","ping_status":"open","sticky":false,"template":"","format":"standard","meta":[],"categories":[6],"tags":[],"yoast_head":"<!-- This site is optimized with the Yoast SEO plugin v14.0.4 - https:\/\/yoast.com\/wordpress\/plugins\/seo\/ -->\n<title>Soleil bor\u00e9al - Europa2velos<\/title>\n<meta name=\"description\" content=\"Fjords du Nord de la Norv\u00e8ge, suite du tour d&#039;Europe \u00e0 v\u00e9lo de deux ados sur le th\u00e8me de la transition \u00e9cologique et de la citoyennet\u00e9 europ\u00e9enne.\" \/>\n<meta name=\"robots\" content=\"index, follow\" \/>\n<meta name=\"googlebot\" content=\"index, follow, max-snippet:-1, max-image-preview:large, max-video-preview:-1\" \/>\n<meta name=\"bingbot\" content=\"index, follow, max-snippet:-1, max-image-preview:large, max-video-preview:-1\" \/>\n<link rel=\"canonical\" href=\"http:\/\/europa2velos.com\/index.php\/2020\/11\/06\/soleil-boreal\/\" \/>\n<meta property=\"og:locale\" content=\"fr_FR\" \/>\n<meta property=\"og:type\" content=\"article\" \/>\n<meta property=\"og:title\" content=\"Soleil bor\u00e9al - Europa2velos\" \/>\n<meta property=\"og:description\" content=\"Fjords du Nord de la Norv\u00e8ge, suite du tour d&#039;Europe \u00e0 v\u00e9lo de deux ados sur le th\u00e8me de la transition \u00e9cologique et de la citoyennet\u00e9 europ\u00e9enne.\" \/>\n<meta property=\"og:url\" content=\"http:\/\/europa2velos.com\/index.php\/2020\/11\/06\/soleil-boreal\/\" \/>\n<meta property=\"og:site_name\" content=\"Europa2velos\" \/>\n<meta property=\"article:published_time\" content=\"2020-11-06T08:17:19+00:00\" \/>\n<meta property=\"article:modified_time\" content=\"2020-12-12T06:38:48+00:00\" \/>\n<meta property=\"og:image\" content=\"http:\/\/europa2velos.com\/wp-content\/uploads\/2020\/11\/2020-09-26-a\u0300-27-Soleil-bore\u0301al.jpg\" \/>\n\t<meta property=\"og:image:width\" content=\"1260\" \/>\n\t<meta property=\"og:image:height\" content=\"707\" \/>\n<meta name=\"twitter:card\" content=\"summary_large_image\" \/>\n<script type=\"application\/ld+json\" class=\"yoast-schema-graph\">{\"@context\":\"https:\/\/schema.org\",\"@graph\":[{\"@type\":\"WebSite\",\"@id\":\"https:\/\/europa2velos.com\/#website\",\"url\":\"https:\/\/europa2velos.com\/\",\"name\":\"Europa2velos\",\"description\":\"Le tour d&#039;Europe \\u00e0 v\\u00e9lo de deux ados\",\"potentialAction\":[{\"@type\":\"SearchAction\",\"target\":\"https:\/\/europa2velos.com\/?s={search_term_string}\",\"query-input\":\"required name=search_term_string\"}],\"inLanguage\":\"fr-FR\"},{\"@type\":\"ImageObject\",\"@id\":\"http:\/\/europa2velos.com\/index.php\/2020\/11\/06\/soleil-boreal\/#primaryimage\",\"inLanguage\":\"fr-FR\",\"url\":\"https:\/\/europa2velos.com\/wp-content\/uploads\/2020\/11\/2020-09-26-a\\u0300-27-Soleil-bore\\u0301al.jpg\",\"width\":1260,\"height\":707},{\"@type\":\"WebPage\",\"@id\":\"http:\/\/europa2velos.com\/index.php\/2020\/11\/06\/soleil-boreal\/#webpage\",\"url\":\"http:\/\/europa2velos.com\/index.php\/2020\/11\/06\/soleil-boreal\/\",\"name\":\"Soleil bor\\u00e9al - Europa2velos\",\"isPartOf\":{\"@id\":\"https:\/\/europa2velos.com\/#website\"},\"primaryImageOfPage\":{\"@id\":\"http:\/\/europa2velos.com\/index.php\/2020\/11\/06\/soleil-boreal\/#primaryimage\"},\"datePublished\":\"2020-11-06T08:17:19+00:00\",\"dateModified\":\"2020-12-12T06:38:48+00:00\",\"author\":{\"@id\":\"https:\/\/europa2velos.com\/#\/schema\/person\/d5f282be03e5aec06ad6591da1af0324\"},\"description\":\"Fjords du Nord de la Norv\\u00e8ge, suite du tour d'Europe \\u00e0 v\\u00e9lo de deux ados sur le th\\u00e8me de la transition \\u00e9cologique et de la citoyennet\\u00e9 europ\\u00e9enne.\",\"inLanguage\":\"fr-FR\",\"potentialAction\":[{\"@type\":\"ReadAction\",\"target\":[\"http:\/\/europa2velos.com\/index.php\/2020\/11\/06\/soleil-boreal\/\"]}]},{\"@type\":[\"Person\"],\"@id\":\"https:\/\/europa2velos.com\/#\/schema\/person\/d5f282be03e5aec06ad6591da1af0324\",\"name\":\"Europa2v\\u00e9los\",\"image\":{\"@type\":\"ImageObject\",\"@id\":\"https:\/\/europa2velos.com\/#personlogo\",\"inLanguage\":\"fr-FR\",\"url\":\"https:\/\/secure.gravatar.com\/avatar\/7e55f9fc671b5244d75c5978bf0e7c51?s=96&d=mm&r=g\",\"caption\":\"Europa2v\\u00e9los\"}}]}<\/script>\n<!-- \/ Yoast SEO plugin. -->","_links":{"self":[{"href":"https:\/\/europa2velos.com\/index.php\/wp-json\/wp\/v2\/posts\/1271"}],"collection":[{"href":"https:\/\/europa2velos.com\/index.php\/wp-json\/wp\/v2\/posts"}],"about":[{"href":"https:\/\/europa2velos.com\/index.php\/wp-json\/wp\/v2\/types\/post"}],"author":[{"embeddable":true,"href":"https:\/\/europa2velos.com\/index.php\/wp-json\/wp\/v2\/users\/1"}],"replies":[{"embeddable":true,"href":"https:\/\/europa2velos.com\/index.php\/wp-json\/wp\/v2\/comments?post=1271"}],"version-history":[{"count":2,"href":"https:\/\/europa2velos.com\/index.php\/wp-json\/wp\/v2\/posts\/1271\/revisions"}],"predecessor-version":[{"id":1590,"href":"https:\/\/europa2velos.com\/index.php\/wp-json\/wp\/v2\/posts\/1271\/revisions\/1590"}],"wp:featuredmedia":[{"embeddable":true,"href":"https:\/\/europa2velos.com\/index.php\/wp-json\/wp\/v2\/media\/1275"}],"wp:attachment":[{"href":"https:\/\/europa2velos.com\/index.php\/wp-json\/wp\/v2\/media?parent=1271"}],"wp:term":[{"taxonomy":"category","embeddable":true,"href":"https:\/\/europa2velos.com\/index.php\/wp-json\/wp\/v2\/categories?post=1271"},{"taxonomy":"post_tag","embeddable":true,"href":"https:\/\/europa2velos.com\/index.php\/wp-json\/wp\/v2\/tags?post=1271"}],"curies":[{"name":"wp","href":"https:\/\/api.w.org\/{rel}","templated":true}]}}