{"id":1227,"date":"2020-10-30T12:48:39","date_gmt":"2020-10-30T11:48:39","guid":{"rendered":"http:\/\/europa2velos.com\/?p=1227"},"modified":"2020-11-06T09:26:54","modified_gmt":"2020-11-06T08:26:54","slug":"clair-obscur-au-dessus-du-fjord","status":"publish","type":"post","link":"https:\/\/europa2velos.com\/index.php\/2020\/10\/30\/clair-obscur-au-dessus-du-fjord\/","title":{"rendered":"Clair-obscur au-dessus du fjord"},"content":{"rendered":"\n<figure class=\"wp-block-embed-youtube wp-block-embed is-type-video is-provider-youtube wp-embed-aspect-16-9 wp-has-aspect-ratio\"><div class=\"wp-block-embed__wrapper\">\n<iframe title=\"Clair-obscur au-dessus du fjord\" width=\"1104\" height=\"621\" src=\"https:\/\/www.youtube.com\/embed\/QetJY5eVIxM?feature=oembed\" frameborder=\"0\" allow=\"accelerometer; autoplay; clipboard-write; encrypted-media; gyroscope; picture-in-picture\" allowfullscreen><\/iframe>\n<\/div><\/figure>\n\n\n\n<p>Nous posons la tente sur une plateforme rocheuse au-dessus d\u2019un grand fjord entour\u00e9 de sommets enneig\u00e9s. Le cadre est assez idyllique, mais il fait frais. Elio travaille un de ses raps en anglais pendant que Justin monte la tente. Premiers essais apr\u00e8s le d\u00eener. Une petite pluie fine \u00e9voque le crachotement des vieux enregistrements sur disques.<\/p>\n","protected":false},"excerpt":{"rendered":"<p>25-26 septembre 2020 : Le rap, \u00e7a se travaille&#8230;<\/p>\n","protected":false},"author":1,"featured_media":1230,"comment_status":"open","ping_status":"open","sticky":false,"template":"","format":"standard","meta":[],"categories":[6],"tags":[],"yoast_head":"<!-- This site is optimized with the Yoast SEO plugin v14.0.4 - https:\/\/yoast.com\/wordpress\/plugins\/seo\/ -->\n<title>Clair-obscur au-dessus du fjord - Europa2velos<\/title>\n<meta name=\"description\" content=\"Fjords du Nord de la Norv\u00e8ge, suite du tour d&#039;Europe \u00e0 v\u00e9lo de deux ados sur le th\u00e8me de la transition \u00e9cologique et de la citoyennet\u00e9 europ\u00e9enne.\" \/>\n<meta name=\"robots\" content=\"index, follow\" \/>\n<meta name=\"googlebot\" content=\"index, follow, max-snippet:-1, max-image-preview:large, max-video-preview:-1\" \/>\n<meta name=\"bingbot\" content=\"index, follow, max-snippet:-1, max-image-preview:large, max-video-preview:-1\" \/>\n<link rel=\"canonical\" href=\"http:\/\/europa2velos.com\/index.php\/2020\/10\/30\/clair-obscur-au-dessus-du-fjord\/\" \/>\n<meta property=\"og:locale\" content=\"fr_FR\" \/>\n<meta property=\"og:type\" content=\"article\" \/>\n<meta property=\"og:title\" content=\"Clair-obscur au-dessus du fjord - Europa2velos\" \/>\n<meta property=\"og:description\" content=\"Fjords du Nord de la Norv\u00e8ge, suite du tour d&#039;Europe \u00e0 v\u00e9lo de deux ados sur le th\u00e8me de la transition \u00e9cologique et de la citoyennet\u00e9 europ\u00e9enne.\" \/>\n<meta property=\"og:url\" content=\"http:\/\/europa2velos.com\/index.php\/2020\/10\/30\/clair-obscur-au-dessus-du-fjord\/\" \/>\n<meta property=\"og:site_name\" content=\"Europa2velos\" \/>\n<meta property=\"article:published_time\" content=\"2020-10-30T11:48:39+00:00\" \/>\n<meta property=\"article:modified_time\" content=\"2020-11-06T08:26:54+00:00\" \/>\n<meta property=\"og:image\" content=\"http:\/\/europa2velos.com\/wp-content\/uploads\/2020\/10\/clair-obscur-au-dessus-du-fjord.jpg\" \/>\n\t<meta property=\"og:image:width\" content=\"1280\" \/>\n\t<meta property=\"og:image:height\" content=\"720\" \/>\n<meta name=\"twitter:card\" content=\"summary_large_image\" \/>\n<script type=\"application\/ld+json\" class=\"yoast-schema-graph\">{\"@context\":\"https:\/\/schema.org\",\"@graph\":[{\"@type\":\"WebSite\",\"@id\":\"https:\/\/europa2velos.com\/#website\",\"url\":\"https:\/\/europa2velos.com\/\",\"name\":\"Europa2velos\",\"description\":\"Le tour d&#039;Europe \\u00e0 v\\u00e9lo de deux ados\",\"potentialAction\":[{\"@type\":\"SearchAction\",\"target\":\"https:\/\/europa2velos.com\/?s={search_term_string}\",\"query-input\":\"required name=search_term_string\"}],\"inLanguage\":\"fr-FR\"},{\"@type\":\"ImageObject\",\"@id\":\"http:\/\/europa2velos.com\/index.php\/2020\/10\/30\/clair-obscur-au-dessus-du-fjord\/#primaryimage\",\"inLanguage\":\"fr-FR\",\"url\":\"https:\/\/europa2velos.com\/wp-content\/uploads\/2020\/10\/clair-obscur-au-dessus-du-fjord.jpg\",\"width\":1280,\"height\":720},{\"@type\":\"WebPage\",\"@id\":\"http:\/\/europa2velos.com\/index.php\/2020\/10\/30\/clair-obscur-au-dessus-du-fjord\/#webpage\",\"url\":\"http:\/\/europa2velos.com\/index.php\/2020\/10\/30\/clair-obscur-au-dessus-du-fjord\/\",\"name\":\"Clair-obscur au-dessus du fjord - Europa2velos\",\"isPartOf\":{\"@id\":\"https:\/\/europa2velos.com\/#website\"},\"primaryImageOfPage\":{\"@id\":\"http:\/\/europa2velos.com\/index.php\/2020\/10\/30\/clair-obscur-au-dessus-du-fjord\/#primaryimage\"},\"datePublished\":\"2020-10-30T11:48:39+00:00\",\"dateModified\":\"2020-11-06T08:26:54+00:00\",\"author\":{\"@id\":\"https:\/\/europa2velos.com\/#\/schema\/person\/d5f282be03e5aec06ad6591da1af0324\"},\"description\":\"Fjords du Nord de la Norv\\u00e8ge, suite du tour d'Europe \\u00e0 v\\u00e9lo de deux ados sur le th\\u00e8me de la transition \\u00e9cologique et de la citoyennet\\u00e9 europ\\u00e9enne.\",\"inLanguage\":\"fr-FR\",\"potentialAction\":[{\"@type\":\"ReadAction\",\"target\":[\"http:\/\/europa2velos.com\/index.php\/2020\/10\/30\/clair-obscur-au-dessus-du-fjord\/\"]}]},{\"@type\":[\"Person\"],\"@id\":\"https:\/\/europa2velos.com\/#\/schema\/person\/d5f282be03e5aec06ad6591da1af0324\",\"name\":\"Europa2v\\u00e9los\",\"image\":{\"@type\":\"ImageObject\",\"@id\":\"https:\/\/europa2velos.com\/#personlogo\",\"inLanguage\":\"fr-FR\",\"url\":\"https:\/\/secure.gravatar.com\/avatar\/7e55f9fc671b5244d75c5978bf0e7c51?s=96&d=mm&r=g\",\"caption\":\"Europa2v\\u00e9los\"}}]}<\/script>\n<!-- \/ Yoast SEO plugin. -->","_links":{"self":[{"href":"https:\/\/europa2velos.com\/index.php\/wp-json\/wp\/v2\/posts\/1227"}],"collection":[{"href":"https:\/\/europa2velos.com\/index.php\/wp-json\/wp\/v2\/posts"}],"about":[{"href":"https:\/\/europa2velos.com\/index.php\/wp-json\/wp\/v2\/types\/post"}],"author":[{"embeddable":true,"href":"https:\/\/europa2velos.com\/index.php\/wp-json\/wp\/v2\/users\/1"}],"replies":[{"embeddable":true,"href":"https:\/\/europa2velos.com\/index.php\/wp-json\/wp\/v2\/comments?post=1227"}],"version-history":[{"count":1,"href":"https:\/\/europa2velos.com\/index.php\/wp-json\/wp\/v2\/posts\/1227\/revisions"}],"predecessor-version":[{"id":1229,"href":"https:\/\/europa2velos.com\/index.php\/wp-json\/wp\/v2\/posts\/1227\/revisions\/1229"}],"wp:featuredmedia":[{"embeddable":true,"href":"https:\/\/europa2velos.com\/index.php\/wp-json\/wp\/v2\/media\/1230"}],"wp:attachment":[{"href":"https:\/\/europa2velos.com\/index.php\/wp-json\/wp\/v2\/media?parent=1227"}],"wp:term":[{"taxonomy":"category","embeddable":true,"href":"https:\/\/europa2velos.com\/index.php\/wp-json\/wp\/v2\/categories?post=1227"},{"taxonomy":"post_tag","embeddable":true,"href":"https:\/\/europa2velos.com\/index.php\/wp-json\/wp\/v2\/tags?post=1227"}],"curies":[{"name":"wp","href":"https:\/\/api.w.org\/{rel}","templated":true}]}}